{"id":579320,"date":"2025-12-05T07:07:14","date_gmt":"2025-12-05T07:07:14","guid":{"rendered":"https:\/\/www.europesays.com\/fr\/579320\/"},"modified":"2025-12-05T07:07:14","modified_gmt":"2025-12-05T07:07:14","slug":"lons-le-saunier-a-57-ans-elle-est-sacree-championne-de-france-de-cyclo-cross","status":"publish","type":"post","link":"https:\/\/www.europesays.com\/fr\/579320\/","title":{"rendered":"Lons-le-Saunier. \u00c0 57 ans, elle est sacr\u00e9e championne de France de cyclo-cross"},"content":{"rendered":"<p>\u00c0 57 ans, Isabelle Fachinetti est devenue ce dimanche 30\u00a0novembre \u00e0 Auxerre, championne de France de cyclo-cross Master 5, cat\u00e9gorie d\u2019\u00e2ge 55\/59 ans. Apr\u00e8s deux tentatives infructueuses, Quintigny 2017 o\u00f9 elle terminait sur la seconde marche du podium, Isabelle Fachinetti retentait sa chance sur le parcours de l\u2019\u00eele d\u2019Ol\u00e9ron en 2024, une nouvelle fois seconde la pensionnaire du S.C. Arinthod \u00e9tait bien d\u00e9cid\u00e9e \u00e0 conjurer le signe indien.<\/p>\n<p>Sur un parcours exigeant, franchissements de planches, escaliers, terrain d\u00e9tremp\u00e9, cette fois-ci elle s\u2019est impos\u00e9e laissant sa principale adversaire \u00e0 plus d\u2019une minute. Sportive accomplie depuis ses plus jeunes ann\u00e9es, Isabelle peaufine sa pr\u00e9paration au sein du Lons Athl\u00e9 39, c\u2019est d\u2019ailleurs sous les couleurs du club \u00e9ponyme qu\u2019elle brilla r\u00e9cemment en s\u2019imposant sur le r\u00e9cent <a href=\"https:\/\/www.leprogres.fr\/sport\/2025\/11\/23\/cross-de-montciel-chapelotte-imperiale-fieux-retrouve-sa-couronne\" target=\"_blank\" rel=\"noopener\">cross Groupama de Montciel<\/a> en cat\u00e9gorie Master 4.<\/p>\n<p>Une vie de sportive rythm\u00e9e entre son poste d\u2019assistante du syst\u00e8me d\u2019information g\u00e9ographique au sein du Conseil d\u00e9partemental, ses diff\u00e9rentes fonctions de secr\u00e9taire du guidon Bletteranois, de vice-pr\u00e9sidente du Lons Athl\u00e9 39, la r\u00e9cente championne de France pratique \u00e9galement la danse au L\u00e9dodanse.<\/p>\n<p>  Sept cyclo-cross en moins de deux mois<\/p>\n<p>Un emploi du temps calcul\u00e9 autour des sorties v\u00e9lo, 5\u00a0000 kilom\u00e8tres par an, 800 en course \u00e0 pied, maman de deux gar\u00e7ons, entre le 12\u00a0octobre et le 30\u00a0novembre, Isabelle Fachinetti a particip\u00e9 \u00e0 sept cyclo-cross, courses o\u00f9 elle croise et encourage son fils Marco, lui aussi amoureux de la petite reine. Pour Isabelle Fachinetti\u00a0: \u00ab\u00a0Le cyclo-cross et le cross sont deux disciplines proches, la pratique du cross dans des conditions souvent difficiles m\u2019a bien aid\u00e9 sur <a href=\"https:\/\/www.leprogres.fr\/sport\/2025\/11\/30\/guillet-se-part-de-bronze-petit-proche-du-podium\" target=\"_blank\" rel=\"noopener\">le parcours d\u2019Auxerre<\/a> o\u00f9 il a souvent fallu porter le v\u00e9lo pour les franchissements et \u00e9viter les chutes dans certains virages.\u00a0\u00bb Quant \u00e0 la question de savoir si Isabelle remettra son titre en jeu\u00a0: \u00ab\u00a0Difficile de r\u00e9pondre, pour l\u2019instant je savoure ma victoire, c\u2019est une pratique sportive qui demande beaucoup de sacrifices.\u00a0\u00bb<\/p>\n","protected":false},"excerpt":{"rendered":"\u00c0 57 ans, Isabelle Fachinetti est devenue ce dimanche 30\u00a0novembre \u00e0 Auxerre, championne de France de cyclo-cross Master&hellip;\n","protected":false},"author":2,"featured_media":579321,"comment_status":"","ping_status":"","sticky":false,"template":"","format":"standard","meta":{"footnotes":""},"categories":[1411],"tags":[1154,207,2274,1011,27,3352,7874,517,60],"class_list":{"0":"post-579320","1":"post","2":"type-post","3":"status-publish","4":"format-standard","5":"has-post-thumbnail","7":"category-cyclisme","8":"tag-cycling","9":"tag-cyclisme","10":"tag-edition-jura-sud","11":"tag-fr","12":"tag-france","13":"tag-lons-le-saunier","14":"tag-lons-le-saunier-ville","15":"tag-sport","16":"tag-sports"},"share_on_mastodon":{"url":"https:\/\/pubeurope.com\/@fr\/115665701742662527","error":""},"_links":{"self":[{"href":"https:\/\/www.europesays.com\/fr\/wp-json\/wp\/v2\/posts\/579320","targetHints":{"allow":["GET"]}}],"collection":[{"href":"https:\/\/www.europesays.com\/fr\/wp-json\/wp\/v2\/posts"}],"about":[{"href":"https:\/\/www.europesays.com\/fr\/wp-json\/wp\/v2\/types\/post"}],"author":[{"embeddable":true,"href":"https:\/\/www.europesays.com\/fr\/wp-json\/wp\/v2\/users\/2"}],"replies":[{"embeddable":true,"href":"https:\/\/www.europesays.com\/fr\/wp-json\/wp\/v2\/comments?post=579320"}],"version-history":[{"count":0,"href":"https:\/\/www.europesays.com\/fr\/wp-json\/wp\/v2\/posts\/579320\/revisions"}],"wp:featuredmedia":[{"embeddable":true,"href":"https:\/\/www.europesays.com\/fr\/wp-json\/wp\/v2\/media\/579321"}],"wp:attachment":[{"href":"https:\/\/www.europesays.com\/fr\/wp-json\/wp\/v2\/media?parent=579320"}],"wp:term":[{"taxonomy":"category","embeddable":true,"href":"https:\/\/www.europesays.com\/fr\/wp-json\/wp\/v2\/categories?post=579320"},{"taxonomy":"post_tag","embeddable":true,"href":"https:\/\/www.europesays.com\/fr\/wp-json\/wp\/v2\/tags?post=579320"}],"curies":[{"name":"wp","href":"https:\/\/api.w.org\/{rel}","templated":true}]}}