{"id":579322,"date":"2025-12-05T07:08:10","date_gmt":"2025-12-05T07:08:10","guid":{"rendered":"https:\/\/www.europesays.com\/fr\/579322\/"},"modified":"2025-12-05T07:08:10","modified_gmt":"2025-12-05T07:08:10","slug":"neymar-psg-lannonce-surrealiste-de-kylian-mbappe","status":"publish","type":"post","link":"https:\/\/www.europesays.com\/fr\/579322\/","title":{"rendered":"Neymar &#8211; PSG : L&rsquo;annonce surr\u00e9aliste de Kylian Mbapp\u00e9 !"},"content":{"rendered":"<p>                    Benjamin Labrousse<br \/>\n                        &#8211;<\/p>\n<p>R\u00e9dacteur<\/p>\n<p>Malgr\u00e9 un double cursus Espagnol\/Communication, j\u2019ai d\u00e9cid\u00e9 de prendre en main mes r\u00eaves en me dirigeant vers le journalisme. Dipl\u00f4m\u00e9 d\u2019un master en journalisme de sport, je couvre l\u2019actualit\u00e9 sportive et footballistique avec toujours autant d\u2019admiration pour les p\u00e9riode de mercato, o\u00f9 un club se doit de faire des choix cruciaux pour la saison prochaine.<\/p>\n<p class=\"heading\">Co\u00e9quipiers, amis, mais aussi rivaux et ennemis, Kylian Mbapp\u00e9 et Neymar auront tout v\u00e9cu ensemble au PSG. Arriv\u00e9s le m\u00eame \u00e9t\u00e9 au sein du club parisien, le Fran\u00e7ais et le Br\u00e9silien auront eu une relation tumultueuse. N\u00e9anmoins, cela n\u2019emp\u00eache pas le Bondynois d\u2019avoir \u00e9t\u00e9 subjugu\u00e9 par le talent du num\u00e9ro 10 \u00e0 son arriv\u00e9e \u00e0 Paris.<\/p>\n<p>Pendant de nombreuses ann\u00e9es, le <a href=\"https:\/\/le10sport.com\/football\/ligue1\/psg\/psg-dembele-deja-remplace-le-coup-de-gueule-de-pierre-menes-767200\" target=\"_blank\" rel=\"noopener\"><strong>PSG <\/strong><\/a>aura \u00e9t\u00e9 port\u00e9 par un duo de stars avec <strong>Kylian Mbapp\u00e9<\/strong> et <strong>Neymar<\/strong>. De 2017 \u00e0 2021 et l\u2019arriv\u00e9e de <strong>Lionel Messi<\/strong>, le club parisien a ainsi vu le Fran\u00e7ais et le Br\u00e9silien r\u00e9galer les supporters. Si parfois, la relation entre les deux hommes n\u2019a pas \u00e9t\u00e9 au beau fixe, <strong>Mbapp\u00e9 <\/strong>lui, a \u00e9t\u00e9 totalement fascin\u00e9 par l\u2019actuel joueur de <strong>Santos<\/strong>.<\/p>\n<p>                                            Mbapp\u00e9 hallucine avec Neymar<\/p>\n<p>Au sein de l\u2019\u00e9mission AlioTalk, le journaliste <strong>Dave Appadoo<\/strong> s\u2019est laiss\u00e9 aller \u00e0 une grosse r\u00e9v\u00e9lation. Tout juste arriv\u00e9 au <strong>PSG<\/strong>, <strong>Kylian Mbapp\u00e9<\/strong>, alors tr\u00e8s jeune, avait confi\u00e9 \u00e0 la r\u00e9daction de France Football avoir \u00e9t\u00e9 impressionn\u00e9 par le niveau de <strong>Neymar<\/strong>.<\/p>\n<p>                                            \u00ab\u00a0Je n\u2019ai jamais imagin\u00e9 qu\u2019on puisse \u00eatre aussi fort que \u00e7a\u00a0\u00bb<\/p>\n<p>\u00ab\u00a0Kylian Mbapp\u00e9, qui n\u2019est pas le joueur qui a la plus petite opinion de lui-m\u00eame, qui n\u2019\u00e9tait pas encore le Mbapp\u00e9 d\u2019aujourd\u2019hui, nous en avait parl\u00e9 en off \u00e0 France Football. Il nous avait dit \u2018Je n\u2019ai jamais vu un type aussi fort que Neymar. Je n\u2019ai jamais imagin\u00e9 qu\u2019on puisse \u00eatre aussi fort que \u00e7a. Il fait des trucs que je ne m\u2019imaginais pas possibles\u2019. Alors oui \u00e0 ce moment l\u00e0, Mbapp\u00e9 est jeune, il venait de d\u00e9barquer au PSG, mais quand m\u00eame\u00a0\u00bb, confie ainsi <strong>Dave Appadoo<\/strong>.<\/p>\n","protected":false},"excerpt":{"rendered":"Benjamin Labrousse &#8211; R\u00e9dacteur Malgr\u00e9 un double cursus Espagnol\/Communication, j\u2019ai d\u00e9cid\u00e9 de prendre en main mes r\u00eaves en&hellip;\n","protected":false},"author":2,"featured_media":579323,"comment_status":"","ping_status":"","sticky":false,"template":"","format":"standard","meta":{"footnotes":""},"categories":[1410],"tags":[63,1011,27,60],"class_list":{"0":"post-579322","1":"post","2":"type-post","3":"status-publish","4":"format-standard","5":"has-post-thumbnail","7":"category-football","8":"tag-football","9":"tag-fr","10":"tag-france","11":"tag-sports"},"share_on_mastodon":{"url":"https:\/\/pubeurope.com\/@fr\/115665705724504631","error":""},"_links":{"self":[{"href":"https:\/\/www.europesays.com\/fr\/wp-json\/wp\/v2\/posts\/579322","targetHints":{"allow":["GET"]}}],"collection":[{"href":"https:\/\/www.europesays.com\/fr\/wp-json\/wp\/v2\/posts"}],"about":[{"href":"https:\/\/www.europesays.com\/fr\/wp-json\/wp\/v2\/types\/post"}],"author":[{"embeddable":true,"href":"https:\/\/www.europesays.com\/fr\/wp-json\/wp\/v2\/users\/2"}],"replies":[{"embeddable":true,"href":"https:\/\/www.europesays.com\/fr\/wp-json\/wp\/v2\/comments?post=579322"}],"version-history":[{"count":0,"href":"https:\/\/www.europesays.com\/fr\/wp-json\/wp\/v2\/posts\/579322\/revisions"}],"wp:featuredmedia":[{"embeddable":true,"href":"https:\/\/www.europesays.com\/fr\/wp-json\/wp\/v2\/media\/579323"}],"wp:attachment":[{"href":"https:\/\/www.europesays.com\/fr\/wp-json\/wp\/v2\/media?parent=579322"}],"wp:term":[{"taxonomy":"category","embeddable":true,"href":"https:\/\/www.europesays.com\/fr\/wp-json\/wp\/v2\/categories?post=579322"},{"taxonomy":"post_tag","embeddable":true,"href":"https:\/\/www.europesays.com\/fr\/wp-json\/wp\/v2\/tags?post=579322"}],"curies":[{"name":"wp","href":"https:\/\/api.w.org\/{rel}","templated":true}]}}