{"id":579324,"date":"2025-12-05T07:09:22","date_gmt":"2025-12-05T07:09:22","guid":{"rendered":"https:\/\/www.europesays.com\/fr\/579324\/"},"modified":"2025-12-05T07:09:22","modified_gmt":"2025-12-05T07:09:22","slug":"cest-le-coup-de-massue-ludovica-tuzzoli-familles-nombreuses-convoquee-a-la-gendarmerie-apres-la-plainte-daurelie-lex-de-greogry","status":"publish","type":"post","link":"https:\/\/www.europesays.com\/fr\/579324\/","title":{"rendered":"\u201cC\u2019est le coup de massue\u201d: Ludovica Tuzzoli (Familles nombreuses) convoqu\u00e9e \u00e0 la gendarmerie apr\u00e8s la plainte d&rsquo;Aur\u00e9lie, l&rsquo;ex de Gr\u00e9ogry"},"content":{"rendered":"<p>Ludovica Tuzzoli (Familles nombreuses : la vie en XXL) est dans une situation d\u00e9licate. Son ancienne meilleure amie, Aur\u00e9lie, qui est aussi l&rsquo;ex de son mari Gr\u00e9gory, a port\u00e9 plainte contre elle. Elle devra prochainement se rendre \u00e0 la gendarmerie.<\/p>\n<p>Quand Ludovica Tuzzoli a d\u00e9barqu\u00e9 dans la saison 7 de Familles nombreuses : la vie en XXL, elle \u00e9tait fi\u00e8re de montrer \u00e0 quel point elle s&rsquo;entendait bien avec <a href=\"https:\/\/www.programme-tv.net\/news\/tele-realite\/339971-elle-fouine-mon-insta-ludovica-tuzzoli-familles-nombreuses-regle-ses-comptes-avec-aurelie-lex-de-son-mari-gregory\/\" data-api-deeplink=\"teleloisirs:\/\/news\/339971\" rel=\"nofollow noopener\" target=\"_blank\">Aur\u00e9lie, l&rsquo;ex de son mari Gr\u00e9gory.<\/a> Une jeune femme qui \u00e9tait \u00e9galement consid\u00e9r\u00e9e comme \u00e9tant sa meilleure amie. Mais peu de temps apr\u00e8s le d\u00e9but de la diffusion sur TF1, <a href=\"https:\/\/www.programme-tv.net\/news\/tele-realite\/333781-si-cetait-a-refaire-ludovica-tuzzoli-familles-nombreuses-evoque-ses-regrets-sur-sa-relation-avec-aurelie-lex-de-gregory\/\" data-api-deeplink=\"teleloisirs:\/\/news\/333781\" rel=\"nofollow noopener\" target=\"_blank\">la relation amicale entre les deux mamans a vol\u00e9 en \u00e9clats<\/a>. Des disputes qui ont \u00e9galement eu <a href=\"https:\/\/www.programme-tv.net\/news\/tele-realite\/348581-cela-demande-du-temps-ludovica-tuzzoli-familles-nombreuses-fait-une-mise-au-point-sur-une-eventuelle-co-habitation-avec-son-mari-gregory\/\" data-api-deeplink=\"teleloisirs:\/\/news\/348581\" rel=\"nofollow noopener\" target=\"_blank\">des cons\u00e9quences sur son couple<\/a>. Toutefois, Ludovica Tuzzoli n&rsquo;a jamais vraiment d\u00e9taill\u00e9 les raisons de ces fortes tensions. En septembre dernier, elle d\u00e9clarait : \u00ab\u00a0<b>Cette femme est un poison et pollue toujours notre vie<\/b>\u00ab\u00a0. Par la suite, l&rsquo;\u00e9pouse de Gr\u00e9gory indiquait que \u00ab\u00a0la justice [allait] \u00eatre engag\u00e9e\u00a0\u00bb.<\/p>\n<p>Sur Instagram ce jeudi 4 d\u00e9cembre, Ludovica Tuzzoli a annonc\u00e9 une nouvelle concernant cette affaire : \u00ab\u00a0Je suis convoqu\u00e9e \u00e0 la gendarmerie mardi \u00e0 cause de Madame Ex qui a fait un d\u00e9p\u00f4t de plainte contre moi pour diffamation\u00a0\u00bb. \u00ab\u00a0\u00c7a ne lui a pas plu que je balance sur les r\u00e9seaux ce qu&rsquo;elle nous fait vivre\u00a0\u00bb, pr\u00e9cise-t-elle. Elle estime vivre actuellement \u00ab\u00a0un cauchemar\u00a0\u00bb \u00e0 cause de son ex-meilleure amie avec qui elle forme une famille recompos\u00e9e : \u00ab\u00a0<b>Je n&rsquo;ai pas le moral, \u00e7a fait des mois, des ann\u00e9es, qu&rsquo;elle pollue ma vie. <\/b>Je n&rsquo;ai pas le droit de dire trop de choses (&#8230;) mais \u00e7a devient vraiment un vrai cauchemar de l&rsquo;avoir dans ma vie\u00a0\u00bb. La jeune dipl\u00f4m\u00e9e en coiffure esp\u00e8re donc \u00eatre \u00ab\u00a0entendue \u00e0 sa juste valeur\u00a0\u00bb lors de sa convocation \u00e0 la gendarmerie la semaine prochaine.<\/p>\n<p>                        <b>Ludovica et Gr\u00e9gory Tuzzoli (<\/b><b>Familles nombreuses<\/b><b>) : un couple mis \u00ab\u00a0<\/b><b>\u00e0 rude \u00e9preuve<\/b><b>\u00ab\u00a0<\/b><\/p>\n<p>Cette situation compliqu\u00e9e a des r\u00e9percussions sur son histoire avec Gr\u00e9gory : \u00ab\u00a0C&rsquo;est ce qui m\u00e8ne mon couple \u00e0 Greg et moi \u00e0 rude \u00e9preuve, le fait qu&rsquo;on se s\u00e9pare constamment\u00a0\u00bb. R\u00e9sultat, \u00ab\u00a0aujourd&rsquo;hui, \u00e7a ne va pas du tout\u00a0\u00bb, comme elle l&rsquo;indique. <b>\u00ab\u00a0<\/b><b>Je suis un peu saoul\u00e9e<\/b><b>\u00ab\u00a0<\/b>. Et pour la maman, cette plainte est <b>\u00ab\u00a0<\/b><b>le coup de massue<\/b><b>\u00a0\u00bb <\/b>: \u00ab\u00a0Je ne m&rsquo;inqui\u00e8te pas d&rsquo;aller chez les gendarmes, j&rsquo;ai les messages. J&rsquo;ai des preuves o\u00f9 elle affirme ce que j&rsquo;ai pu dire, mais je trouve que c&rsquo;est tellement sale.\u00a0\u00bb<\/p>\n","protected":false},"excerpt":{"rendered":"Ludovica Tuzzoli (Familles nombreuses : la vie en XXL) est dans une situation d\u00e9licate. Son ancienne meilleure amie,&hellip;\n","protected":false},"author":2,"featured_media":579325,"comment_status":"","ping_status":"","sticky":false,"template":"","format":"standard","meta":{"footnotes":""},"categories":[1359],"tags":[17756,244,28924,58,59,17755,17752,17754,17753,4980,1011,27,17757,973,199,3604],"class_list":{"0":"post-579324","1":"post","2":"type-post","3":"status-publish","4":"format-standard","5":"has-post-thumbnail","7":"category-people","8":"tag-amandine-pellissard","9":"tag-commentaire","10":"tag-dispute","11":"tag-divertissement","12":"tag-entertainment","13":"tag-famille-cordule","14":"tag-famille-gayat","15":"tag-famille-pellissard","16":"tag-famille-santoro","17":"tag-familles-nombreuses-la-vie-en-xxl","18":"tag-fr","19":"tag-france","20":"tag-justine-cordule","21":"tag-people","22":"tag-tf1","23":"tag-tu00e9lu00e9-ru00e9alitu00e9"},"share_on_mastodon":{"url":"https:\/\/pubeurope.com\/@fr\/115665709697211411","error":""},"_links":{"self":[{"href":"https:\/\/www.europesays.com\/fr\/wp-json\/wp\/v2\/posts\/579324","targetHints":{"allow":["GET"]}}],"collection":[{"href":"https:\/\/www.europesays.com\/fr\/wp-json\/wp\/v2\/posts"}],"about":[{"href":"https:\/\/www.europesays.com\/fr\/wp-json\/wp\/v2\/types\/post"}],"author":[{"embeddable":true,"href":"https:\/\/www.europesays.com\/fr\/wp-json\/wp\/v2\/users\/2"}],"replies":[{"embeddable":true,"href":"https:\/\/www.europesays.com\/fr\/wp-json\/wp\/v2\/comments?post=579324"}],"version-history":[{"count":0,"href":"https:\/\/www.europesays.com\/fr\/wp-json\/wp\/v2\/posts\/579324\/revisions"}],"wp:featuredmedia":[{"embeddable":true,"href":"https:\/\/www.europesays.com\/fr\/wp-json\/wp\/v2\/media\/579325"}],"wp:attachment":[{"href":"https:\/\/www.europesays.com\/fr\/wp-json\/wp\/v2\/media?parent=579324"}],"wp:term":[{"taxonomy":"category","embeddable":true,"href":"https:\/\/www.europesays.com\/fr\/wp-json\/wp\/v2\/categories?post=579324"},{"taxonomy":"post_tag","embeddable":true,"href":"https:\/\/www.europesays.com\/fr\/wp-json\/wp\/v2\/tags?post=579324"}],"curies":[{"name":"wp","href":"https:\/\/api.w.org\/{rel}","templated":true}]}}