{"id":579326,"date":"2025-12-05T07:10:31","date_gmt":"2025-12-05T07:10:31","guid":{"rendered":"https:\/\/www.europesays.com\/fr\/579326\/"},"modified":"2025-12-05T07:10:31","modified_gmt":"2025-12-05T07:10:31","slug":"concours-photo-exposition-dapres-nature-excursions-dans-les-vosges-a-la-medialudotheque","status":"publish","type":"post","link":"https:\/\/www.europesays.com\/fr\/579326\/","title":{"rendered":"Concours photo &#038; Exposition \u00ab\u202fD\u2019apr\u00e8s nature. Excursion(s) dans les Vosges\u202f\u00bb \u00e0 la m\u00e9dialudoth\u00e8que"},"content":{"rendered":"<p><strong><a href=\"https:\/\/vosgesinfo.fr\/app\/uploads\/sites\/6\/2025\/12\/c.1167.jpg\" data-slb-active=\"1\" data-slb-asset=\"1522443880\" data-slb-internal=\"0\" data-slb-group=\"slb\" target=\"_blank\" rel=\"noopener\"><img fetchpriority=\"high\" decoding=\"async\" class=\"aligncenter size-large wp-image-85351 lazyload\" alt=\"\" width=\"1024\" height=\"764\" src=\"https:\/\/www.europesays.com\/fr\/wp-content\/uploads\/2025\/12\/c.1167-1024x764.jpg\"  data- data-eio-rwidth=\"1024\" data-eio-rheight=\"764\"\/><\/a><\/strong><\/p>\n<p><strong>L\u2019ensemble des services culturels du d\u00e9partement (archives, mus\u00e9e, et m\u00e9diath\u00e8que) s\u2019associe afin de proposer \u00ab\u202fD\u2019apr\u00e8s nature. Excursion(s) dans les Vosges\u202f\u00bb, dans le cadre du bicentenaire de la Soci\u00e9t\u00e9 d\u2019\u00c9mulation des Vosges (soci\u00e9t\u00e9 savante r\u00e9unissant des \u00e9rudits du d\u00e9partement).<\/strong><\/p>\n<p>\u200bCette exposition itin\u00e9rante permet aux visiteurs de d\u00e9couvrir comment ont \u00e9t\u00e9 repr\u00e9sent\u00e9s, aux XIXe et XXe si\u00e8cles, des paysages naturels embl\u00e9matiques du territoire, \u00e0 partir des dessins et gravures conserv\u00e9s au MUDAAC d\u2019une part, et des photographies et cartes postales conserv\u00e9es aux Archives d\u00e9partementales d\u2019autre part.\u00a0Elle se d\u00e9voilera peu \u00e0 peu, au fil de sept \u00e9tapes sur le territoire, d\u2019octobre 2025 \u00e0 mai 2026, dans sept biblioth\u00e8ques du r\u00e9seau de la M\u00e9diath\u00e8que d\u00e9partementale.<\/p>\n<p>\u00c0 chacune de ces \u00e9tapes, les \u00e9quipes du mus\u00e9e et des archives viendront une journ\u00e9e enti\u00e8re pr\u00e9senter les \u0153uvres originales : \u00e0 vos agendas !<\/p>\n<p><strong>\u00a0<\/strong><\/p>\n<p><strong>M\u00e9diaLudoth\u00e8que Intercommunale du Tilleul<\/strong><\/p>\n<p><strong>\u00a0<\/strong><\/p>\n<p><strong><a href=\"https:\/\/vosgesinfo.fr\/app\/uploads\/sites\/6\/2025\/12\/frad088-2num7-10fi9-0049.jpg\" data-slb-active=\"1\" data-slb-asset=\"193069292\" data-slb-internal=\"0\" data-slb-group=\"slb\" target=\"_blank\" rel=\"noopener\"><img loading=\"lazy\" decoding=\"async\" class=\"alignright size-medium wp-image-85352 lazyload\" alt=\"\" width=\"300\" height=\"249\" src=\"https:\/\/www.europesays.com\/fr\/wp-content\/uploads\/2025\/12\/frad088-2num7-10fi9-0049-300x249.jpg\"  data- data-eio-rwidth=\"300\" data-eio-rheight=\"249\"\/><\/a>Du 03\/12\/2025 au 03\/01\/2026<\/strong><strong>\u00a0<\/strong><\/p>\n<p><strong>EXPOSITION<\/strong> \u00ab\u202fD\u2019apr\u00e8s nature. Excursion(s) dans les Vosges\u202f\u00bb,<\/p>\n<p>Avec repr\u00e9sentation des paysages de :<\/p>\n<ul>\n<li>La Schlucht (dont la Roche du diable)<\/li>\n<li>Le lac de Longemer<\/li>\n<li>La cascade du Valtin<\/li>\n<\/ul>\n<p><strong>\u00a0<\/strong><\/p>\n<p><strong>Vendredi 5 d\u00e9cembre \/ 18h<\/strong><\/p>\n<p>Soir\u00e9e <strong>\u00ab\u00a0MUNSTER QUIZ\u00a0\u00bb<\/strong> ou \u00ab\u00a0Quiz local d\u00e9cal\u00e9\u00a0\u00bb<\/p>\n<p>\u00a0<\/p>\n<p><strong>Samedi 6 d\u00e9cembre \/ 13h30-16h30<\/strong><\/p>\n<p><strong>\u00ab\u00a0ATEIER D\u2019\u00c9CRITURE VOSGIEN\u00a0\u00bb<\/strong> en presque patois<\/p>\n<p>\u00a0<\/p>\n<p><strong>Vendredi 12 d\u00e9cembre de 14h30 \u00e0 16h<\/strong><\/p>\n<p><strong>ATELIER <\/strong>\u00a0\u201cUniques et originales, les \u0153uvres en balade\u201d<\/p>\n<p>Du dessin \u00e0 main lev\u00e9e \u00e0 la photographie en ext\u00e9rieur, venez d\u00e9couvrir comment les artistes ont pu exp\u00e9rimenter des mani\u00e8res toujours nouvelles, au XIXe si\u00e8cle et au XXe si\u00e8cle, de capturer des lieux naturels embl\u00e9matiques\u00a0! Les participants pourront s\u2019essayer \u00e0 la pratique d\u2019une de ces techniques, et ainsi voyager dans le temps et dans l\u2019histoire de l\u2019art.<\/p>\n<p>\u00a0<\/p>\n<p><strong>Jusqu\u2019au 31 d\u00e9cembre\u00a0<\/strong><\/p>\n<p><strong>CONCOURS-PHOTOS<\/strong> \u00ab\u00a0Inspirez-vous des paysages anciens pr\u00e9sent\u00e9s dans l\u2019exposition itin\u00e9rante et proposez vos propres photos des m\u00eames lieux avec votre regard d\u2019aujourd\u2019hui\u00a0\u00bb.<\/p>\n<p><a href=\"https:\/\/vosgesinfo.fr\/app\/uploads\/sites\/6\/2025\/12\/2025-appel-photo-page-0001.jpg\" data-slb-active=\"1\" data-slb-asset=\"1914581878\" data-slb-internal=\"0\" data-slb-group=\"slb\" target=\"_blank\" rel=\"noopener\"><img loading=\"lazy\" decoding=\"async\" class=\"aligncenter size-large wp-image-85350 lazyload\" alt=\"\" width=\"724\" height=\"1024\" src=\"https:\/\/www.europesays.com\/fr\/wp-content\/uploads\/2025\/12\/2025-appel-photo-page-0001-724x1024.jpg\"  data- data-eio-rwidth=\"724\" data-eio-rheight=\"1024\"\/><\/a><\/p>\n","protected":false},"excerpt":{"rendered":"L\u2019ensemble des services culturels du d\u00e9partement (archives, mus\u00e9e, et m\u00e9diath\u00e8que) s\u2019associe afin de proposer \u00ab\u202fD\u2019apr\u00e8s nature. Excursion(s) dans&hellip;\n","protected":false},"author":2,"featured_media":579327,"comment_status":"","ping_status":"","sticky":false,"template":"","format":"standard","meta":{"footnotes":""},"categories":[1358],"tags":[1348,1384,1385,1386,58,59,69352,1011,27,69353],"class_list":{"0":"post-579326","1":"post","2":"type-post","3":"status-publish","4":"format-standard","5":"has-post-thumbnail","7":"category-arts-et-design","8":"tag-arts","9":"tag-arts-and-design","10":"tag-arts-et-design","11":"tag-design","12":"tag-divertissement","13":"tag-entertainment","14":"tag-exposition-excursions-dans-les-vosges","15":"tag-fr","16":"tag-france","17":"tag-medialudotheque"},"share_on_mastodon":{"url":"https:\/\/pubeurope.com\/@fr\/115665714648516429","error":""},"_links":{"self":[{"href":"https:\/\/www.europesays.com\/fr\/wp-json\/wp\/v2\/posts\/579326","targetHints":{"allow":["GET"]}}],"collection":[{"href":"https:\/\/www.europesays.com\/fr\/wp-json\/wp\/v2\/posts"}],"about":[{"href":"https:\/\/www.europesays.com\/fr\/wp-json\/wp\/v2\/types\/post"}],"author":[{"embeddable":true,"href":"https:\/\/www.europesays.com\/fr\/wp-json\/wp\/v2\/users\/2"}],"replies":[{"embeddable":true,"href":"https:\/\/www.europesays.com\/fr\/wp-json\/wp\/v2\/comments?post=579326"}],"version-history":[{"count":0,"href":"https:\/\/www.europesays.com\/fr\/wp-json\/wp\/v2\/posts\/579326\/revisions"}],"wp:featuredmedia":[{"embeddable":true,"href":"https:\/\/www.europesays.com\/fr\/wp-json\/wp\/v2\/media\/579327"}],"wp:attachment":[{"href":"https:\/\/www.europesays.com\/fr\/wp-json\/wp\/v2\/media?parent=579326"}],"wp:term":[{"taxonomy":"category","embeddable":true,"href":"https:\/\/www.europesays.com\/fr\/wp-json\/wp\/v2\/categories?post=579326"},{"taxonomy":"post_tag","embeddable":true,"href":"https:\/\/www.europesays.com\/fr\/wp-json\/wp\/v2\/tags?post=579326"}],"curies":[{"name":"wp","href":"https:\/\/api.w.org\/{rel}","templated":true}]}}