{"id":579328,"date":"2025-12-05T07:12:18","date_gmt":"2025-12-05T07:12:18","guid":{"rendered":"https:\/\/www.europesays.com\/fr\/579328\/"},"modified":"2025-12-05T07:12:18","modified_gmt":"2025-12-05T07:12:18","slug":"complique-a-vivre-jean-michel-aphatie-empathique-envers-jordan-bardella-cette-sequence-que-personne-navait-vue-venir","status":"publish","type":"post","link":"https:\/\/www.europesays.com\/fr\/579328\/","title":{"rendered":"\u00ab\u00a0Compliqu\u00e9 \u00e0 vivre\u00a0\u00bb : Jean-Michel Aphatie empathique envers Jordan Bardella ? Cette s\u00e9quence que personne n\u2019avait vue venir"},"content":{"rendered":"<p class=\"p1\">Apr\u00e8s la farine, l&rsquo;oeuf. Ce samedi 29 novembre 2025,<br \/>\n<a href=\"https:\/\/www.closermag.fr\/politique\/jordan-bardella-vise-par-un-oeuf-lauteur-presume-des-faits-arrete-son-age-va-vous-surprendre-3600060\" target=\"_blank\" rel=\"noopener\"><br \/>\nun septuag\u00e9naire a \u00e9cras\u00e9 coquille, blanc et jaune sur la t\u00eate de<br \/>\nJordan Jordan Bardella<\/a> lors d&rsquo;une s\u00e9ance de d\u00e9dicaces organis\u00e9e<br \/>\n\u00e0 Moissac, dans le d\u00e9partement du Tarn-et-Garonne. \u00ab\u00a0J&rsquo;aurais pu<br \/>\nlui faire mal, a admis l&rsquo;agriculteur de 74 ans cinq jours plus<br \/>\ntard sur BFMTV. Je demande son indulgence. Il a toutes mes<br \/>\nexcuses.\u00a0\u00bb<\/p>\n<p class=\"p1\"><strong>Selon Jean-Michel Aphatie, le geste m\u00e9rite<br \/>\nd&rsquo;\u00eatre condamn\u00e9<\/strong> en tant qu&rsquo;agression physique.<br \/>\n\u00ab\u00a0<strong>On ne peut pas accepter \u00e7a sur le champ de la<br \/>\npolitique<\/strong>, a-t-il martel\u00e9 sur le plateau de<br \/>\nQuotidien, le 1er d\u00e9cembre dernier. Apr\u00e8s, on peut quand m\u00eame<br \/>\nposer au moins une question : puisque Jordan Bardella a \u00e9t\u00e9<br \/>\nenfarin\u00e9 la semaine derni\u00e8re et on lui casse un \u0153uf sur sa t\u00eate, \u00e7a<br \/>\nveut dire que son corps est accessible.\u00a0\u00bb La faute \u00e0 un service<br \/>\nd&rsquo;ordre \u00ab\u00a0pas tr\u00e8s performant\u00a0\u00bb ?<\/p>\n<p>Jean-Michel Aphatie : ces mots surprenants \u00e0 l&rsquo;\u00e9gard<br \/>\nde Jordan Bardella<\/p>\n<p class=\"p1\">Dans la suite de son \u00e9dito, le journaliste politique<br \/>\nestime que Jordan Bardella doit pouvoir continuer \u00e0 exercer son<br \/>\nm\u00e9tier \u00ab\u00a0parce que \u00e7a fait partie de la d\u00e9mocratie\u00a0\u00bb.<br \/>\n\u00ab\u00a0Il utilise beaucoup les r\u00e9seaux sociaux, donc il est souvent<br \/>\net beaucoup au milieu des gens. Et puis bien s\u00fbr, <strong>les<br \/>\nd\u00e9dicaces l&rsquo;exposent \u00e0 des agressions<\/strong> si des gens ont<br \/>\nenvie de commettre des agressions\u00a0\u00bb, a-t-il rappel\u00e9 lundi<br \/>\ndernier, insistant sur la n\u00e9cessit\u00e9 de le prot\u00e9ger.<\/p>\n<p class=\"p1\">Personne n&rsquo;a vu venir <strong>ses mots d\u00e9bordant<br \/>\nd&#8217;empathie<\/strong> : \u00ab\u00a0<strong>C&rsquo;est compliqu\u00e9 \u00e0 vivre sur le<br \/>\nplan personnel<\/strong> [de se retrouver dans une foule, ndlr]. Ce<br \/>\nsont sans doute <strong>des \u00e9motions difficiles \u00e0<br \/>\nma\u00eetriser<\/strong>.\u00a0\u00bb Malgr\u00e9 cette d\u00e9monstration de mansu\u00e9tude,<br \/>\n<a href=\"https:\/\/www.closermag.fr\/tv_tele_realite\/jean-michel-apathie-se-lache-ya-pas-zemmour-son-derapage-surprise-a-propos-de-lastronaute-sophie-adenot-yann-barthes-gene-3595657\" target=\"_blank\" rel=\"noopener\"><br \/>\nle chroniqueur de Yann Barth\u00e8s<\/a> n&rsquo;en oublie pas de pointer du<br \/>\ndoigt une \u00ab\u00a0attitude curieuse\u00a0\u00bb de l&rsquo;homme politique.<\/p>\n<p>Jean-Michel Aphatie : \u00ab\u00a0Je suis<br \/>\nstup\u00e9fait\u00a0\u00bb<\/p>\n<p class=\"p1\">Au lendemain de son agression, <a href=\"https:\/\/www.closermag.fr\/politique\/agression-de-jordan-bardella-ce-sont-eux-qui-la-theorie-de-marine-le-pen-3600432\" target=\"_blank\" rel=\"noopener\"><br \/>\nl&rsquo;acolyte de Marine Le Pen<\/a> <strong>\u00ab\u00a0a dit des choses qui<br \/>\nsont fausses\u00a0\u00bb,<\/strong> selon Jean-Michel Aphatie. A commencer<br \/>\npar accuser la \u00ab\u00a0brutalisation du d\u00e9bat d\u00e9mocratique\u00a0\u00bb.<br \/>\n\u00ab\u00a0\u00c0 partir du moment o\u00f9 vous n&rsquo;\u00eates pas de gauche et que vous<br \/>\n\u00eates encore pire de droite, vous \u00eates forc\u00e9ment une cible non plus<br \/>\nseulement \u00e0 combattre sur le terrain d\u00e9mocratique mais d\u00e9sormais \u00e0<br \/>\nbattre sur le plan physique\u00a0\u00bb, a \u00e9galement d\u00e9plor\u00e9 le pr\u00e9sident<br \/>\ndu RN.<\/p>\n<p class=\"p1\">Rappelant que Fran\u00e7ois Hollande avait \u00e9t\u00e9 lui aussi<br \/>\nenfarin\u00e9 pendant la campagne pr\u00e9sidentielle de 2012, Jean-Michel<br \/>\nAphatie a fait part de sa sid\u00e9ration. \u00ab\u00a0<strong>Je suis<br \/>\nstup\u00e9fait<\/strong>, l\u00e2che-t-il dans la suite de cette s\u00e9quence<br \/>\ndiffus\u00e9e sur Quotidien en d\u00e9but de semaine.Pourquoi est-ce<br \/>\nqu&rsquo;il y a <strong>un service apr\u00e8s-vente aussi mensonger de la part<br \/>\nde Jordan Bardella<\/strong> ?\u00a0\u00bb Et de d\u00e9noncer en guise de<br \/>\nconclusion : \u00ab\u00a0Dans la parole publique et dans l&rsquo;explication, il<br \/>\nfaut qu&rsquo;il mette tout cela \u00e0 distance et qu&rsquo;il en parle sans doute<br \/>\nde mani\u00e8re diff\u00e9rente parce que \u00e7a sonnait vraiment<br \/>\nfaux\u00a0\u00bb.<\/p>\n","protected":false},"excerpt":{"rendered":"Apr\u00e8s la farine, l&rsquo;oeuf. Ce samedi 29 novembre 2025, un septuag\u00e9naire a \u00e9cras\u00e9 coquille, blanc et jaune sur&hellip;\n","protected":false},"author":2,"featured_media":579329,"comment_status":"","ping_status":"","sticky":false,"template":"","format":"standard","meta":{"footnotes":""},"categories":[1356],"tags":[58,59,1011,27,45795,1077,252,1364],"class_list":{"0":"post-579328","1":"post","2":"type-post","3":"status-publish","4":"format-standard","5":"has-post-thumbnail","7":"category-television","8":"tag-divertissement","9":"tag-entertainment","10":"tag-fr","11":"tag-france","12":"tag-jean-michel-aphatie","13":"tag-jordan-bardella","14":"tag-television","15":"tag-tv"},"share_on_mastodon":{"url":"https:\/\/pubeurope.com\/@fr\/115665721453663438","error":""},"_links":{"self":[{"href":"https:\/\/www.europesays.com\/fr\/wp-json\/wp\/v2\/posts\/579328","targetHints":{"allow":["GET"]}}],"collection":[{"href":"https:\/\/www.europesays.com\/fr\/wp-json\/wp\/v2\/posts"}],"about":[{"href":"https:\/\/www.europesays.com\/fr\/wp-json\/wp\/v2\/types\/post"}],"author":[{"embeddable":true,"href":"https:\/\/www.europesays.com\/fr\/wp-json\/wp\/v2\/users\/2"}],"replies":[{"embeddable":true,"href":"https:\/\/www.europesays.com\/fr\/wp-json\/wp\/v2\/comments?post=579328"}],"version-history":[{"count":0,"href":"https:\/\/www.europesays.com\/fr\/wp-json\/wp\/v2\/posts\/579328\/revisions"}],"wp:featuredmedia":[{"embeddable":true,"href":"https:\/\/www.europesays.com\/fr\/wp-json\/wp\/v2\/media\/579329"}],"wp:attachment":[{"href":"https:\/\/www.europesays.com\/fr\/wp-json\/wp\/v2\/media?parent=579328"}],"wp:term":[{"taxonomy":"category","embeddable":true,"href":"https:\/\/www.europesays.com\/fr\/wp-json\/wp\/v2\/categories?post=579328"},{"taxonomy":"post_tag","embeddable":true,"href":"https:\/\/www.europesays.com\/fr\/wp-json\/wp\/v2\/tags?post=579328"}],"curies":[{"name":"wp","href":"https:\/\/api.w.org\/{rel}","templated":true}]}}