{"id":579338,"date":"2025-12-05T07:17:20","date_gmt":"2025-12-05T07:17:20","guid":{"rendered":"https:\/\/www.europesays.com\/fr\/579338\/"},"modified":"2025-12-05T07:17:20","modified_gmt":"2025-12-05T07:17:20","slug":"pour-eviter-les-tempetes-mediatiques-la-nouvelle-miss-va-etre-mieux-encadree","status":"publish","type":"post","link":"https:\/\/www.europesays.com\/fr\/579338\/","title":{"rendered":"pour \u00e9viter les \u00ab\u00a0temp\u00eates m\u00e9diatiques\u00a0\u00bb, la nouvelle miss va \u00eatre mieux encadr\u00e9e"},"content":{"rendered":"<p>        <img decoding=\"async\" loading=\"lazy\" src=\"https:\/\/www.europesays.com\/fr\/wp-content\/uploads\/2025\/12\/aa80a82_upload-1-nnx9s50xkdkc-tf1.png\"  width=\"728\" height=\"410\" alt=\"Ang\u00e9lique Angarni-Filopon le lendemain de son \u00e9lection sur le plateau de TF1\"\/>  <\/p>\n<p>TF1<\/p>\n<p>Ang\u00e9lique Angarni-Filopon le lendemain de son \u00e9lection sur le plateau de TF1<\/p>\n<p>      <strong>EN BREF<\/strong> <strong>\u2022 <\/strong>La future Miss France 2026 sera accompagn\u00e9e par Camille Cerf, marraine d\u00e9sign\u00e9e pour l\u2019aider lors de sa tourn\u00e9e m\u00e9diatique. <br \/><strong>\u2022 <\/strong>Ang\u00e9lique Angarni-Filopon, Miss France 2025, avait \u00e9t\u00e9 volontairement mise en retrait des m\u00e9dias suite \u00e0 des controverses et pour la \u00ab\u00a0prot\u00e9ger\u00a0\u00bb du cyberharc\u00e8lement. <br \/><strong>\u2022 <\/strong>L\u2019aisance \u00e0 s\u2019exprimer est cruciale pour les pr\u00e9tendantes au titre, influen\u00e7ant leur s\u00e9lection parmi les finalistes.                         <\/p>\n<p class=\"asset asset-text\">Le samedi 6\u00a0d\u00e9cembre, la<a href=\"https:\/\/www.huffingtonpost.fr\/divertissement\/article\/avant-miss-france-2026-une-ia-devoile-les-candidates-qui-ont-le-plus-de-chance-de-gagner_257710.html\" target=\"_blank\" rel=\"noopener\"> couronne de Miss France<\/a> va changer de propri\u00e9taire. Apr\u00e8s un an de r\u00e8gne, Ang\u00e9lique Angarni-Filopon c\u00e9dera sa place \u00e0 l\u2019une des<a href=\"https:\/\/www.huffingtonpost.fr\/divertissement\/article\/miss-france-2026-quelle-candidate-a-eu-la-meilleure-note-au-test-de-culture-generale_257137.html\" target=\"_blank\" rel=\"noopener\"> 30\u00a0candidates r\u00e9gionales <\/a>en lice. La future Miss France 2026\u00a0devra durant un an, se pr\u00eater au jeu parfois complexe des interviews. Un jeu auquel l\u2019ancienne Miss Martinique a relativement peu particip\u00e9, et pour cause.<\/p>\n<p class=\"asset asset-text\">Moins d\u2019un mois apr\u00e8s son \u00e9lection<a href=\"https:\/\/www.huffingtonpost.fr\/medias\/article\/attentats-de-charlie-hebdo-miss-france-2025-reagit-apres-ses-propos-commentes-sur-sud-radio_244679.html\" target=\"_blank\" rel=\"noopener\">, Ang\u00e9lique Angarni-Filopon avait \u00e9t\u00e9 invit\u00e9e sur Sud Radio<\/a> dans le cadre de la traditionnelle tourn\u00e9e m\u00e9diatique.\u00a0\u00ab\u00a0Est-ce que vous \u00eates Charlie\u00a0?\u00a0\u00bb\u00a0lui avait demand\u00e9 le journaliste Gilles Ganzmann ce mercredi 8\u00a0janvier en direct. \u00ab\u00a0Je ne me prononce pas\u00a0\u00bb, avait r\u00e9torqu\u00e9 Miss France, prise de court. Son interlocuteur l\u2019avait alors interrog\u00e9e sur ce qu\u2019elle pensait du \u00ab\u00a0droit au blasph\u00e8me\u00a0\u00bb. Ang\u00e9lique Angarni-Filopon avait donn\u00e9 la m\u00eame non-r\u00e9ponse, appuy\u00e9e d\u2019un \u00ab\u00a0Chacun a un avis moi j\u2019ai le mien et je pr\u00e9f\u00e8re le garder pour moi\u00a0\u00bb, ce qui avait suscit\u00e9 une vague de critiques.<\/p>\n<p class=\"asset asset-text\">Elle y avait r\u00e9pondu sur Instagram en expliquant \u00a0\u00ab\u00a0Dans ma fonction de Miss France, je me dois une neutralit\u00e9 sur certains sujets pour \u00e9viter tous malentendus et susciter toutes controverses. Mais je comprends que ma non-r\u00e9action sur ce sujet aussi sensible ait pu susciter autant de commentaires\u00a0\u00bb.<\/p>\n<p class=\"asset asset-text\">D\u00e8s son \u00e9lection en d\u00e9cembre\u00a02024, l\u2019ancienne Miss Martinique a par ailleurs fait l\u2019objet d\u2019un cyberharc\u00e8lement violent d\u2019origine raciste et aussi en raison de son \u00e2ge. Depuis la fin du crit\u00e8re d\u2019\u00e2ge, elle est en effet devenue, \u00e0 35\u00a0ans, la Miss France la plus \u00e2g\u00e9e de l\u2019histoire du concours. Cons\u00e9quence de ces deux facteurs cumul\u00e9s\u00a0: Miss France 2025 est rest\u00e9e dans l\u2019ombre, en comparaison avec ses pr\u00e9d\u00e9cesseures.<\/p>\n<p>    Miss France 2025\u00a0volontairement mise en retrait    <\/p>\n<p class=\"asset asset-text\">Interrog\u00e9 sur cette absence m\u00e9diatique remarqu\u00e9e, le<a href=\"https:\/\/www.huffingtonpost.fr\/divertissement\/article\/les-pretendantes-a-miss-france-2026-rappelees-a-l-ordre-en-martinique-on-n-est-pas-leurs-domestiques_257094.html\" target=\"_blank\" rel=\"noopener\" title=\"Nouvelle fen\u00eatre\"> Pr\u00e9sident de la Soci\u00e9t\u00e9 Miss France<\/a> l\u2019a expliqu\u00e9e. Sur <a href=\"https:\/\/www.europe1.fr\/emissions\/L-invite-medias\/miss-france-2026-jean-pierre-foucault-et-frederic-gilbert-sont-les-invites-de-culture-medias-873532\" target=\"_blank\" rel=\"noopener\" title=\"Nouvelle fen\u00eatre\">Europe 1<\/a>, Fr\u00e9d\u00e9ric Gilbert a \u00e9t\u00e9 questionn\u00e9 le 2\u00a0d\u00e9cembre par Thomas Isle sur une \u00ab\u00a0consigne\u00a0\u00bb donn\u00e9e \u00e0 Ang\u00e9lique Angarni-Filopon\u00a0: \u00ab\u00a0Est-ce que vous lui avez demand\u00e9 de se faire plus discr\u00e8te dans les m\u00e9dias\u00a0?\u00a0\u00bb Ce \u00e0 quoi le Pr\u00e9sident de la Soci\u00e9t\u00e9 Miss France a r\u00e9pondu par l\u2019affirmative \u00ab\u00a0Clairement oui. Au bout d\u2019un moment il faut la prot\u00e9ger.\u00a0\u00bb<\/p>\n<p> La lecture de ce contenu est susceptible d\u2019entra\u00eener un d\u00e9p\u00f4t de cookies de la part de l\u2019op\u00e9rateur tiers qui l\u2019h\u00e9berge. Compte-tenu des choix que vous avez exprim\u00e9s en mati\u00e8re de d\u00e9p\u00f4t de cookies, nous avons bloqu\u00e9 l\u2019affichage de ce contenu. Si vous souhaitez y acc\u00e9der, vous devez accepter la cat\u00e9gorie de cookies \u201cContenus tiers\u201d en cliquant sur le bouton ci-dessous. <\/p>\n<p> Lire la Vid\u00e9o        <\/p>\n<p class=\"asset asset-text\">Fr\u00e9d\u00e9ric Gilbert a ensuite expliqu\u00e9 pourquoi selon lui \u00ab\u00a0Il ne faut pas perdre de vue que ces jeunes femmes n\u2019ont pas de media training. Vous imaginez, si je devais faire 30 media training, c\u2019est impossible. \u00c0 0h44 vous en avez une qui devient Miss France, qui voit sa vie basculer et qui est, tout de suite, dans le tourbillon m\u00e9diatique\u00a0\u00bb.<\/p>\n<p class=\"asset asset-text\">Quelques minutes apr\u00e8s son \u00e9lection seulement, la Miss France fra\u00eechement \u00e9lue est imm\u00e9diatement sous le feu des projecteurs, oblig\u00e9e de r\u00e9pondre \u00e0 des interviews en direct \u00e0 la radio et sur des plateaux t\u00e9l\u00e9. Un exercice p\u00e9rilleux notamment pour les plus jeunes candidates, et qui l\u2019est quoi qu\u2019il en soit pour toutes celles, majoritaires, qui ne ma\u00eetrisent pas les codes de la communication avec les journalistes.<\/p>\n<p>    La \u00ab\u00a0marraine\u00a0\u00bb de Miss France    <\/p>\n<p class=\"asset asset-text\">C\u2019est l\u2019une des raisons pour lesquelles un nouveau r\u00f4le a \u00e9t\u00e9 imagin\u00e9 cette ann\u00e9e dans le cadre de l\u2019\u00e9lection. Il y a quelques semaines, le comit\u00e9 Miss France a en effet annonc\u00e9 que pour la premi\u00e8re fois, la nouvelle Miss France b\u00e9n\u00e9ficierait de l\u2019accompagnement d\u2019une marraine.<\/p>\n<p> La lecture de ce contenu est susceptible d\u2019entra\u00eener un d\u00e9p\u00f4t de cookies de la part de l\u2019op\u00e9rateur tiers qui l\u2019h\u00e9berge. Compte-tenu des choix que vous avez exprim\u00e9s en mati\u00e8re de d\u00e9p\u00f4t de cookies, nous avons bloqu\u00e9 l\u2019affichage de ce contenu. Si vous souhaitez y acc\u00e9der, vous devez accepter la cat\u00e9gorie de cookies \u201cContenus tiers\u201d en cliquant sur le bouton ci-dessous. <\/p>\n<p> Lire la Vid\u00e9o        <\/p>\n<p class=\"asset asset-text\">C\u2019est Camille Cerf, Miss France 2015, qui assurera ce r\u00f4le clef comme l\u2019a confirm\u00e9 Fr\u00e9d\u00e9ric Gilbert au micro d\u2019Europe 1\u00a0\u00ab\u00a0On l\u2019accompagnera le plus possible, \u00e7a va d\u2019ailleurs cette ann\u00e9e \u00eatre le r\u00f4le de Camille Cerf en tant que marraine sur la tourn\u00e9e m\u00e9diatique. Il faut aussi qu\u2019elle puisse s\u2019exprimer assez vite face \u00e0 vous, journalistes. \u00bb Lors de la conf\u00e9rence de pr\u00e9sentation du concours, il avait \u00e9t\u00e9 pr\u00e9cis\u00e9 que le travail de cette derni\u00e8re consisterait \u00e0 soutenir la nouvelle Miss France face \u00ab\u00a0aux temp\u00eates m\u00e9diatiques, positives ou n\u00e9gatives\u00a0\u00bb \u00e0 venir.<\/p>\n<p class=\"asset asset-text\">Dans une interview avec nos confr\u00e8res de <a href=\"https:\/\/www.tf1info.fr\/culture\/programme-tv-tf1-6-decembre-2026-camille-cerf-devient-marraine-de-miss-france-2026-je-me-vois-comme-une-grande-soeur-2405440.html\" target=\"_blank\" rel=\"noopener\" title=\"Nouvelle fen\u00eatre\">TF1<\/a>, Camille cerf avait expliqu\u00e9 en quoi ce r\u00f4le de \u00ab\u00a0grande s\u0153ur\u00a0\u00bb lui tenait \u00e0 c\u0153ur\u00a0: \u00ab\u00a0On est tr\u00e8s jeune, on nous pose des questions soci\u00e9tales auxquelles on n\u2019a pas forc\u00e9ment de r\u00e9ponse \u00e0 donner. Je me rappelle de gens qui rigolaient l\u2019air de dire que la nouvelle Miss ne va pas changer la face du monde et qu\u2019elle enfonce des portes ouvertes. Le but, c\u2019est de la pr\u00e9parer \u00e0 \u00e7a\u2026 Ou de dissuader un peu les journalistes d\u2019aller sur ces terrains-l\u00e0 si elle ne se sent pas \u00e0 l\u2019aise\u00a0\u00bb.<\/p>\n<p>    Les talents d\u2019\u00e9locution    <\/p>\n<p class=\"asset asset-text\">Cet accompagnement ne fera pas tout. C\u2019est l\u2019une des raisons pour lesquelles l\u2019un des crit\u00e8res les plus importants pour les jur\u00e9s est la capacit\u00e9 des candidates \u00e0 s\u2019exprimer de mani\u00e8re claire en public. Cette capacit\u00e9 d\u2019\u00e9locution naturelle intervient dans le choix des 12\u00a0finalistes fait en amont de la c\u00e9r\u00e9monie par les jur\u00e9s.<\/p>\n<p> La lecture de ce contenu est susceptible d\u2019entra\u00eener un d\u00e9p\u00f4t de cookies de la part de l\u2019op\u00e9rateur tiers qui l\u2019h\u00e9berge. Compte-tenu des choix que vous avez exprim\u00e9s en mati\u00e8re de d\u00e9p\u00f4t de cookies, nous avons bloqu\u00e9 l\u2019affichage de ce contenu. Si vous souhaitez y acc\u00e9der, vous devez accepter la cat\u00e9gorie de cookies \u201cContenus tiers\u201d en cliquant sur le bouton ci-dessous. <\/p>\n<p> Lire la Vid\u00e9o        <\/p>\n<p class=\"asset asset-text\">D\u2019ailleurs, quelques candidates b\u00e9n\u00e9ficient d\u2019une certaine aisance et d\u2019un sens de la formule qu\u2019il serait \u00ab\u00a0dommage de trop formater \u00bb pour Fr\u00e9d\u00e9ric Gilbert. Pour \u00e9tayer son propos, il a pris en exemple quelques formules \u00ab\u00a0ce type de phrases qui font basculer les choses\u00a0\u00bb prononc\u00e9es en direct devant des millions de t\u00e9l\u00e9spectateurs et qui avaient d\u2019apr\u00e8s lui, conduit les miss r\u00e9gionales \u00e0 la victoire.<\/p>\n<p class=\"asset asset-text\">Ang\u00e9lique Angarni-Filopon avait ainsi lanc\u00e9 \u00ab\u00a0Je m\u2019adresse \u00e0 toutes les femmes pour leur prouver qu\u2019il n\u2019est jamais trop tard\u00a0\u00bb. Diane Leyre, elle, avait invit\u00e9 les Fran\u00e7ais \u00e0 voter pour elle en disant \u00ab\u00a0Vous passez tous une fois dans votre vie par ma r\u00e9gion, pour un an, adoptez-moi\u00a0\u00bb.<\/p>\n<p class=\"asset asset-text\">Qu\u2019elle ait, ou non, le sens de la formule, la future nouvelle Miss France aura en tout cas \u00e0 ses c\u00f4t\u00e9s d\u00e8s le d\u00e9but de son r\u00e8gne sa \u00ab\u00a0bonne f\u00e9e\u00a0\u00bb pour la guider et lui \u00e9viter tout faux pas, qui ne manquerait pas de faire, justement, la une des m\u00e9dias.<\/p>\n","protected":false},"excerpt":{"rendered":"TF1 Ang\u00e9lique Angarni-Filopon le lendemain de son \u00e9lection sur le plateau de TF1 EN BREF \u2022 La future&hellip;\n","protected":false},"author":2,"featured_media":579339,"comment_status":"","ping_status":"","sticky":false,"template":"","format":"standard","meta":{"footnotes":""},"categories":[8],"tags":[58,59,1011,27,3034,68926,199],"class_list":{"0":"post-579338","1":"post","2":"type-post","3":"status-publish","4":"format-standard","5":"has-post-thumbnail","7":"category-divertissement","8":"tag-divertissement","9":"tag-entertainment","10":"tag-fr","11":"tag-france","12":"tag-miss-france","13":"tag-miss-france-2026","14":"tag-tf1"},"share_on_mastodon":{"url":"https:\/\/pubeurope.com\/@fr\/115665741903666786","error":""},"_links":{"self":[{"href":"https:\/\/www.europesays.com\/fr\/wp-json\/wp\/v2\/posts\/579338","targetHints":{"allow":["GET"]}}],"collection":[{"href":"https:\/\/www.europesays.com\/fr\/wp-json\/wp\/v2\/posts"}],"about":[{"href":"https:\/\/www.europesays.com\/fr\/wp-json\/wp\/v2\/types\/post"}],"author":[{"embeddable":true,"href":"https:\/\/www.europesays.com\/fr\/wp-json\/wp\/v2\/users\/2"}],"replies":[{"embeddable":true,"href":"https:\/\/www.europesays.com\/fr\/wp-json\/wp\/v2\/comments?post=579338"}],"version-history":[{"count":0,"href":"https:\/\/www.europesays.com\/fr\/wp-json\/wp\/v2\/posts\/579338\/revisions"}],"wp:featuredmedia":[{"embeddable":true,"href":"https:\/\/www.europesays.com\/fr\/wp-json\/wp\/v2\/media\/579339"}],"wp:attachment":[{"href":"https:\/\/www.europesays.com\/fr\/wp-json\/wp\/v2\/media?parent=579338"}],"wp:term":[{"taxonomy":"category","embeddable":true,"href":"https:\/\/www.europesays.com\/fr\/wp-json\/wp\/v2\/categories?post=579338"},{"taxonomy":"post_tag","embeddable":true,"href":"https:\/\/www.europesays.com\/fr\/wp-json\/wp\/v2\/tags?post=579338"}],"curies":[{"name":"wp","href":"https:\/\/api.w.org\/{rel}","templated":true}]}}