{"id":579342,"date":"2025-12-05T07:19:10","date_gmt":"2025-12-05T07:19:10","guid":{"rendered":"https:\/\/www.europesays.com\/fr\/579342\/"},"modified":"2025-12-05T07:19:10","modified_gmt":"2025-12-05T07:19:10","slug":"mieux-que-la-couette-action-propose-une-alternative-a-19e-sans-entretien-pour-mieux-dormir-tout-lhiver-le-journal-de-la-maison","status":"publish","type":"post","link":"https:\/\/www.europesays.com\/fr\/579342\/","title":{"rendered":"Mieux que la couette : Action propose une alternative \u00e0 19\u20ac, sans entretien, pour mieux dormir tout l&#039;hiver &#8211; Le Journal de la Maison."},"content":{"rendered":"<ol>\n<li><a href=\"https:\/\/news.google.com\/rss\/articles\/CBMi_wFBVV95cUxPdi00NC1rYnFmZVFGeF9zOWx5M0xlN3VfUGRTZ2JOT1h2RXJJS2FJQzc4SXMzNndvZnpuWV90N3BzWnd0amo1TjYyT21OVzE0czdBbUluaUZ4cmdteWJ4eG5VRzhFTnFSZTFnYUhmNzhHSUlQV3k0eHdpUnBoakhYa25Xc2NxYl9WSXRtLTFWbWNHLUM5N0JOX3ZYUGVwVTJpRWhqakt4VjluVGEtcXFfR3otR2xCb1cwWHJLOUpNMjZiT1dmcUN0U2lYMFpBZGVKS2JrWUxQcmhiREF1aTVOREN2ZjZtTFlfVnlkYm93a3otT3RrUmFEbnpMcFNOZjA?oc=5\" target=\"_blank\" rel=\"noopener\">Mieux que la couette : Action propose une alternative \u00e0 19\u20ac, sans entretien, pour mieux dormir tout l&rsquo;hiver<\/a>&nbsp;&nbsp;Le Journal de la Maison.<\/li>\n<li><a href=\"https:\/\/news.google.com\/rss\/articles\/CBMijgJBVV95cUxPbzltVmJVM0Y3RjdCa0lEcE11d2lhWEIxT1pxVXBLQVI0WEotbUEwWlRLaVpudnRSekdnQjNWS1VKQURISnZpUlBrdkNtRkw0cWRhSnFKSGdOc0UtanVnNnRVRGxJUkFzZzljR0ZrU2xJcmNIS0FQUjU2Q3IxSjVIeS1EWEFEQnRHYWViS3NRNWd3WnRqMDI5UFlSTTNQTFdHbDQtc1I2UXhKZ1RQdWVFRTRLU2M4c3FxeXhTREl2Z1RfWmxDeHFiaGl6TTlHVXU0WGdOYXpKU0J0TzVfVmtSeHFvTEhOUzBuLWpmZzZxWEpHal83dEZ5T2w4ZXJtQmRyMTBvNkpiMHV0VkM5bnc?oc=5\" target=\"_blank\" rel=\"noopener\">Fini la couette ! Chez Action, cet accessoire de lit \u00e0 moins de 20 \u20ac cartonne pour mieux dormir tout l&rsquo;hiver<\/a>&nbsp;&nbsp;Modes et travaux<\/li>\n<li><a href=\"https:\/\/news.google.com\/rss\/articles\/CBMisgFBVV95cUxNSG1Fa2ZlNThzSzJFaGlfckFOWDRUQlQwenc1cF9oRDN1YUw2V1RYY2YtUnk3Q0MzN3pNR05rWmhHZDBySFVFUnpGUTRkdkxoMi1JWFh1Z21xenRFc0ZDOGdFWXdaQ09tM202VDhaRGtEYXJHWHlNVHkwYUh1ZTVUOTBGOVE0N1dlblRBRnhLRmhobjJ4eFhpYk0xZEtkaTZ2Y2RCam5PMjBNWGxEM3hnZXlB?oc=5\" target=\"_blank\" rel=\"noopener\">La couette aux oubliettes : les h\u00f4tels 5 \u00e9toiles adoptent une alternative ultra confort<\/a>&nbsp;&nbsp;Maison &amp; Travaux<\/li>\n<li><a href=\"https:\/\/news.google.com\/rss\/articles\/CBMi6AFBVV95cUxQZzJjSEVkazJrWllUUEJ1c0h2SUxPeUhFSmJVU3c3V3ZfS3FWU2dLT1hsbzdwUXpENFp0MjFlVkJEQnJmVnVfZXRPZENXQjRqQVhKczh5N2FsWnZCeGRILS1MNWdwVlk4NzZlUUJMeVdaWEJBckZleVZnRTlNN1dxTTR5M0EyMktHMjRyM3NfSHpENHB3VjN1ZUE4bzA5UFZSUTRLa0pvbV9hVkhTN0k0ZG9wWFg1QjBuM0NlUC05bHZkMk1zb19WdERjeDhHZThITUszekktVVBiZDlzWUZIMmlRbTk1cjY4?oc=5\" target=\"_blank\" rel=\"noopener\">La couette, c&rsquo;est fini ! Cette alternative dispo chez Action nous offre un meilleur sommeil<\/a>&nbsp;&nbsp;Biba Magazine<\/li>\n<li><a href=\"https:\/\/news.google.com\/rss\/articles\/CBMigAFBVV95cUxNN1d6QnhfdkdqVl90UlZNVldVd2ZfbDU4UWJ2elNpcjZXTHNmMURvVTEyNXpxaVRRMXE4S1ZYR2NkZ2w1VEpFWFpndjBHN0h3ZWZrVmtPeXY3dEJfR1U1YUhrQ1QzN1h0SmlxYzR3ekU3VnR4a0RhdG5qMjlZb2F2Uw?oc=5\" target=\"_blank\" rel=\"noopener\">Fini la couette ? Chez Action, la couverture lest\u00e9e \u00e0 moins de 20 euros s\u00e9duit les dormeurs fran\u00e7ais<\/a>&nbsp;&nbsp;Kingofgeek<\/li>\n<\/ol>\n","protected":false},"excerpt":{"rendered":"Mieux que la couette : Action propose une alternative \u00e0 19\u20ac, sans entretien, pour mieux dormir tout l&rsquo;hiver&nbsp;&nbsp;Le&hellip;\n","protected":false},"author":2,"featured_media":395849,"comment_status":"","ping_status":"","sticky":false,"template":"","format":"standard","meta":{"footnotes":""},"categories":[6],"tags":[35,33,34,1011,27],"class_list":{"0":"post-579342","1":"post","2":"type-post","3":"status-publish","4":"format-standard","5":"has-post-thumbnail","7":"category-economie","8":"tag-business","9":"tag-economie","10":"tag-economy","11":"tag-fr","12":"tag-france"},"share_on_mastodon":{"url":"https:\/\/pubeurope.com\/@fr\/115665749004556100","error":""},"_links":{"self":[{"href":"https:\/\/www.europesays.com\/fr\/wp-json\/wp\/v2\/posts\/579342","targetHints":{"allow":["GET"]}}],"collection":[{"href":"https:\/\/www.europesays.com\/fr\/wp-json\/wp\/v2\/posts"}],"about":[{"href":"https:\/\/www.europesays.com\/fr\/wp-json\/wp\/v2\/types\/post"}],"author":[{"embeddable":true,"href":"https:\/\/www.europesays.com\/fr\/wp-json\/wp\/v2\/users\/2"}],"replies":[{"embeddable":true,"href":"https:\/\/www.europesays.com\/fr\/wp-json\/wp\/v2\/comments?post=579342"}],"version-history":[{"count":0,"href":"https:\/\/www.europesays.com\/fr\/wp-json\/wp\/v2\/posts\/579342\/revisions"}],"wp:featuredmedia":[{"embeddable":true,"href":"https:\/\/www.europesays.com\/fr\/wp-json\/wp\/v2\/media\/395849"}],"wp:attachment":[{"href":"https:\/\/www.europesays.com\/fr\/wp-json\/wp\/v2\/media?parent=579342"}],"wp:term":[{"taxonomy":"category","embeddable":true,"href":"https:\/\/www.europesays.com\/fr\/wp-json\/wp\/v2\/categories?post=579342"},{"taxonomy":"post_tag","embeddable":true,"href":"https:\/\/www.europesays.com\/fr\/wp-json\/wp\/v2\/tags?post=579342"}],"curies":[{"name":"wp","href":"https:\/\/api.w.org\/{rel}","templated":true}]}}