{"id":579356,"date":"2025-12-05T07:29:12","date_gmt":"2025-12-05T07:29:12","guid":{"rendered":"https:\/\/www.europesays.com\/fr\/579356\/"},"modified":"2025-12-05T07:29:12","modified_gmt":"2025-12-05T07:29:12","slug":"feu-dartifice-de-noel-a-carqueiranne-20-12-2025-carqueiranne-2","status":"publish","type":"post","link":"https:\/\/www.europesays.com\/fr\/579356\/","title":{"rendered":"Feu d&rsquo;artifice de No\u00ebl \u00e0 Carqueiranne &#8211; 20\/12\/2025 &#8211; Carqueiranne"},"content":{"rendered":"<p>L&rsquo;information est confirm\u00e9e de source s\u00fbre : le P\u00e8re No\u00ebl va arriver \u00e0 Carqueiranne le samedi 20 d\u00e9cembre, quelques jours avant sa grande tourn\u00e9e des enfants sages. Pour f\u00eater cela, toute une journ\u00e9e d&rsquo;animation pour enfants sera organis\u00e9e, mais aussi des parades et spectacles l&rsquo;apr\u00e8s-midi, et enfin <strong>un feu d&rsquo;artifice \u00e0 18 heures d\u00e8s l&rsquo;arriv\u00e9e du P\u00e8re No\u00ebl.<\/strong><\/p>\n<p>&#13;<\/p>\n<p>La soir\u00e9e se prolongera jusqu&rsquo;\u00e0 21 heures sur la piste de roller avec une ambiance festive anim\u00e9e par un DJ.<\/p>\n<p>&#13;<\/p>\n<p>* De 10h \u00e0 12h30 et de 13h30 \u00e0 16h : BALADES \u00c0 PONEY SUR L\u2019AIRE DE NO\u00cbL, pour les enfants de 3 \u00e0 10 ans.<br \/>* De 10h \u00e0 12h30 et de 13h30 \u00e0 17h30 : \u00ab LE MONDE DES BULLES \u00bb place de la R\u00e9publique.<br \/>\u2022 De 10h \u00e0 12h30 et de 13h30 \u00e0 17h30 : ANIMATION GRAFFITIS r\u00e9alisation d\u2019un toile avec Daddy Twoer, dans la cour de l\u2019\u00e9cole Jules Ferry.<br \/>* De 10h30 \u00e0 12h30 et de 13h30 \u00e0 19h : PHOTOBOOTH repartez avec un souvenir photo de l\u2019Aire de No\u00ebl !<br \/>* De 15h30 \u00e0 16h, de 17h15 \u00e0 17h45 et de 18h15 \u00e0 18h45 : PARADE \u00ab LES AILES DE GLACE \u00bb.<br \/>* \u00c0 16h : SPECTACLE \u00ab LES R\u00caVERIES DE NO\u00cbL \u00bb AVEC LA COMPAGNIE FARLIGHT (dur\u00e9e : 1h) &#8211; D\u00e8s 3 ans &#8211; Danse et com\u00e9die &#8211; Tente cristal, place de la R\u00e9publique Voyagez dans le monde des super-h\u00e9ros, des dessins anim\u00e9s et des jeux videos avec la venue du P\u00e8re No\u00ebl et des princesses Disney. Les enfants pourront prendre une photo avec le P\u00e8re No\u00ebl et un ballotin de chocolats leur sera offert par le Comit\u00e9 Officiel des F\u00eates (dans la limite des stocks disponibles).<\/p>\n<p>&#13;<\/p>\n<p><strong>\u00c0 18h : FEU D\u2019ARTIFICE ET ARRIV\u00c9E DU P\u00c8RE NO\u00cbL<\/strong><\/p>\n<p>&#13;<\/p>\n<p>* De 18h30 \u00e0 21h : SOIR\u00c9E DJ il va neiger sur la piste de roller !<\/p>\n<p>&#13;<\/p>\n<p>\t\t\t\tNo\u00ebl \u00e0 Carqueiranne&#13;<\/p>\n","protected":false},"excerpt":{"rendered":"L&rsquo;information est confirm\u00e9e de source s\u00fbre : le P\u00e8re No\u00ebl va arriver \u00e0 Carqueiranne le samedi 20 d\u00e9cembre,&hellip;\n","protected":false},"author":2,"featured_media":578540,"comment_status":"","ping_status":"","sticky":false,"template":"","format":"standard","meta":{"footnotes":""},"categories":[9619],"tags":[1111,11,1777,674,1011,27,12,882,25,2310],"class_list":{"0":"post-579356","1":"post","2":"type-post","3":"status-publish","4":"format-standard","5":"has-post-thumbnail","7":"category-toulon","8":"tag-actu","9":"tag-actualites","10":"tag-eu","11":"tag-europe","12":"tag-fr","13":"tag-france","14":"tag-news","15":"tag-provence-alpes-cote-dazur","16":"tag-republique-francaise","17":"tag-toulon"},"share_on_mastodon":{"url":"https:\/\/pubeurope.com\/@fr\/115665788247920727","error":""},"_links":{"self":[{"href":"https:\/\/www.europesays.com\/fr\/wp-json\/wp\/v2\/posts\/579356","targetHints":{"allow":["GET"]}}],"collection":[{"href":"https:\/\/www.europesays.com\/fr\/wp-json\/wp\/v2\/posts"}],"about":[{"href":"https:\/\/www.europesays.com\/fr\/wp-json\/wp\/v2\/types\/post"}],"author":[{"embeddable":true,"href":"https:\/\/www.europesays.com\/fr\/wp-json\/wp\/v2\/users\/2"}],"replies":[{"embeddable":true,"href":"https:\/\/www.europesays.com\/fr\/wp-json\/wp\/v2\/comments?post=579356"}],"version-history":[{"count":0,"href":"https:\/\/www.europesays.com\/fr\/wp-json\/wp\/v2\/posts\/579356\/revisions"}],"wp:featuredmedia":[{"embeddable":true,"href":"https:\/\/www.europesays.com\/fr\/wp-json\/wp\/v2\/media\/578540"}],"wp:attachment":[{"href":"https:\/\/www.europesays.com\/fr\/wp-json\/wp\/v2\/media?parent=579356"}],"wp:term":[{"taxonomy":"category","embeddable":true,"href":"https:\/\/www.europesays.com\/fr\/wp-json\/wp\/v2\/categories?post=579356"},{"taxonomy":"post_tag","embeddable":true,"href":"https:\/\/www.europesays.com\/fr\/wp-json\/wp\/v2\/tags?post=579356"}],"curies":[{"name":"wp","href":"https:\/\/api.w.org\/{rel}","templated":true}]}}