{"id":579357,"date":"2025-12-05T07:30:14","date_gmt":"2025-12-05T07:30:14","guid":{"rendered":"https:\/\/www.europesays.com\/fr\/579357\/"},"modified":"2025-12-05T07:30:14","modified_gmt":"2025-12-05T07:30:14","slug":"premiere-pierre-posee-pour-le-bhns-de-la-metropole-de-toulon","status":"publish","type":"post","link":"https:\/\/www.europesays.com\/fr\/579357\/","title":{"rendered":"Premi\u00e8re pierre pos\u00e9e pour le BHNS de la M\u00e9tropole de Toulon"},"content":{"rendered":"\n<p>Financ\u00e9 pour plus de 500\u00a0millions d\u2019euros par les entreprises de la M\u00e9tropole TPM, via une taxe transports, depuis 2002, le projet de tramway dans l\u2019aire toulonnaise est d\u00e9sormais enterr\u00e9. Jug\u00e9 trop cher et plus d\u2019actualit\u00e9 par la majorit\u00e9 au conseil m\u00e9tropolitain, qui justifie cette position par l\u2019augmentation des co\u00fbts entre le projet initial et ce qu\u2019il serait n\u00e9cessaire d\u2019investir aujourd\u2019hui, il a \u00e9t\u00e9 remplac\u00e9 par un bus \u00e0 haut de niveau de service (BHNS), <a rel=\"noopener noreferrer\" href=\"https:\/\/www.lamarseillaise.fr\/politique\/le-bus-a-haut-niveau-de-service-sur-la-voie-de-l-utilite-publique-PF18844658\" target=\"_blank\">d\u00e9clar\u00e9 d\u2019utilit\u00e9 publique par le pr\u00e9fet en octobre.<\/a><\/p>\n<p>Un projet \u00e0 395\u00a0millions d\u2019euros, financ\u00e9 pour 40\u00a0millions d\u2019euros par l\u2019\u00c9tat, 10\u00a0millions par la R\u00e9gion Sud, et donc 345 par la M\u00e9tropole. Soit, au bas mot, plus de 150\u00a0millions d\u2019euros de moins que la somme r\u00e9colt\u00e9e depuis 2002 par la M\u00e9tropole, dont \u00ab\u00a0il conviendra de savoir comment elle a \u00e9t\u00e9 utilis\u00e9e\u00a0\u00bb, botte en touche son pr\u00e9sident Jean-Pierre Giran (LR). La premi\u00e8re pierre a \u00e9t\u00e9 pos\u00e9e mercredi 3\u00a0d\u00e9cembre, \u00e0 Ollioules, pour un tron\u00e7on de 7\u00a0km (ligne 1a) qui reliera le Technop\u00f4le de la Mer \u00e0 Bir-Hakeim, \u00e0 Toulon. Il desservira les secteurs Geffrier, Escaillon, Herriot, XVe\u00a0corps, Villevieille et les Grands Boulevards.<\/p>\n<p> Livraison pr\u00e9vue en 2037\n              <\/p>\n<p>Ces premiers travaux consistent en la r\u00e9alisation d\u2019un mur de sout\u00e8nement \u00e0 hauteur de Geffrier, livr\u00e9 en juin\u00a02026. L\u2019ensemble du tron\u00e7on, lui, sera op\u00e9rationnel d\u2019ici 2029. Deux autres sont pr\u00e9vus dans le projet global, qui compte 28\u00a0km d\u2019infrastructures : le plus long entre l\u2019Espace Marine, \u00e0 La Seyne-sur-Mer, et la gare de la Pauline-Hy\u00e8res (ligne 1), et un autre entre le campus universitaire de la Garde et la gare La Garde-Centre (ligne\u00a01b). 44 v\u00e9hicules \u00e9lectriques y circuleront. Ils desserviront 65\u00a0stations dans cinq communes (Toulon, La\u00a0Garde, Ollioules, La Seyne et La\u00a0Valette), pour un trajet \u00e0 70% en site propre. Loin des 100% pr\u00e9vus par le tramway, ce qui implique <a rel=\"noopener noreferrer\" href=\"https:\/\/www.lamarseillaise.fr\/societe\/a-toulon-le-collectif-tramway-refuse-que-la-voie-du-rail-soit-enterree-NI19008270\" target=\"_blank\">une vitesse et une efficience moindres, comme le pointe l\u2019opposition<\/a>. Enfin, quatre parkings relais en silo (Porte d\u2019Ollioules et de Toulon, Sainte-Musse, gare la Pauline-Hy\u00e8res et Espace Marine \u00e0 La Seyne) verront le jour d\u2019ici 2037, date pr\u00e9vue pour la finalisation du projet.<\/p>\n","protected":false},"excerpt":{"rendered":"Financ\u00e9 pour plus de 500\u00a0millions d\u2019euros par les entreprises de la M\u00e9tropole TPM, via une taxe transports, depuis&hellip;\n","protected":false},"author":2,"featured_media":579358,"comment_status":"","ping_status":"","sticky":false,"template":"","format":"standard","meta":{"footnotes":""},"categories":[9619],"tags":[1111,11,49121,1777,674,1011,27,12,882,25,2310],"class_list":{"0":"post-579357","1":"post","2":"type-post","3":"status-publish","4":"format-standard","5":"has-post-thumbnail","7":"category-toulon","8":"tag-actu","9":"tag-actualites","10":"tag-bhns","11":"tag-eu","12":"tag-europe","13":"tag-fr","14":"tag-france","15":"tag-news","16":"tag-provence-alpes-cote-dazur","17":"tag-republique-francaise","18":"tag-toulon"},"share_on_mastodon":{"url":"https:\/\/pubeurope.com\/@fr\/115665792179734257","error":""},"_links":{"self":[{"href":"https:\/\/www.europesays.com\/fr\/wp-json\/wp\/v2\/posts\/579357","targetHints":{"allow":["GET"]}}],"collection":[{"href":"https:\/\/www.europesays.com\/fr\/wp-json\/wp\/v2\/posts"}],"about":[{"href":"https:\/\/www.europesays.com\/fr\/wp-json\/wp\/v2\/types\/post"}],"author":[{"embeddable":true,"href":"https:\/\/www.europesays.com\/fr\/wp-json\/wp\/v2\/users\/2"}],"replies":[{"embeddable":true,"href":"https:\/\/www.europesays.com\/fr\/wp-json\/wp\/v2\/comments?post=579357"}],"version-history":[{"count":0,"href":"https:\/\/www.europesays.com\/fr\/wp-json\/wp\/v2\/posts\/579357\/revisions"}],"wp:featuredmedia":[{"embeddable":true,"href":"https:\/\/www.europesays.com\/fr\/wp-json\/wp\/v2\/media\/579358"}],"wp:attachment":[{"href":"https:\/\/www.europesays.com\/fr\/wp-json\/wp\/v2\/media?parent=579357"}],"wp:term":[{"taxonomy":"category","embeddable":true,"href":"https:\/\/www.europesays.com\/fr\/wp-json\/wp\/v2\/categories?post=579357"},{"taxonomy":"post_tag","embeddable":true,"href":"https:\/\/www.europesays.com\/fr\/wp-json\/wp\/v2\/tags?post=579357"}],"curies":[{"name":"wp","href":"https:\/\/api.w.org\/{rel}","templated":true}]}}