{"id":579369,"date":"2025-12-05T07:39:15","date_gmt":"2025-12-05T07:39:15","guid":{"rendered":"https:\/\/www.europesays.com\/fr\/579369\/"},"modified":"2025-12-05T07:39:15","modified_gmt":"2025-12-05T07:39:15","slug":"il-est-possible-que-les-planetes-salignent-comment-la-droite-et-le-centre-se-voient-gagner-les-municipales-a-rennes","status":"publish","type":"post","link":"https:\/\/www.europesays.com\/fr\/579369\/","title":{"rendered":"\u00ab\u00a0Il est possible que les plan\u00e8tes s\u2019alignent\u00a0\u00bb\u00a0: comment la droite et le centre se voient gagner les municipales \u00e0 Rennes"},"content":{"rendered":"<p>Ils le reconnaissent volontiers. M\u00eame unis, la marche pour gagner la ville en mars prochain, est \u00ab tr\u00e8s haute \u00bb. Dans ce contexte, Charles Compagnon et Carole Gandon entament leur campagne en appuyant l\u00e0 o\u00f9 \u00e7a fait mal : l\u2019aspiration (pr\u00e9sum\u00e9e) des Rennais \u00e0 l\u2019alternance, l\u2019usure du pouvoir en place et la vacuit\u00e9 d\u2019une alliance de gauche, pr\u00e9sent\u00e9e comme \u00ab l\u2019union de gens qui ne sont d\u2019accord sur rien \u00e0 part le fait de garder leur place au chaud \u00bb.<\/p>\n<p><a class=\"tlg-kiosque tlg-kiosque-rennes gtm-kiosque-rennes\" href=\"https:\/\/www.lemensuel.com\/rennes\" target=\"_blank\" rel=\"noopener\"><img decoding=\"async\" src=\"https:\/\/www.europesays.com\/fr\/wp-content\/uploads\/2025\/12\/MDR_une_complete.png\" alt=\"Couverture Mensuel Rennes\"\/><\/p>\n<p>Le Mensuel de Rennes<\/p>\n<p>Magazine curieux et (im)pertinent !<\/p>\n<p>D\u00e9couvrez<\/a><\/p>\n<p>\u00ab Rennes ne m\u00e9rite ni la peur, ni la r\u00e9signation, mart\u00e8le Charles Compagnon. La ville s\u2019endort dans une routine du pouvoir. Le temps de l\u2019alternance est venu. \u00bb Indice de ce besoin de changement ? Le succ\u00e8s de la p\u00e9tition lanc\u00e9e par Compagnon sur l\u2019avenir de la patinoire Le Blizz d\u00e9but novembre. Celle-ci avait recueilli plus de 7 000 votes en seulement quelques jours, se f\u00e9licitait-on dans l\u2019entourage du candidat Horizons.<\/p>\n<p>Un programme qui s\u2019affine<\/p>\n<p>Pour le duo d\u2019opposants, l\u2019enjeu est \u00e0 la mobilisation. Aux derni\u00e8res municipales, en 2020, le taux d\u2019abstention flirtait avec les 60 %. Comment faire bouger les gens vers les urnes ? Compagnon et Gandon comptent s\u2019attacher \u00e0 \u00e9tablir une liste de propositions pour les projeter dans une ville \u00ab durable, belle et accessible \u00bb mais aussi \u00ab rayonnante, sportive et culturelle \u00bb. Leurs propositions seront d\u00e9voil\u00e9es dans les jours qui viennent.<\/p>\n<p>L\u2019ins\u00e9curit\u00e9 y aura une place centrale, \u00ab mais cela ne fait pas un programme \u00bb, assure Charles Compagnon, qui promet un projet bien \u00ab plus vaste \u00bb, qui se d\u00e9clinera sur \u00ab trois autres piliers : l\u2019urbanisme, l\u2019\u00e9cologie et les transports \u00bb. Y figure d\u00e9j\u00e0, notamment, la cr\u00e9ation d\u2019une \u00ab brigade de tranquillit\u00e9 r\u00e9sidentielle \u00bb, mise en place via la coop\u00e9ration avec les bailleurs et la police municipale, inspir\u00e9e de celle de Montpellier. Pouss\u00e9s par Carole Gandon, le prolongement du m\u00e9tro et la cr\u00e9ation de parkings relais extra-rocades feront aussi partie des propositions.<\/p>\n<p>Equation \u00e0 plusieurs inconnues<\/p>\n<p>Enfin, Charles Compagnon et Carole Gandon misent sur la versatilit\u00e9 du contexte. \u00ab Les choses bougent et elles bougent tr\u00e8s vite. Et il est possible que les plan\u00e8tes s\u2019alignent. \u00bb En termes politiques, la pr\u00e9sence d\u2019une liste LFI est susceptible de perturber les plans de la maire, esp\u00e8rent-ils. \u00ab Elle pourrait bien passer au-dessus de la barre des 10 %, synonyme de triangulaire. Dans cette \u00e9quation, on a une vraie chance de victoire \u00bb, confiait Carole Gandon, le 13 novembre, juste avant la confirmation de la candidature d\u2019<a href=\"https:\/\/www.letelegramme.fr\/ille-et-vilaine\/rennes-35000\/il-clarifie-une-chose-il-nest-pas-insoumis-suspendu-par-lfi-ulysse-rabate-assure-quil-sera-bien-candidat-aux-municipales-a-rennes-6931949.php\" target=\"_blank\" rel=\"noopener\">Ulysse Rabat\u00e9<\/a>, en concurrence de celle men\u00e9e par l\u2019insoumise Marie Mesmeur.<\/p>\n<p>Pas de quoi faire les affaires du duo d\u2019opposants. Autre inconnue, la candidature du LR Thomas Rousseau. Apr\u00e8s avoir suscit\u00e9 une g\u00eane prononc\u00e9e avec sa proposition de primaire, le leader de L\u2019Espoir rennais est toujours dans les starting-blocks \u00e0 l\u2019heure o\u00f9 nous bouclons. Selon le duo Compagnon-Gandon, les discussions avec lui se poursuivent. Manifestement, personne n\u2019est pr\u00eat \u00e0 assumer la responsabilit\u00e9 d\u2019\u00eatre le premier \u00e0 les rompre.<\/p>\n","protected":false},"excerpt":{"rendered":"Ils le reconnaissent volontiers. M\u00eame unis, la marche pour gagner la ville en mars prochain, est \u00ab tr\u00e8s&hellip;\n","protected":false},"author":2,"featured_media":579370,"comment_status":"","ping_status":"","sticky":false,"template":"","format":"standard","meta":{"footnotes":""},"categories":[2821],"tags":[1111,11,829,1777,674,1011,27,848,26053,12,3364,584,25],"class_list":{"0":"post-579369","1":"post","2":"type-post","3":"status-publish","4":"format-standard","5":"has-post-thumbnail","7":"category-rennes","8":"tag-actu","9":"tag-actualites","10":"tag-bretagne","11":"tag-eu","12":"tag-europe","13":"tag-fr","14":"tag-france","15":"tag-ille-et-vilaine","16":"tag-municipales-2026-a-rennes","17":"tag-news","18":"tag-politique-a-rennes","19":"tag-rennes","20":"tag-republique-francaise"},"share_on_mastodon":{"url":"https:\/\/pubeurope.com\/@fr\/115665828814731531","error":""},"_links":{"self":[{"href":"https:\/\/www.europesays.com\/fr\/wp-json\/wp\/v2\/posts\/579369","targetHints":{"allow":["GET"]}}],"collection":[{"href":"https:\/\/www.europesays.com\/fr\/wp-json\/wp\/v2\/posts"}],"about":[{"href":"https:\/\/www.europesays.com\/fr\/wp-json\/wp\/v2\/types\/post"}],"author":[{"embeddable":true,"href":"https:\/\/www.europesays.com\/fr\/wp-json\/wp\/v2\/users\/2"}],"replies":[{"embeddable":true,"href":"https:\/\/www.europesays.com\/fr\/wp-json\/wp\/v2\/comments?post=579369"}],"version-history":[{"count":0,"href":"https:\/\/www.europesays.com\/fr\/wp-json\/wp\/v2\/posts\/579369\/revisions"}],"wp:featuredmedia":[{"embeddable":true,"href":"https:\/\/www.europesays.com\/fr\/wp-json\/wp\/v2\/media\/579370"}],"wp:attachment":[{"href":"https:\/\/www.europesays.com\/fr\/wp-json\/wp\/v2\/media?parent=579369"}],"wp:term":[{"taxonomy":"category","embeddable":true,"href":"https:\/\/www.europesays.com\/fr\/wp-json\/wp\/v2\/categories?post=579369"},{"taxonomy":"post_tag","embeddable":true,"href":"https:\/\/www.europesays.com\/fr\/wp-json\/wp\/v2\/tags?post=579369"}],"curies":[{"name":"wp","href":"https:\/\/api.w.org\/{rel}","templated":true}]}}