{"id":579371,"date":"2025-12-05T07:40:23","date_gmt":"2025-12-05T07:40:23","guid":{"rendered":"https:\/\/www.europesays.com\/fr\/579371\/"},"modified":"2025-12-05T07:40:23","modified_gmt":"2025-12-05T07:40:23","slug":"municipales-2026-a-strasbourg-et-mulhouse-les-maires-sortantes-face-a-une-campagne-eparpillee","status":"publish","type":"post","link":"https:\/\/www.europesays.com\/fr\/579371\/","title":{"rendered":"Municipales 2026. \u00c0 Strasbourg et Mulhouse, les maires sortantes face \u00e0 une campagne \u00e9parpill\u00e9e"},"content":{"rendered":"<p>\u00c0 Strasbourg (290 000 habitants), la bataille des prochaines municipales a commenc\u00e9 d\u00e8s le lendemain de la victoire de l\u2019\u00e9cologiste <a href=\"https:\/\/www.dna.fr\/p\/jeanne-barseghian\" target=\"_blank\" rel=\"noopener\">Jeanne Barseghian<\/a>, en 2020. Le mandat qui s\u2019ach\u00e8ve aura en effet \u00e9t\u00e9 le th\u00e9\u00e2tre d\u2019un affrontement politique d\u2019une rare intensit\u00e9. Mais si la gauche a aussi conquis en cinq ans les trois circonscriptions l\u00e9gislatives, elle n\u2019\u00e9chappe pas, \u00e0 l\u2019heure de pr\u00e9parer les municipales de mars 2026, aux divisions nationales.<\/p>\n<p>Bien au contraire. <a href=\"https:\/\/www.dna.fr\/politique\/2025\/11\/02\/a-strasbourg-la-gauche-avance-desunie\" target=\"_blank\" rel=\"noopener\">Elles sont m\u00eame agr\u00e9ment\u00e9es d\u2019antagonismes locaux<\/a>. La maire sortante est candidate \u00e0 sa succession et dit vouloir, comme il y a six ans, rassembler des \u00e9cologistes au PCF en passant par des sociod\u00e9mocrates. Mais <a href=\"https:\/\/www.dna.fr\/elections\/2025\/10\/14\/strasbourg-florian-kobryn-designe-tete-de-liste-pour-la-france-insoumise\" target=\"_blank\" rel=\"noopener\">La France insoumise fait liste \u00e0 part avec Florian Kobryn<\/a> dans le cadre d\u2019une strat\u00e9gie nationale. De son c\u00f4t\u00e9, <a href=\"https:\/\/www.dna.fr\/politique\/2025\/11\/20\/catherine-trautmann-investie-par-le-ps-a-strasbourg\" target=\"_blank\" rel=\"noopener\">le Parti socialiste pr\u00e9pare, comme en 2020, une liste derri\u00e8re Catherine Trautmann<\/a>. L\u2019ancienne maire et ancienne ministre a marqu\u00e9 la rentr\u00e9e <a href=\"https:\/\/www.dna.fr\/elections\/2025\/10\/10\/on-me-demande-de-rempiler-catherine-trautmann-se-lance-dans-la-course-pour-strasbourg\" target=\"_blank\" rel=\"noopener\">en d\u00e9voilant sa candidature<\/a> et en apparaissant m\u00eame <a href=\"https:\/\/www.dna.fr\/elections\/2025\/09\/12\/strasbourg-selon-un-sondage-ifop-trautmann-et-vetter-au-coude-a-coude-devant-barseghian\" target=\"_blank\" rel=\"noopener\"> en t\u00eate dans un premier sondage<\/a>. D\u2019autres initiatives ont \u00e9t\u00e9 annonc\u00e9es du centre gauche \u00e0 l\u2019extr\u00eame gauche.<\/p>\n<p>Le morcellement de l\u2019\u00e9chiquier politique est tout aussi frappant \u00e0 Mulhouse (105 000 habitants) o\u00f9 la maire divers droite <a href=\"https:\/\/www.dna.fr\/elections\/2025\/12\/01\/michele-lutz-la-maire-sortante-de-mulhouse-candidate-a-sa-reelection\" target=\"_blank\" rel=\"noopener\">Mich\u00e8le Lutz a annonc\u00e9 cette semaine sa volont\u00e9 de se repr\u00e9senter<\/a>. \u00c9lue en 2020 dans le cadre d\u2019un ticket avec l\u2019ancien pr\u00e9sident de la r\u00e9gion <a href=\"https:\/\/www.dna.fr\/p\/jean-rottner\" target=\"_blank\" rel=\"noopener\">Jean Rottner<\/a>, elle assume d\u00e9sormais le leadership sur son seul nom. Soutenue par LR et Horizons, elle fait face \u00e0 un centre qui est en passe de produire plusieurs candidatures ; qu\u2019il s\u2019agisse de <a href=\"https:\/\/www.dna.fr\/elections\/2025\/12\/02\/a-mulhouse-la-methode-sornin-se-veut-comme-un-renouveau-de-la-politique-locale\" target=\"_blank\" rel=\"noopener\">l\u2019ancienne adjointe C\u00e9cile Sornin<\/a> , de <a href=\"https:\/\/www.dna.fr\/elections\/2025\/11\/28\/frederic-marquet-peaufine-son-projet-pour-gagner-la-mairie-de-mulhouse-trois-urgences-la-sante-la-proprete-la-securite\" target=\"_blank\" rel=\"noopener\">l\u2019ex manager du commerce Fr\u00e9d\u00e9ric Marquet<\/a> voire de la patronne de Renaissance 68 Lara Million, pas encore d\u00e9clar\u00e9e.<\/p>\n<p>Influenc\u00e9e par la situation nationale, la gauche mulhousienne ne fait pas l\u2019\u00e9conomie du divorce avec les Insoumis puisque <a href=\"https:\/\/www.dna.fr\/elections\/2025\/10\/24\/la-liste-d-union-cause-commune-devient-mulhouse-en-commun-et-annonce-sa-methode-de-travail\" target=\"_blank\" rel=\"noopener\">l\u2019\u00e9cologiste Lo\u00efc Minery rassemble les socialistes et les communistes<\/a> , mais pas LFI, qui pr\u00e9sente sa propre liste. Une situation \u00e0 laquelle s\u2019ajoute l\u2019initiative de l\u2019ancien centriste <a href=\"https:\/\/www.dna.fr\/elections\/2025\/11\/14\/a-mulhouse-annouar-sassi-s-inscrit-comme-le-candidat-de-la-gauche-des-quartiers\" target=\"_blank\" rel=\"noopener\">Annouar Sassi, qui se r\u00e9clame de la gauche lui aussi<\/a>. \u00c0 l\u2019extr\u00eame droite, divis\u00e9e \u00e9galement, <a href=\"https:\/\/www.dna.fr\/elections\/2025\/09\/06\/a-mulhouse-christelle-ritz-(rn)-veut-lutter-contre-l-insecurite-grandissante\" target=\"_blank\" rel=\"noopener\">l\u2019\u00e9lue RN Christelle Ritz<\/a> aura dans son p\u00e9rim\u00e8tre une liste Reconqu\u00eate.<\/p>\n<p>D\u00e8s janvier, \u00e0 Strasbourg, Mulhouse et ailleurs en Alsace, la campagne entrera dans une nouvelle phase, celle des programmes, de la composition des listes et peut-\u00eatre des alliances de derni\u00e8re minute.<\/p>\n","protected":false},"excerpt":{"rendered":"\u00c0 Strasbourg (290 000 habitants), la bataille des prochaines municipales a commenc\u00e9 d\u00e8s le lendemain de la victoire&hellip;\n","protected":false},"author":2,"featured_media":579372,"comment_status":"","ping_status":"","sticky":false,"template":"","format":"standard","meta":{"footnotes":""},"categories":[2820],"tags":[1111,11,2389,1984,1636,2880,5949,4188,1777,674,107,1011,27,775,1634,12,316,25,640],"class_list":{"0":"post-579371","1":"post","2":"type-post","3":"status-publish","4":"format-standard","5":"has-post-thumbnail","7":"category-strasbourg","8":"tag-actu","9":"tag-actualites","10":"tag-alsace","11":"tag-conseil-municipal","12":"tag-edition-mulhouse-thann","13":"tag-edition-strasbourg","14":"tag-elections","15":"tag-elections-municipales","16":"tag-eu","17":"tag-europe","18":"tag-fil-info","19":"tag-fr","20":"tag-france","21":"tag-grand-est","22":"tag-mulhouse","23":"tag-news","24":"tag-politique","25":"tag-republique-francaise","26":"tag-strasbourg"},"share_on_mastodon":{"url":"https:\/\/pubeurope.com\/@fr\/115665831416510074","error":""},"_links":{"self":[{"href":"https:\/\/www.europesays.com\/fr\/wp-json\/wp\/v2\/posts\/579371","targetHints":{"allow":["GET"]}}],"collection":[{"href":"https:\/\/www.europesays.com\/fr\/wp-json\/wp\/v2\/posts"}],"about":[{"href":"https:\/\/www.europesays.com\/fr\/wp-json\/wp\/v2\/types\/post"}],"author":[{"embeddable":true,"href":"https:\/\/www.europesays.com\/fr\/wp-json\/wp\/v2\/users\/2"}],"replies":[{"embeddable":true,"href":"https:\/\/www.europesays.com\/fr\/wp-json\/wp\/v2\/comments?post=579371"}],"version-history":[{"count":0,"href":"https:\/\/www.europesays.com\/fr\/wp-json\/wp\/v2\/posts\/579371\/revisions"}],"wp:featuredmedia":[{"embeddable":true,"href":"https:\/\/www.europesays.com\/fr\/wp-json\/wp\/v2\/media\/579372"}],"wp:attachment":[{"href":"https:\/\/www.europesays.com\/fr\/wp-json\/wp\/v2\/media?parent=579371"}],"wp:term":[{"taxonomy":"category","embeddable":true,"href":"https:\/\/www.europesays.com\/fr\/wp-json\/wp\/v2\/categories?post=579371"},{"taxonomy":"post_tag","embeddable":true,"href":"https:\/\/www.europesays.com\/fr\/wp-json\/wp\/v2\/tags?post=579371"}],"curies":[{"name":"wp","href":"https:\/\/api.w.org\/{rel}","templated":true}]}}