{"id":579377,"date":"2025-12-05T07:43:11","date_gmt":"2025-12-05T07:43:11","guid":{"rendered":"https:\/\/www.europesays.com\/fr\/579377\/"},"modified":"2025-12-05T07:43:11","modified_gmt":"2025-12-05T07:43:11","slug":"la-justice-rejette-les-recours-dassociations-environnementales-pour-le-nouveau-projet-du-min-dazur","status":"publish","type":"post","link":"https:\/\/www.europesays.com\/fr\/579377\/","title":{"rendered":"la justice rejette les recours d\u2019associations environnementales pour le nouveau projet du MIN d\u2019Azur"},"content":{"rendered":"<p>\n    Le d\u00e9m\u00e9nagement du \u00abRungis\u00bb de la C\u00f4te d\u2019Azur dans la commune de La Gaude est \u00e9voqu\u00e9, mais contest\u00e9 depuis plusieurs ann\u00e9es.<\/p>\n<p class=\"fig-paragraph\">Le tribunal administratif de Nice (Alpes-Maritimes) a rejet\u00e9 deux recours d\u2019associations environnementales qui contestaient\u00a0<a href=\"http:\/\/www.lefigaro.fr\/nice\/a-nice-la-relocalisation-du-marche-d-interet-national-de-nouveau-sur-la-table-20240802\" data-fig-type=\"NewsFlash\" data-gtm-custom-categorie=\"navigation\" data-gtm-custom-action=\"crossclick\" data-gtm-custom-label=\"Contextuel\" data-gtm-event=\"customEventSPE\" data-fig-domain=\"LEFIGARO\" target=\"_blank\" rel=\"noopener\">le d\u00e9m\u00e9nagement du march\u00e9 d\u2019int\u00e9r\u00eat national<\/a>\u00a0dans la commune voisine de La Gaude, un projet lanc\u00e9 depuis plusieurs ann\u00e9es mais qui tarde \u00e0 se concr\u00e9tiser. Le \u00abMIN d\u2019Azur\u00bb, consid\u00e9r\u00e9 comme le\u00a0<a href=\"https:\/\/www.lefigaro.fr\/actualite-france\/stephane-layani-president-du-marche-de-rungis-le-maintien-de-notre-souverainete-alimentaire-est-en-jeu-20240223\" data-fig-type=\"Article\" data-gtm-custom-categorie=\"navigation\" data-gtm-custom-action=\"crossclick\" data-gtm-custom-label=\"Contextuel\" data-gtm-event=\"customEventSPE\" data-fig-domain=\"LEFIGARO\" target=\"_blank\" rel=\"noopener\">Rungis<\/a>\u00a0local, se trouve aujourd\u2019hui dans l\u2019ouest de Nice \u00e0 proximit\u00e9 de\u00a0<a href=\"http:\/\/www.lefigaro.fr\/nice\/nice-la-justice-valide-le-projet-d-extension-de-l-aeroport-20250919\" data-fig-type=\"NewsFlash\" data-gtm-custom-categorie=\"navigation\" data-gtm-custom-action=\"crossclick\" data-gtm-custom-label=\"Contextuel\" data-gtm-event=\"customEventSPE\" data-fig-domain=\"LEFIGARO\" target=\"_blank\" rel=\"noopener\">l\u2019a\u00e9roport<\/a>\u00a0mais les b\u00e2timents, qui datent de 1965, sont jug\u00e9s v\u00e9tustes et obsol\u00e8tes.<\/p>\n<p class=\"fig-paragraph\">Un nouveau site d\u2019une dizaine d\u2019hectares \u00e0 La Gaude avait alors \u00e9t\u00e9 retenu avant d\u2019\u00eatre contest\u00e9 par l\u2019antenne r\u00e9gionale de France nature environnement (FNE) et le Collectif associatif 06, qui apr\u00e8s le rejet de leurs recours, ont d\u00e9cid\u00e9 de faire appel. Ces associations ont attaqu\u00e9 une d\u00e9rogation accord\u00e9e par la pr\u00e9fecture car elles estiment que ce projet va mettre en danger la biodiversit\u00e9 environnante de ce terrain dit de \u00abLa Baronne\u00bb, au bord du fleuve c\u00f4tier du Var.<\/p>\n<p>                                            <a class=\"fig-a11y-skip\" href=\"#fig-a11y-skip-main-inarticle\" data-module=\"a11y-skip\" data-context=\"was @visible\"><br \/>\n    Passer la publicit\u00e9<br \/>\n<\/a>            <\/p>\n<p class=\"fig-paragraph\">Mais la justice a consid\u00e9r\u00e9 qu\u2019il n\u2019existait pas d\u2019autre solution alternative cr\u00e9dible pour la relocalisation du MIN et que les mesures de compensations environnementales n\u2019\u00e9taient \u00abpas insuffisantes\u00bb, comme le soulignaient les militants. Le site de \u00abLa Baronne\u00bb offre \u00able meilleur compromis\u00bb, a r\u00e9sum\u00e9 le tribunal administratif de Nice dans un communiqu\u00e9, mercredi, ajoutant qu\u2019il est \u00abfacile d\u2019acc\u00e8s\u00bb et \u00ab\u00e0 proximit\u00e9 de plusieurs sites locaux de production agricole\u00bb.<\/p>\n<p>                                            Pas de calendrier<\/p>\n<p class=\"fig-paragraph\">\u00abC\u2019est une nouvelle victoire juridique qui d\u00e9montre la solidit\u00e9 de ce projet\u00bb, s\u2019est f\u00e9licit\u00e9 le pr\u00e9sident-maire de Nice\u00a0<a href=\"http:\/\/www.lefigaro.fr\/nice\/municipales-2026-a-nice-christian-estrosi-lance-officiellement-sa-campagne-lors-d-une-grande-reunion-publique-20251122\" data-fig-type=\"NewsFlash\" data-gtm-custom-categorie=\"navigation\" data-gtm-custom-action=\"crossclick\" data-gtm-custom-label=\"Contextuel\" data-gtm-event=\"customEventSPE\" data-fig-domain=\"LEFIGARO\" target=\"_blank\" rel=\"noopener\">Christian Estrosi<\/a>, assurant que la r\u00e9alisation du projet va se poursuivre \u00abavec la m\u00eame d\u00e9termination\u00bb. \u00abJe suis satisfait mais pas surpris car le dossier est solide\u00a0: le MIN est indispensable \u00e0 la fili\u00e8re agricole, tout le monde devrait soutenir ce projet\u00bb, mart\u00e8le Bruno Bettati, maire de La Gaude. Mais aucun calendrier n\u2019est encore connu alors que ce projet remonte d\u00e9j\u00e0 \u00e0 2019 et qu\u2019il avait fait l\u2019objet d\u2019un second permis de construire apr\u00e8s la r\u00e9siliation en 2023 d\u2019un partenariat public-priv\u00e9 avec le promoteur Bouygues.<\/p>\n<p class=\"fig-paragraph\">Les b\u00e2timents attribu\u00e9s aux fruits et l\u00e9gumes vont \u00eatre prochainement d\u00e9molis en 2026 en raison des travaux de\u00a0<a href=\"http:\/\/www.lefigaro.fr\/nice\/proche-de-l-aeroport-multimodale-bioclimatique-tout-ce-qu-il-faut-savoir-sur-la-future-grande-gare-de-nice-20231121\" data-fig-type=\"NewsFlash\" data-gtm-custom-categorie=\"navigation\" data-gtm-custom-action=\"crossclick\" data-gtm-custom-label=\"Contextuel\" data-gtm-event=\"customEventSPE\" data-fig-domain=\"LEFIGARO\" target=\"_blank\" rel=\"noopener\">la nouvelle gare SNCF<\/a>\u00a0\u00e0 proximit\u00e9 et les professionnels vont \u00eatre\u00a0<a href=\"http:\/\/www.lefigaro.fr\/nice\/a-nice-une-partie-du-min-va-demenager-provisoirement-toujours-dans-l-attente-d-une-relocalisation-complete-20250203\" data-fig-type=\"NewsFlash\" data-gtm-custom-categorie=\"navigation\" data-gtm-custom-action=\"crossclick\" data-gtm-custom-label=\"Contextuel\" data-gtm-event=\"customEventSPE\" data-fig-domain=\"LEFIGARO\" target=\"_blank\" rel=\"noopener\">d\u00e9plac\u00e9s provisoirement<\/a>\u00a0sous un grand pr\u00e9au r\u00e9frig\u00e9r\u00e9, en attendant que le projet de La Gaude se concr\u00e9tise.<\/p>\n<p class=\"fig-paragraph\">Pr\u00e8s de 100.000 tonnes de marchandises transitent chaque ann\u00e9e dans le MIN d\u2019Azur de Nice entre fruits, l\u00e9gumes, viandes et fleurs. 1500 emplois directs sont recens\u00e9s et les locaux sont presque tous occup\u00e9s, pour un chiffre d\u2019affaires annuel estim\u00e9 \u00e0 pr\u00e8s de 300 millions d\u2019euros. Une vingtaine de march\u00e9s similaires existent en France.<\/p>\n","protected":false},"excerpt":{"rendered":"Le d\u00e9m\u00e9nagement du \u00abRungis\u00bb de la C\u00f4te d\u2019Azur dans la commune de La Gaude est \u00e9voqu\u00e9, mais contest\u00e9&hellip;\n","protected":false},"author":2,"featured_media":579378,"comment_status":"","ping_status":"","sticky":false,"template":"","format":"standard","meta":{"footnotes":""},"categories":[2819],"tags":[1111,11,10285,436,1777,674,1011,27,303,12,2401,882,25],"class_list":{"0":"post-579377","1":"post","2":"type-post","3":"status-publish","4":"format-standard","5":"has-post-thumbnail","7":"category-nice","8":"tag-actu","9":"tag-actualites","10":"tag-amenagement-du-territoire","11":"tag-environnement","12":"tag-eu","13":"tag-europe","14":"tag-fr","15":"tag-france","16":"tag-justice","17":"tag-news","18":"tag-nice","19":"tag-provence-alpes-cote-dazur","20":"tag-republique-francaise"},"share_on_mastodon":{"url":"https:\/\/pubeurope.com\/@fr\/115665843475455792","error":""},"_links":{"self":[{"href":"https:\/\/www.europesays.com\/fr\/wp-json\/wp\/v2\/posts\/579377","targetHints":{"allow":["GET"]}}],"collection":[{"href":"https:\/\/www.europesays.com\/fr\/wp-json\/wp\/v2\/posts"}],"about":[{"href":"https:\/\/www.europesays.com\/fr\/wp-json\/wp\/v2\/types\/post"}],"author":[{"embeddable":true,"href":"https:\/\/www.europesays.com\/fr\/wp-json\/wp\/v2\/users\/2"}],"replies":[{"embeddable":true,"href":"https:\/\/www.europesays.com\/fr\/wp-json\/wp\/v2\/comments?post=579377"}],"version-history":[{"count":0,"href":"https:\/\/www.europesays.com\/fr\/wp-json\/wp\/v2\/posts\/579377\/revisions"}],"wp:featuredmedia":[{"embeddable":true,"href":"https:\/\/www.europesays.com\/fr\/wp-json\/wp\/v2\/media\/579378"}],"wp:attachment":[{"href":"https:\/\/www.europesays.com\/fr\/wp-json\/wp\/v2\/media?parent=579377"}],"wp:term":[{"taxonomy":"category","embeddable":true,"href":"https:\/\/www.europesays.com\/fr\/wp-json\/wp\/v2\/categories?post=579377"},{"taxonomy":"post_tag","embeddable":true,"href":"https:\/\/www.europesays.com\/fr\/wp-json\/wp\/v2\/tags?post=579377"}],"curies":[{"name":"wp","href":"https:\/\/api.w.org\/{rel}","templated":true}]}}