{"id":579388,"date":"2025-12-05T07:49:10","date_gmt":"2025-12-05T07:49:10","guid":{"rendered":"https:\/\/www.europesays.com\/fr\/579388\/"},"modified":"2025-12-05T07:49:10","modified_gmt":"2025-12-05T07:49:10","slug":"bon-plan-au-depart-de-toulouse-une-journee-au-ski-a-prix-reduit-dans-les-pyrenees","status":"publish","type":"post","link":"https:\/\/www.europesays.com\/fr\/579388\/","title":{"rendered":"Bon plan. Au d\u00e9part de Toulouse, une journ\u00e9e au ski \u00e0 prix r\u00e9duit dans les Pyr\u00e9n\u00e9es"},"content":{"rendered":"<p>                    Par<br \/>\n        <strong><br \/>\n            <a href=\"https:\/\/actu.fr\/auteur\/lucie-2\" title=\"Consulter tous les articles de Lucie Fraisse\" target=\"_blank\" rel=\"noopener\">Lucie Fraisse<\/a><br \/>\n                    <\/strong><\/p>\n<p>        Publi\u00e9 le<\/p>\n<p>            5 d\u00e9c. 2025 \u00e0 8h32        <\/p>\n<p>Plus que quelques jours avant<a href=\"https:\/\/actu.fr\/occitanie\/castillon-de-larbskizyoust_31123\/pyrenees-avec-sa-neige-immaculee-la-station-de-ski-de-peyragudes-annonce-son-ouverture-en-deux-temps_63492474.html\" target=\"_blank\" rel=\"noopener\"> l\u2019ouverture de la station de Peyragudes<\/a> dans<a href=\"https:\/\/actu.fr\/tag\/pyrenees\" target=\"_blank\" rel=\"noopener\"> les Pyr\u00e9n\u00e9es<\/a> qui doit accueillir les skieurs d\u00e8s le 6 d\u00e9cembre. C\u2019est l\u2019une<strong> des stations favorites des Toulousains<\/strong> et comme chaque ann\u00e9e, une offre permet de rallier la station depuis la Ville rose en bus, pour la journ\u00e9e, \u00e0 un prix comp\u00e9titif.<\/p>\n<p>Sorties les week-ends\u00a0<\/p>\n<p class=\" wall-content\">Cette ann\u00e9e encore, Skizy propose en effet des sorties tous les week-ends de l\u2019hiver ou presque <strong>pour rallier Peyragudes<\/strong> en bus pour la journ\u00e9e. Une offre qui comprend le trajet en bus et le forfait en station, pour 37 euros.\u00a0<\/p>\n<p class=\" wall-content\">\u00c0 noter, ce tarif s\u2019applique pour les week-ends de d\u00e9cembre (journ\u00e9es du 6,7, 13 et 14 d\u00e9cembre). Il \u00e9voluera en janvier prochain.<\/p>\n<p>R\u00e9duction sur les locations\u00a0<\/p>\n<p class=\" wall-content\">En plus <a href=\"https:\/\/actu.fr\/occitanie\/bagneres-de-luchon_31042\/depuis-toulouse-ces-offres-interessantes-pour-skier-dans-les-pyrenees-et-profiter-d-une-balneo-reviennent_63431030.html\" target=\"_blank\" rel=\"noopener\">du transport et du forfait ski,<\/a> l\u2019offre permet aussi de d\u00e9guster une boisson chaude au pied des pistes, l\u00e0 o\u00f9 le bus d\u00e9pose les voyageurs \u00e0 l\u2019arriv\u00e9e. Pour ceux qui n\u2019auraient pas le mat\u00e9riel n\u00e9cessaire, l\u2019offre permet aussi de b\u00e9n\u00e9ficier de r\u00e9ductions chez Intersport pour la location.<\/p>\n<p class=\" wall-content\">Plusieurs lieux de d\u00e9parts sont possibles : depuis la gare de Colomiers \u00e0 6h30; depuis la station de m\u00e9tro Compans \u00e0 6h45, depuis la station Marengo SNCF \u00e0 6h55 et depuis le m\u00e9tro Paul Sabatier \u00e0 7h10. Il faut compter deux heures de trajet. Le d\u00e9part de la station se fait \u00e0 16h30.<\/p>\n<p><strong>Infos pratiques :<\/strong><br \/>Toutes les informations, dates et r\u00e9servations <a href=\"https:\/\/skizy.ski\/\" target=\"_blank\" rel=\"noopener\">sur le site d\u00e9di\u00e9<\/a>.<\/p>\n<p class=\" wall-content\">Personnalisez votre actualit\u00e9 en ajoutant vos villes et m\u00e9dias en favori avec <a href=\"https:\/\/moncompte.actu.fr\" title=\"D\u00e9couvez Mon Actu\" rel=\"nofollow noopener\" data-trk=\"{&quot;cta&quot;:{&quot;action&quot;:&quot;https:\\\/\\\/moncompte.actu.fr&quot;,&quot;category&quot;:&quot;mon compte&quot;,&quot;from&quot;:&quot;article footer&quot;,&quot;name&quot;:&quot;Mon actu&quot;,&quot;type&quot;:&quot;cta&quot;}}\" target=\"_blank\">Mon Actu<\/a>.<\/p>\n","protected":false},"excerpt":{"rendered":"Par Lucie Fraisse Publi\u00e9 le 5 d\u00e9c. 2025 \u00e0 8h32 Plus que quelques jours avant l\u2019ouverture de la&hellip;\n","protected":false},"author":2,"featured_media":579389,"comment_status":"","ping_status":"","sticky":false,"template":"","format":"standard","meta":{"footnotes":""},"categories":[2816],"tags":[1111,11,1777,674,1011,27,1652,10584,12,2680,2723,25,4129,2312],"class_list":{"0":"post-579388","1":"post","2":"type-post","3":"status-publish","4":"format-standard","5":"has-post-thumbnail","7":"category-toulouse","8":"tag-actu","9":"tag-actualites","10":"tag-eu","11":"tag-europe","12":"tag-fr","13":"tag-france","14":"tag-loisirs-culture","15":"tag-neige","16":"tag-news","17":"tag-occitanie","18":"tag-pyrenees","19":"tag-republique-francaise","20":"tag-ski","21":"tag-toulouse"},"share_on_mastodon":{"url":"https:\/\/pubeurope.com\/@fr\/115665866892420030","error":""},"_links":{"self":[{"href":"https:\/\/www.europesays.com\/fr\/wp-json\/wp\/v2\/posts\/579388","targetHints":{"allow":["GET"]}}],"collection":[{"href":"https:\/\/www.europesays.com\/fr\/wp-json\/wp\/v2\/posts"}],"about":[{"href":"https:\/\/www.europesays.com\/fr\/wp-json\/wp\/v2\/types\/post"}],"author":[{"embeddable":true,"href":"https:\/\/www.europesays.com\/fr\/wp-json\/wp\/v2\/users\/2"}],"replies":[{"embeddable":true,"href":"https:\/\/www.europesays.com\/fr\/wp-json\/wp\/v2\/comments?post=579388"}],"version-history":[{"count":0,"href":"https:\/\/www.europesays.com\/fr\/wp-json\/wp\/v2\/posts\/579388\/revisions"}],"wp:featuredmedia":[{"embeddable":true,"href":"https:\/\/www.europesays.com\/fr\/wp-json\/wp\/v2\/media\/579389"}],"wp:attachment":[{"href":"https:\/\/www.europesays.com\/fr\/wp-json\/wp\/v2\/media?parent=579388"}],"wp:term":[{"taxonomy":"category","embeddable":true,"href":"https:\/\/www.europesays.com\/fr\/wp-json\/wp\/v2\/categories?post=579388"},{"taxonomy":"post_tag","embeddable":true,"href":"https:\/\/www.europesays.com\/fr\/wp-json\/wp\/v2\/tags?post=579388"}],"curies":[{"name":"wp","href":"https:\/\/api.w.org\/{rel}","templated":true}]}}