{"id":579390,"date":"2025-12-05T07:50:18","date_gmt":"2025-12-05T07:50:18","guid":{"rendered":"https:\/\/www.europesays.com\/fr\/579390\/"},"modified":"2025-12-05T07:50:18","modified_gmt":"2025-12-05T07:50:18","slug":"donnee-gagnante-par-lia-miss-nord-pas-de-calais-a-t-elle-vraiment-une-chance-de-remporter-miss-france","status":"publish","type":"post","link":"https:\/\/www.europesays.com\/fr\/579390\/","title":{"rendered":"Donn\u00e9e gagnante par l&rsquo;IA, Miss Nord-Pas-de-Calais a-t-elle vraiment une chance de remporter Miss France\u00a0?"},"content":{"rendered":"<p>                    Par<br \/>\n        <strong><br \/>\n            <a href=\"https:\/\/actu.fr\/auteur\/hervine-mahaud\" title=\"Consulter tous les articles de Hervine Mahaud\" target=\"_blank\" rel=\"noopener\">Hervine Mahaud<\/a><br \/>\n                    <\/strong><\/p>\n<p>        Publi\u00e9 le<\/p>\n<p>            5 d\u00e9c. 2025 \u00e0 7h58        <\/p>\n<p><a href=\"https:\/\/actu.fr\/loisirs-culture\/election-de-miss-france-2026-nord-pas-de-calais-tahiti-qui-va-gagner-voici-les-pronostics-de-l-ia_63510056.html\" target=\"_blank\" rel=\"noopener\">Depuis que l\u2019IA l\u2019a annonc\u00e9e comme grande gagnante<\/a>, <b>Miss Nord-Pas-de-Calais<\/b> est au centre de l\u2019attention, \u00e0 quelques jours de l\u2019\u00e9lection de <a href=\"https:\/\/actu.fr\/tag\/miss-france\" target=\"_blank\" rel=\"noopener\">Miss France 2026<\/a>. Mais <b>Lola Lacher\u00e9<\/b>, originaire de la C\u00f4te d\u2019Opale et \u00e9tudiante \u00e0 <a href=\"https:\/\/actu.fr\/lille\/\" target=\"_blank\" rel=\"noopener\">Lille<\/a>, a-t-elle r\u00e9ellement ses chances de l\u2019emporter face aux <a href=\"https:\/\/actu.fr\/societe\/en-images-qui-sont-les-30-candidates-a-l-election-de-miss-france-2026-voici-les-portraits-officiels_63419986.html\" target=\"_blank\" rel=\"noopener\">29 autres candidates<\/a> ? Chauvins que nous sommes, c\u2019est \u00e9videmment tout ce qu\u2019on lui souhaite. Il faudra cependant attendre la soir\u00e9e du samedi 6 d\u00e9cembre 2025 pour le savoir.\u00a0<\/p>\n<p>Un accompagnement r\u00e9gional de tr\u00e8s haut niveau<\/p>\n<p class=\" wall-content\">Chaque ann\u00e9e, la r\u00e9gion Nord-Pas-de-Calais fait partie des grandes favorites du concours Miss France. Depuis 2014, quatre Miss ont ainsi re\u00e7u la pr\u00e9cieuse \u00e9charpe : Camille Cerf, Miss France 2015 ; Iris Mittenaere, Miss France 2016 et <a href=\"https:\/\/actu.fr\/loisirs-culture\/philippines-loisirs-celebrites-television-france_115074.html\" target=\"_blank\" rel=\"noopener\">Miss Univers 2016<\/a> ; Ma\u00ebva Coucke, Miss France 2018 ; <a href=\"https:\/\/actu.fr\/societe\/miss-univers-2026-la-nordiste-eve-gilles-a-t-elle-des-chances-de-gagner-lelection-ultime_63463762.html\" target=\"_blank\" rel=\"noopener\">\u00c8ve Gilles<\/a>, Miss France 2024. Par ailleurs, plusieurs candidates ont termin\u00e9 dans le Top 5.<\/p>\n<p class=\" wall-content\"><a href=\"https:\/\/www.instagram.com\/p\/DRwwFP4CCd2\/embed\" title=\"Ouvrir le lien sur Instagram\" target=\"_blank\" rel=\"noopener\">Visualiser le contenu sur Instagram<\/a><\/p>\n<p class=\" wall-content\">Un palmar\u00e8s qui s\u2019explique en partie par un <b>excellent accompagnement r\u00e9gional<\/b>, gr\u00e2ce au comit\u00e9 Miss Nord-Pas-de-Calais dont la r\u00e9putation est particuli\u00e8rement solide. Lola Lacher\u00e9 a ainsi pu b\u00e9n\u00e9ficier d\u2019une <b>pr\u00e9paration professionnelle<\/b> (coaching, expression orale, entra\u00eenement sc\u00e9nique, m\u00e9dia training), ce qui augmente ses chances d\u2019arriver au concours <b>au meilleur niveau<\/b>.<\/p>\n<p>Une miss \u00e0 l\u2019aise dans les m\u00e9dias<\/p>\n<p class=\" wall-content\">Au lendemain de son \u00e9lection comme Miss Nord \u2013 Pas-de-Calais, Lola Lacher\u00e9, 20 ans, a encha\u00een\u00e9 les interviews aupr\u00e8s des m\u00e9dias, <a href=\"https:\/\/actu.fr\/hauts-de-france\/rang-du-fliers_62688\/lola-lachere-elue-miss-nord-pas-de-calais-representer-la-convivialite-de-notre-region-avec-fierte_63228755.html\" target=\"_blank\" rel=\"noopener\">notamment Lille actu<\/a>. Aussit\u00f4t, elle s\u2019est montr\u00e9e \u00e0 l\u2019aise lors des prises de parole. Un v\u00e9ritable atout car le titre de Miss France est d\u00e9sormais <b>tr\u00e8s m\u00e9diatique<\/b>, la capacit\u00e9 \u00e0 communiquer de fa\u00e7on mature est devenue un crit\u00e8re central.<\/p>\n<p class=\" wall-content\">La jeune femme porte aussi un <b>projet\u00a0personnel coh\u00e9rent et valorisant<\/b>. \u00ab\u00a0Beaucoup de causes me tiennent \u00e0 c\u0153ur, comme la lutte contre le cancer du sein par rapport \u00e0 ma grand-m\u00e8re, ou qui concernent les enfants\u00a0\u00bb, nous expliquait-elle.<\/p>\n<p>Une popularit\u00e9 \u00e9vidente sur les r\u00e9seaux sociaux<\/p>\n<p class=\" wall-content\">L\u2019\u00e9tudiante en 3\u00e8me ann\u00e9e de BUT technique de commercialisation est aussi appr\u00e9ci\u00e9e sur les r\u00e9seaux sociaux, notamment <b>Instagram o\u00f9 elle est suivie par 24 500 abonn\u00e9s<\/b>, soit l\u2019une des candidates comptabilisant le plus de followers. Si cela n\u2019est pas d\u00e9terminant, c\u2019est un signe suppl\u00e9mentaire de sa popularit\u00e9 aupr\u00e8s du public.<\/p>\n<p>Votre r\u00e9gion, votre actu !<\/p>\n<p>Recevez chaque jour les infos qui comptent pour vous.<\/p>\n<p>\t<a href=\"https:\/\/actu.fr\/newsletter\" class=\"ac-btn ac-btn--corner ac-btn--medium ac-btn--blue800\" target=\"_blank\" rel=\"noopener\">S&rsquo;incrire<\/a><\/p>\n<p class=\" wall-content\">D\u2019autant que la r\u00e9gion\u00a0b\u00e9n\u00e9ficie traditionnellement d\u2019un <b>vote massif<\/b>, ce qui peut peser lourd lors de la seconde partie de soir\u00e9e o\u00f9 les t\u00e9l\u00e9spectateurs ont la main.<\/p>\n<p>Lola Lacher\u00e9, une favorite cr\u00e9dible<\/p>\n<p class=\" wall-content\">Si certains outils en ligne ou mod\u00e8les d\u2019IA la donnent gagnante, ce ne sont pas ces pr\u00e9dictions qui font d\u2019elle une s\u00e9rieuse pr\u00e9tendante. Ce sont les faits : une Miss tr\u00e8s suivie sur les r\u00e9seaux, appr\u00e9ci\u00e9e localement et dot\u00e9e d\u2019un fort soutien r\u00e9gional commence naturellement la comp\u00e9tition avec un avantage.<\/p>\n<p class=\" wall-content\">Reste d\u00e9sormais \u00e0 savoir si Lola Lacher\u00e9 transformera l\u2019essai sur la sc\u00e8ne du Z\u00e9nith d\u2019Amiens qui accueillera l\u2019\u00e9lection de Miss France, samedi 6 d\u00e9cembre.<\/p>\n<p class=\" wall-content\">Personnalisez votre actualit\u00e9 en ajoutant vos villes et m\u00e9dias en favori avec <a href=\"https:\/\/moncompte.actu.fr\" title=\"D\u00e9couvez Mon Actu\" rel=\"nofollow noopener\" data-trk=\"{&quot;cta&quot;:{&quot;action&quot;:&quot;https:\\\/\\\/moncompte.actu.fr&quot;,&quot;category&quot;:&quot;mon compte&quot;,&quot;from&quot;:&quot;article footer&quot;,&quot;name&quot;:&quot;Mon actu&quot;,&quot;type&quot;:&quot;cta&quot;}}\" target=\"_blank\">Mon Actu<\/a>.<\/p>\n<p>                    <script async src=\"\/\/www.instagram.com\/embed.js\"><\/script><\/p>\n","protected":false},"excerpt":{"rendered":"Par Hervine Mahaud Publi\u00e9 le 5 d\u00e9c. 2025 \u00e0 7h58 Depuis que l\u2019IA l\u2019a annonc\u00e9e comme grande gagnante,&hellip;\n","protected":false},"author":2,"featured_media":579391,"comment_status":"","ping_status":"","sticky":false,"template":"","format":"standard","meta":{"footnotes":""},"categories":[2815],"tags":[1111,11,1777,674,1011,27,811,1307,3034,12,25,104,252],"class_list":{"0":"post-579390","1":"post","2":"type-post","3":"status-publish","4":"format-standard","5":"has-post-thumbnail","7":"category-lille","8":"tag-actu","9":"tag-actualites","10":"tag-eu","11":"tag-europe","12":"tag-fr","13":"tag-france","14":"tag-hauts-de-france","15":"tag-lille","16":"tag-miss-france","17":"tag-news","18":"tag-republique-francaise","19":"tag-societe","20":"tag-television"},"share_on_mastodon":{"url":"https:\/\/pubeurope.com\/@fr\/115665870930126831","error":""},"_links":{"self":[{"href":"https:\/\/www.europesays.com\/fr\/wp-json\/wp\/v2\/posts\/579390","targetHints":{"allow":["GET"]}}],"collection":[{"href":"https:\/\/www.europesays.com\/fr\/wp-json\/wp\/v2\/posts"}],"about":[{"href":"https:\/\/www.europesays.com\/fr\/wp-json\/wp\/v2\/types\/post"}],"author":[{"embeddable":true,"href":"https:\/\/www.europesays.com\/fr\/wp-json\/wp\/v2\/users\/2"}],"replies":[{"embeddable":true,"href":"https:\/\/www.europesays.com\/fr\/wp-json\/wp\/v2\/comments?post=579390"}],"version-history":[{"count":0,"href":"https:\/\/www.europesays.com\/fr\/wp-json\/wp\/v2\/posts\/579390\/revisions"}],"wp:featuredmedia":[{"embeddable":true,"href":"https:\/\/www.europesays.com\/fr\/wp-json\/wp\/v2\/media\/579391"}],"wp:attachment":[{"href":"https:\/\/www.europesays.com\/fr\/wp-json\/wp\/v2\/media?parent=579390"}],"wp:term":[{"taxonomy":"category","embeddable":true,"href":"https:\/\/www.europesays.com\/fr\/wp-json\/wp\/v2\/categories?post=579390"},{"taxonomy":"post_tag","embeddable":true,"href":"https:\/\/www.europesays.com\/fr\/wp-json\/wp\/v2\/tags?post=579390"}],"curies":[{"name":"wp","href":"https:\/\/api.w.org\/{rel}","templated":true}]}}