{"id":579392,"date":"2025-12-05T07:51:22","date_gmt":"2025-12-05T07:51:22","guid":{"rendered":"https:\/\/www.europesays.com\/fr\/579392\/"},"modified":"2025-12-05T07:51:22","modified_gmt":"2025-12-05T07:51:22","slug":"om-sur-quelle-chaine-et-a-quelle-heure-voir-le-match-de-ligue-1","status":"publish","type":"post","link":"https:\/\/www.europesays.com\/fr\/579392\/","title":{"rendered":"OM\u00a0: Sur quelle cha\u00eene et \u00e0 quelle heure voir le match de Ligue 1\u00a0?"},"content":{"rendered":"<p>Le week-end dernier, l\u2019OM a manqu\u00e9 une belle occasion de prendre les commandes de la Ligue 1 apr\u00e8s la d\u00e9faite du PSG contre Monaco. Ce d\u00e9placement \u00e0 Lille arrive \u00e0 point nomm\u00e9 pour les Marseillais, qui veulent montrer qu\u2019ils sont arm\u00e9s pour aller titiller les Parisiens cette saison. En face, le LOSC n\u2019est qu\u2019\u00e0 trois points dans la roue des Phoc\u00e9ens et une victoire les relancerait.<\/p>\n<p>\u00c0 quelle heure et sur quelle cha\u00eene voir Lille &#8211; OM en direct<\/p>\n<p>Le match entre le LOSC et les Marseillais sera diffus\u00e9 sur beIN Sports 1, le vendredi 5\u00a0d\u00e9cembre, en direct pour les abonn\u00e9s.<\/p>\n<p>Le LOSC encha\u00eene\u2026<\/p>\n<p>Les Lillois restent sur 3 victoires, toutes comp\u00e9titions confondues. Apr\u00e8s avoir battu le <a href=\"https:\/\/www.20minutes.fr\/sport\/paris_fc\/\" class=\"c-link c-link--is-underlined\" target=\"_blank\" rel=\"noopener\">Paris FC<\/a> (4-2) et le Dinamo Zagreb (4-0), les hommes de <a href=\"https:\/\/www.20minutes.fr\/dossier\/bruno_genesio\" class=\"c-link c-link--is-underlined\" target=\"_blank\" rel=\"noopener\">Bruno Genesio<\/a> sont all\u00e9s s\u2019imposer au\u00a0Havre (0-1). D\u00e9sormais, ils veulent remonter sur le podium en battant l\u2019OM, juste devant eux au classement.<\/p>\n<p class=\"mb-m@xs text-l@xs\">En cliquant sur\u00ab J\u2019accepte \u00bb, vous acceptez le d\u00e9p\u00f4t de cookies par des services externes et aurez ainsi acc\u00e8s aux contenus de nos partenaires.<\/p>\n<p class=\"mb-xl@xs text-s@xs\">Plus d\u2019informations sur la page<a href=\"https:\/\/www.20minutes.fr\/gestion-cookies\" class=\"mx-xxs@xs color-ultramarine\" target=\"_blank\" rel=\"noopener\">Politique de gestion des cookies<\/a><\/p>\n<p>J\u2019accepte\u2026l\u2019OM aussi<\/p>\n<p>Le match nul contre Toulouse (2-2) le week-end dernier a frein\u00e9 les Phoc\u00e9ens dans leur retour au sommet. Les Marseillais (29 points) doivent d\u00e9sormais s\u2019imposer et esp\u00e9rer un faux pas de <a href=\"https:\/\/www.20minutes.fr\/dossier\/lens\" class=\"c-link c-link--is-underlined\" target=\"_blank\" rel=\"noopener\">Lens<\/a> (31 points) et du PSG (30 points) pour prendre le tr\u00f4ne du championnat. <\/p>\n<p>Mais ce ne sera pas chose ais\u00e9e face \u00e0 une \u00e9quipe qui veut rejouer la <a href=\"https:\/\/www.20minutes.fr\/sport\/ligue_des_champions\/\" class=\"c-link c-link--is-underlined\" target=\"_blank\" rel=\"noopener\">Ligue des Champions<\/a> la saison prochaine. Marseille recevra ensuite <a href=\"https:\/\/www.20minutes.fr\/dossier\/monaco\" class=\"c-link c-link--is-underlined\" target=\"_blank\" rel=\"noopener\">Monaco<\/a> le week-end prochain pour un nouveau choc du championnat. Le spectacle s\u2019annonce au rendez-vous au Stade Pierre-Mauroy vendredi soir en ouverture de la 15e journ\u00e9e.<\/p>\n<p>Les compos probables<\/p>\n<ul>\n<li>Lille\u00a0: \u00d6zer \u2013 Meunier, Mbemba, Ngoy, Perraud \u2013 Andr\u00e9, Bentaleb \u2013 Correia, Haraldsson, Fernandez-Pardo \u2013 Igamane.<\/li>\n<li>Olympique de Marseille\u00a0: Rulli \u2013 Weah, Pavard, Balerdi, Emerson \u2013 H\u00f6jbjerg, Vermeeren \u2013 Greenwood, Gomes, Paix\u00e3o \u2013 Vaz.<\/li>\n<\/ul>\n","protected":false},"excerpt":{"rendered":"Le week-end dernier, l\u2019OM a manqu\u00e9 une belle occasion de prendre les commandes de la Ligue 1 apr\u00e8s&hellip;\n","protected":false},"author":2,"featured_media":579393,"comment_status":"","ping_status":"","sticky":false,"template":"","format":"standard","meta":{"footnotes":""},"categories":[2815],"tags":[1111,11,1777,674,63,1011,27,811,66,1307,2854,12,2333,25,517],"class_list":{"0":"post-579392","1":"post","2":"type-post","3":"status-publish","4":"format-standard","5":"has-post-thumbnail","7":"category-lille","8":"tag-actu","9":"tag-actualites","10":"tag-eu","11":"tag-europe","12":"tag-football","13":"tag-fr","14":"tag-france","15":"tag-hauts-de-france","16":"tag-ligue-1","17":"tag-lille","18":"tag-losc-lille","19":"tag-news","20":"tag-olympique-de-marseille-om","21":"tag-republique-francaise","22":"tag-sport"},"share_on_mastodon":{"url":"https:\/\/pubeurope.com\/@fr\/115665874771424226","error":""},"_links":{"self":[{"href":"https:\/\/www.europesays.com\/fr\/wp-json\/wp\/v2\/posts\/579392","targetHints":{"allow":["GET"]}}],"collection":[{"href":"https:\/\/www.europesays.com\/fr\/wp-json\/wp\/v2\/posts"}],"about":[{"href":"https:\/\/www.europesays.com\/fr\/wp-json\/wp\/v2\/types\/post"}],"author":[{"embeddable":true,"href":"https:\/\/www.europesays.com\/fr\/wp-json\/wp\/v2\/users\/2"}],"replies":[{"embeddable":true,"href":"https:\/\/www.europesays.com\/fr\/wp-json\/wp\/v2\/comments?post=579392"}],"version-history":[{"count":0,"href":"https:\/\/www.europesays.com\/fr\/wp-json\/wp\/v2\/posts\/579392\/revisions"}],"wp:featuredmedia":[{"embeddable":true,"href":"https:\/\/www.europesays.com\/fr\/wp-json\/wp\/v2\/media\/579393"}],"wp:attachment":[{"href":"https:\/\/www.europesays.com\/fr\/wp-json\/wp\/v2\/media?parent=579392"}],"wp:term":[{"taxonomy":"category","embeddable":true,"href":"https:\/\/www.europesays.com\/fr\/wp-json\/wp\/v2\/categories?post=579392"},{"taxonomy":"post_tag","embeddable":true,"href":"https:\/\/www.europesays.com\/fr\/wp-json\/wp\/v2\/tags?post=579392"}],"curies":[{"name":"wp","href":"https:\/\/api.w.org\/{rel}","templated":true}]}}