{"id":579394,"date":"2025-12-05T07:52:09","date_gmt":"2025-12-05T07:52:09","guid":{"rendered":"https:\/\/www.europesays.com\/fr\/579394\/"},"modified":"2025-12-05T07:52:09","modified_gmt":"2025-12-05T07:52:09","slug":"meteo-a-marseille-pourquoi-les-temperatures-vont-radicalement-changer-les-previsions","status":"publish","type":"post","link":"https:\/\/www.europesays.com\/fr\/579394\/","title":{"rendered":"M\u00e9t\u00e9o \u00e0 Marseille. Pourquoi les temp\u00e9ratures vont radicalement changer, les pr\u00e9visions"},"content":{"rendered":"<p>                    Par<br \/>\n        <strong><br \/>\n            <a href=\"https:\/\/actu.fr\/auteur\/fabien-binacchi\" title=\"Consulter tous les articles de Fabien Binacchi\" target=\"_blank\" rel=\"noopener\">Fabien Binacchi<\/a><br \/>\n                    <\/strong><\/p>\n<p>        Publi\u00e9 le<\/p>\n<p>            5 d\u00e9c. 2025 \u00e0 7h55        <\/p>\n<p>Il \u00e9tait descendu tr\u00e8s bas, il va remonter fort. Le mercure joue au yoyo en cette fin d\u2019automne \u00e0 <a href=\"https:\/\/actu.fr\/marseille\/\" target=\"_blank\" rel=\"noopener\">Marseille<\/a> et dans les <a href=\"https:\/\/actu.fr\/provence-alpes-cote-d-azur\/bouches-du-rhone_13\" target=\"_blank\" rel=\"noopener\">Bouches-du-Rh\u00f4ne,<\/a> avec <strong>une \u00ab\u2009vague de douceur\u2009\u00bb attendue dans les tout prochains jours.<\/strong> En augmentation ce week-end, les temp\u00e9ratures vont se situer au-dessus des normales de saison toute la semaine prochaine.<\/p>\n<p class=\" wall-content\">Voici ce qu\u2019il se passe.<\/p>\n<p>\u00ab\u2009Un air tr\u00e8s doux d\u2019origine subtropicale\u2009\u00bb<\/p>\n<p class=\" wall-content\">Le go\u00fbt de l\u2019hiver s\u2019\u00e9loigne, les temp\u00e9ratures grimpent. Un \u00e9pisode de douceur s\u2019enclenche et il est \u00ab\u2009d\u00fb en grande partie \u00e0 l\u2019arriv\u00e9e d\u2019un air tr\u00e8s doux d\u2019origine subtropicale <strong>port\u00e9 par l\u2019anticyclone des A\u00e7ores<\/strong> qui fait son grand retour pendant quelques jours\u2009\u00bb, explique \u00e0 actu Marseille le m\u00e9t\u00e9orologue ind\u00e9pendant Paul Marquis.<\/p>\n<p class=\" wall-content\">\n<p class=\" wall-content\">Le pic est attendu <strong>entre le lundi\u00a08 et le mercredi\u00a010.<\/strong> \u00ab\u2009Il faudra alors monter jusqu\u2019\u00e0 3600m d\u2019altitude pour retrouver une temp\u00e9rature de 0\u00b0C, ce qui est tr\u00e8s cons\u00e9quent en plein mois de d\u00e9cembre\u2009\u00bb, pr\u00e9cise le sp\u00e9cialiste, fondateur de <a href=\"https:\/\/www.facebook.com\/lameteodu13\" target=\"_blank\" rel=\"noopener\">La M\u00e9t\u00e9o du 13.<\/a><\/p>\n<p>5 degr\u00e9s au-dessus des moyennes de saison<\/p>\n<p class=\" wall-content\">Inhabituel donc. Dans le d\u00e9partement des Bouches-du-Rh\u00f4ne, de lundi \u00e0 samedi prochain, les temp\u00e9ratures seront \u00ab\u2009environ 5 degr\u00e9s au-dessus des moyennes de saison\u2009\u00bb\u2009: il fera <strong>5\u00b0C \u00e0 10\u00b0C<\/strong> au cours des matin\u00e9es et <strong>jusqu\u2019\u00e0 15\u00b0C \u00e0 18\u00b0C<\/strong> les apr\u00e8s-midi.<\/p>\n<p class=\" wall-content\">Un \u00e9pisode de redoux accompagn\u00e9 d\u2019un \u00ab\u2009temps <strong>r\u00e9guli\u00e8rement voil\u00e9 mais bien lumineux toute la semaine,<\/strong> avec un vent tr\u00e8s faible dans l\u2019ensemble\u2009\u00bb, pr\u00e9dit Paul Marquis.<\/p>\n<blockquote class=\"ac-article-quote wall-content\">\n<p>Le temps pourrait \u00e9voluer \u00e0 partir du samedi 13 d\u00e9cembre [avec le retour de la pluie]. Mais rien d\u2019hivernal pour autant. Il va falloir \u00eatre patient pour retrouver une nouvelle p\u00e9riode de froid.<\/p>\n<p>    <strong>Paul Marquis<\/strong>\n            <\/p><\/blockquote>\n<p>Votre r\u00e9gion, votre actu !<\/p>\n<p>Recevez chaque jour les infos qui comptent pour vous.<\/p>\n<p>\t<a href=\"https:\/\/actu.fr\/newsletter\" class=\"ac-btn ac-btn--corner ac-btn--medium ac-btn--blue800\" target=\"_blank\" rel=\"noopener\">S&rsquo;incrire<\/a><\/p>\n<p class=\" wall-content\">Une mauvaise nouvelle pour les stations de ski qui viennent tout juste de lancer leur saison. \u00c0 <a href=\"https:\/\/actu.fr\/provence-alpes-cote-d-azur\/isola_06073\/pres-de-nice-cette-grosse-station-de-ski-des-alpes-du-sud-ouvre-en-avance-voici-quand_63484509.html\" target=\"_blank\" rel=\"noopener\">Isola 2000 (Alpes-Maritimes),<\/a> \u00e0 3\u00a0heures de Marseille, il fera <strong>jusqu\u2019\u00e0 11\u00b0C lundi.<\/strong><\/p>\n<p class=\" wall-content\">Personnalisez votre actualit\u00e9 en ajoutant vos villes et m\u00e9dias en favori avec <a href=\"https:\/\/moncompte.actu.fr\" title=\"D\u00e9couvez Mon Actu\" rel=\"nofollow noopener\" data-trk=\"{&quot;cta&quot;:{&quot;action&quot;:&quot;https:\\\/\\\/moncompte.actu.fr&quot;,&quot;category&quot;:&quot;mon compte&quot;,&quot;from&quot;:&quot;article footer&quot;,&quot;name&quot;:&quot;Mon actu&quot;,&quot;type&quot;:&quot;cta&quot;}}\" target=\"_blank\">Mon Actu<\/a>.<\/p>\n","protected":false},"excerpt":{"rendered":"Par Fabien Binacchi Publi\u00e9 le 5 d\u00e9c. 2025 \u00e0 7h55 Il \u00e9tait descendu tr\u00e8s bas, il va remonter&hellip;\n","protected":false},"author":2,"featured_media":579395,"comment_status":"","ping_status":"","sticky":false,"template":"","format":"standard","meta":{"footnotes":""},"categories":[2814],"tags":[1111,11,1777,674,1011,27,884,2487,2357,12,882,25,15637],"class_list":{"0":"post-579394","1":"post","2":"type-post","3":"status-publish","4":"format-standard","5":"has-post-thumbnail","7":"category-marseille","8":"tag-actu","9":"tag-actualites","10":"tag-eu","11":"tag-europe","12":"tag-fr","13":"tag-france","14":"tag-marseille","15":"tag-meteo","16":"tag-meteo-france","17":"tag-news","18":"tag-provence-alpes-cote-dazur","19":"tag-republique-francaise","20":"tag-vague-de-chaleur"},"share_on_mastodon":{"url":"https:\/\/pubeurope.com\/@fr\/115665878657253461","error":""},"_links":{"self":[{"href":"https:\/\/www.europesays.com\/fr\/wp-json\/wp\/v2\/posts\/579394","targetHints":{"allow":["GET"]}}],"collection":[{"href":"https:\/\/www.europesays.com\/fr\/wp-json\/wp\/v2\/posts"}],"about":[{"href":"https:\/\/www.europesays.com\/fr\/wp-json\/wp\/v2\/types\/post"}],"author":[{"embeddable":true,"href":"https:\/\/www.europesays.com\/fr\/wp-json\/wp\/v2\/users\/2"}],"replies":[{"embeddable":true,"href":"https:\/\/www.europesays.com\/fr\/wp-json\/wp\/v2\/comments?post=579394"}],"version-history":[{"count":0,"href":"https:\/\/www.europesays.com\/fr\/wp-json\/wp\/v2\/posts\/579394\/revisions"}],"wp:featuredmedia":[{"embeddable":true,"href":"https:\/\/www.europesays.com\/fr\/wp-json\/wp\/v2\/media\/579395"}],"wp:attachment":[{"href":"https:\/\/www.europesays.com\/fr\/wp-json\/wp\/v2\/media?parent=579394"}],"wp:term":[{"taxonomy":"category","embeddable":true,"href":"https:\/\/www.europesays.com\/fr\/wp-json\/wp\/v2\/categories?post=579394"},{"taxonomy":"post_tag","embeddable":true,"href":"https:\/\/www.europesays.com\/fr\/wp-json\/wp\/v2\/tags?post=579394"}],"curies":[{"name":"wp","href":"https:\/\/api.w.org\/{rel}","templated":true}]}}