{"id":579398,"date":"2025-12-05T07:54:11","date_gmt":"2025-12-05T07:54:11","guid":{"rendered":"https:\/\/www.europesays.com\/fr\/579398\/"},"modified":"2025-12-05T07:54:11","modified_gmt":"2025-12-05T07:54:11","slug":"le-depute-lfi-raphael-arnault-definitivement-condamne-pour-violences-volontaires-en-reunion-a-lyon","status":"publish","type":"post","link":"https:\/\/www.europesays.com\/fr\/579398\/","title":{"rendered":"Le d\u00e9put\u00e9 LFI Rapha\u00ebl Arnault d\u00e9finitivement condamn\u00e9 pour violences volontaires en r\u00e9union \u00e0 Lyon"},"content":{"rendered":"<p itemprop=\"description\"><strong>Avant de devenir d\u00e9put\u00e9 LFI du Vaucluse, <a href=\"https:\/\/www.lyonmag.com\/profil-personnalite-lyonnaise\/706\/raphael-arnault\" target=\"_blank\" rel=\"noopener\">Rapha\u00ebl Arnault<\/a> \u00e9tait le leader lyonnais de la Jeune Garde.<\/strong><\/p>\n<p>Et en f\u00e9vrier 2022, le tribunal correctionnel de Lyon l&rsquo;avait condamn\u00e9 \u00e0 4 mois de prison avec sursis et 1600 euros de dommages et int\u00e9r\u00eats pour violences volontaires en r\u00e9union.<\/p>\n<p>Une peine pour laquelle le militant antifa avait fait appel. Mais comme le r\u00e9v\u00e8le <a href=\"https:\/\/www.lefigaro.fr\/faits-divers\/le-depute-lfi-raphael-arnault-a-ete-definitivement-condamne-par-la-justice-pour-violences-volontaires-en-reunion-20251204\" target=\"_blank\" rel=\"noopener\">le Figaro<\/a>, Rapha\u00ebl Arnault, devenu entretemps parlementaire d&rsquo;Avignon, a d\u00e9cid\u00e9 de discr\u00e8tement renoncer \u00e0 son appel. Apr\u00e8s deux renvois de l&rsquo;audience \u00e0 sa demande, la cour d&rsquo;appel de Lyon a constat\u00e9 son d\u00e9sistement et a ent\u00e9rin\u00e9 sa condamnation d\u00e9finitive le 10 mars 2025.<\/p>\n<p>Les faits reproch\u00e9s au d\u00e9put\u00e9 insoumis et pour lesquels il est donc coupable remontent au 24 avril 2021. Alors que se d\u00e9roulait une manifestation d&rsquo;identitaires dans le 1er arrondissement de Lyon, Rapha\u00ebl Arnault et cinq autres individus avaient alpagu\u00e9 un jeune homme de 18 ans, le violentant et le projetant au sol alors qu&rsquo;il refusait de se d\u00e9shabiller pour montrer qu&rsquo;il n&rsquo;avait pas de tatouage nazi.<\/p>\n<p>Rapha\u00ebl Arnault avait longtemps ni\u00e9 les faits, malgr\u00e9 les images de vid\u00e9osurveillance et le t\u00e9moignage de la victime. Avant de reconna\u00eetre lors du proc\u00e8s de 2022 qu&rsquo;il s&rsquo;en \u00e9tait pris \u00e0 ce militant qu&rsquo;il qualifiait \u00ab\u00a0d&rsquo;extr\u00eame-droite\u00a0\u00bb.<\/p>\n<p>Si Rapha\u00ebl Arnault est aujourd&rsquo;hui officiellement un d\u00e9linquant, sa peine n&rsquo;a pas \u00e9t\u00e9 inscrite sur le bulletin num\u00e9ro 2 de son casier judiciaire. Son avocat avait plaid\u00e9 \u00e0 l&rsquo;\u00e9poque le fait qu&rsquo;il \u00e9tait surveillant dans un lyc\u00e9e de la Duch\u00e8re et qu&rsquo;il ne pourrait continuer \u00e0 travailler pour l&rsquo;Education nationale si la condamnation arrivait \u00e0 leurs oreilles.<\/p>\n<blockquote class=\"twitter-tweet\"><p>&#13;<\/p>\n<p dir=\"ltr\" lang=\"fr\">Contre la dissolution de la Jeune Garde, jusqu\u2019\u00e0 l\u2019Assembl\u00e9e Nationale, n\u2019en d\u00e9plaise aux fascistes \u2199\ufe0f\u2199\ufe0f\u2199\ufe0f <a href=\"https:\/\/t.co\/iXM1DXkwjf\">https:\/\/t.co\/iXM1DXkwjf<\/a> <a href=\"https:\/\/t.co\/vNNMiHxifZ\">pic.twitter.com\/vNNMiHxifZ<\/a><\/p>\n<p>&#13;<br \/>\n\u2014 Rapha\u00ebl Arnault (@ArnaultRaphael) <a href=\"https:\/\/twitter.com\/ArnaultRaphael\/status\/1996259226784841902?ref_src=twsrc%5Etfw\" target=\"_blank\" rel=\"noopener\">December 3, 2025<\/a><\/p><\/blockquote>\n<p>\t\t  <script async src=\"https:\/\/platform.twitter.com\/widgets.js\" charset=\"utf-8\"><\/script><\/p>\n","protected":false},"excerpt":{"rendered":"Avant de devenir d\u00e9put\u00e9 LFI du Vaucluse, Rapha\u00ebl Arnault \u00e9tait le leader lyonnais de la Jeune Garde. Et&hellip;\n","protected":false},"author":2,"featured_media":579399,"comment_status":"","ping_status":"","sticky":false,"template":"","format":"standard","meta":{"footnotes":""},"categories":[1889],"tags":[1111,11,2813,2190,2430,1109,251,1112,2811,1777,674,118,1011,27,1922,1110,1114,2428,2810,12,241,316,25,2812,517,800],"class_list":{"0":"post-579398","1":"post","2":"type-post","3":"status-publish","4":"format-standard","5":"has-post-thumbnail","7":"category-lyon","8":"tag-actu","9":"tag-actualites","10":"tag-article","11":"tag-asvel","12":"tag-auvergne-rhone-alpes","13":"tag-breves","14":"tag-culture","15":"tag-depeches","16":"tag-economique","17":"tag-eu","18":"tag-europe","19":"tag-faits-divers","20":"tag-fr","21":"tag-france","22":"tag-info","23":"tag-informations","24":"tag-infos","25":"tag-lyon","26":"tag-lyonmag","27":"tag-news","28":"tag-ol","29":"tag-politique","30":"tag-republique-francaise","31":"tag-sociale","32":"tag-sport","33":"tag-transports"},"share_on_mastodon":{"url":"https:\/\/pubeurope.com\/@fr\/115665886561996499","error":""},"_links":{"self":[{"href":"https:\/\/www.europesays.com\/fr\/wp-json\/wp\/v2\/posts\/579398","targetHints":{"allow":["GET"]}}],"collection":[{"href":"https:\/\/www.europesays.com\/fr\/wp-json\/wp\/v2\/posts"}],"about":[{"href":"https:\/\/www.europesays.com\/fr\/wp-json\/wp\/v2\/types\/post"}],"author":[{"embeddable":true,"href":"https:\/\/www.europesays.com\/fr\/wp-json\/wp\/v2\/users\/2"}],"replies":[{"embeddable":true,"href":"https:\/\/www.europesays.com\/fr\/wp-json\/wp\/v2\/comments?post=579398"}],"version-history":[{"count":0,"href":"https:\/\/www.europesays.com\/fr\/wp-json\/wp\/v2\/posts\/579398\/revisions"}],"wp:featuredmedia":[{"embeddable":true,"href":"https:\/\/www.europesays.com\/fr\/wp-json\/wp\/v2\/media\/579399"}],"wp:attachment":[{"href":"https:\/\/www.europesays.com\/fr\/wp-json\/wp\/v2\/media?parent=579398"}],"wp:term":[{"taxonomy":"category","embeddable":true,"href":"https:\/\/www.europesays.com\/fr\/wp-json\/wp\/v2\/categories?post=579398"},{"taxonomy":"post_tag","embeddable":true,"href":"https:\/\/www.europesays.com\/fr\/wp-json\/wp\/v2\/tags?post=579398"}],"curies":[{"name":"wp","href":"https:\/\/api.w.org\/{rel}","templated":true}]}}