{"id":579402,"date":"2025-12-05T07:57:24","date_gmt":"2025-12-05T07:57:24","guid":{"rendered":"https:\/\/www.europesays.com\/fr\/579402\/"},"modified":"2025-12-05T07:57:24","modified_gmt":"2025-12-05T07:57:24","slug":"municipales-a-colombes-la-plus-grande-ville-ecologiste-dile-de-france-est-elle-beaucoup-plus-verte-quen-2020","status":"publish","type":"post","link":"https:\/\/www.europesays.com\/fr\/579402\/","title":{"rendered":"Municipales \u00e0 Colombes\u00a0: la plus grande ville \u00e9cologiste d\u2019\u00cele-de-France est-elle (beaucoup) plus verte qu\u2019en 2020\u00a0?"},"content":{"rendered":"<p class=\"paragraph text_align_left lp-f-body-02\">Avec au moins deux candidats \u00e0 gauche et trois \u00e0 droite, hors Rassemblement national (RN), on se bouscule d\u00e9j\u00e0 sur la ligne de d\u00e9part des \u00e9lections municipales <a href=\"https:\/\/www.leparisien.fr\/hauts-de-seine-92\/colombes-92700\/\" target=\"_self\" rel=\"noopener\">\u00e0 Colombes<\/a>. Dans une atmosph\u00e8re qui tient moins du d\u00e9bat d\u2019id\u00e9es que de la succession d\u2019accusations en tout genre, c\u2019est la premi\u00e8re mandature d\u2019un maire \u00e9cologiste, le seul des Hauts-de-Seine, qui s\u2019ach\u00e8ve \u00e0 la t\u00eate d\u2019une commune de 90 000 habitants.<\/p>\n<p class=\"paragraph text_align_left lp-f-body-02\">Colombes est-elle plus verte qu\u2019il y a six ans ? Les promesses de 2020 ont-elles \u00e9t\u00e9 tenues ? \u00ab On a r\u00e9alis\u00e9 90 % de nos engagements, r\u00e9pond sans h\u00e9siter <a href=\"https:\/\/www.leparisien.fr\/elections\/municipales\/aux-municipales-le-maire-de-colombes-candidat-a-sa-succession-je-nai-vu-personne-pour-prendre-le-relais-01-07-2025-MZROS6EUDZH3TGMVY7D3G2XKGE.php\" target=\"_self\" rel=\"noopener\">Patrick Chaimovitch<\/a> (Les \u00c9cologistes), qui a finalement d\u00e9cid\u00e9 de repartir au combat \u00e9lectoral. Notre bilan n\u2019est pas mauvais, il est m\u00eame bon. Dans un mandat marqu\u00e9 par la crise sanitaire puis l\u2019explosion du co\u00fbt des mat\u00e9riaux et la crise \u00e9conomique, on a investi 317 millions d\u2019euros en six ans. \u00bb<\/p>\n","protected":false},"excerpt":{"rendered":"Avec au moins deux candidats \u00e0 gauche et trois \u00e0 droite, hors Rassemblement national (RN), on se bouscule&hellip;\n","protected":false},"author":2,"featured_media":579403,"comment_status":"","ping_status":"","sticky":false,"template":"","format":"standard","meta":{"footnotes":""},"categories":[1592],"tags":[1111,11,5949,1777,674,1011,27,662,3554,12,626,316,25],"class_list":{"0":"post-579402","1":"post","2":"type-post","3":"status-publish","4":"format-standard","5":"has-post-thumbnail","7":"category-ile-de-france","8":"tag-actu","9":"tag-actualites","10":"tag-elections","11":"tag-eu","12":"tag-europe","13":"tag-fr","14":"tag-france","15":"tag-ile-de-france","16":"tag-municipales","17":"tag-news","18":"tag-paris","19":"tag-politique","20":"tag-republique-francaise"},"share_on_mastodon":{"url":"https:\/\/pubeurope.com\/@fr\/115665898441206289","error":""},"_links":{"self":[{"href":"https:\/\/www.europesays.com\/fr\/wp-json\/wp\/v2\/posts\/579402","targetHints":{"allow":["GET"]}}],"collection":[{"href":"https:\/\/www.europesays.com\/fr\/wp-json\/wp\/v2\/posts"}],"about":[{"href":"https:\/\/www.europesays.com\/fr\/wp-json\/wp\/v2\/types\/post"}],"author":[{"embeddable":true,"href":"https:\/\/www.europesays.com\/fr\/wp-json\/wp\/v2\/users\/2"}],"replies":[{"embeddable":true,"href":"https:\/\/www.europesays.com\/fr\/wp-json\/wp\/v2\/comments?post=579402"}],"version-history":[{"count":0,"href":"https:\/\/www.europesays.com\/fr\/wp-json\/wp\/v2\/posts\/579402\/revisions"}],"wp:featuredmedia":[{"embeddable":true,"href":"https:\/\/www.europesays.com\/fr\/wp-json\/wp\/v2\/media\/579403"}],"wp:attachment":[{"href":"https:\/\/www.europesays.com\/fr\/wp-json\/wp\/v2\/media?parent=579402"}],"wp:term":[{"taxonomy":"category","embeddable":true,"href":"https:\/\/www.europesays.com\/fr\/wp-json\/wp\/v2\/categories?post=579402"},{"taxonomy":"post_tag","embeddable":true,"href":"https:\/\/www.europesays.com\/fr\/wp-json\/wp\/v2\/tags?post=579402"}],"curies":[{"name":"wp","href":"https:\/\/api.w.org\/{rel}","templated":true}]}}