{"id":579404,"date":"2025-12-05T07:58:11","date_gmt":"2025-12-05T07:58:11","guid":{"rendered":"https:\/\/www.europesays.com\/fr\/579404\/"},"modified":"2025-12-05T07:58:11","modified_gmt":"2025-12-05T07:58:11","slug":"la-police-attendait-que-la-nature-fasse-son-oeuvre-loeuf-faberge-a-20-000-dollars-avale-par-un-voleur-recupere-six-jours-apres","status":"publish","type":"post","link":"https:\/\/www.europesays.com\/fr\/579404\/","title":{"rendered":"La police attendait que la nature fasse son \u0153uvre\u00a0: l\u2019\u0153uf Faberg\u00e9 \u00e0 20\u00a0000\u00a0dollars aval\u00e9 par un voleur \u00ab\u00a0r\u00e9cup\u00e9r\u00e9\u00a0\u00bb six jours apr\u00e8s"},"content":{"rendered":"<p class=\"paragraph text_align_left lp-f-body-02\">Les autorit\u00e9s locales n\u2019ont pas eu besoin de d\u00e9crire la m\u00e9thode employ\u00e9e pour r\u00e9cup\u00e9rer le bijou. La police de <a href=\"https:\/\/www.leparisien.fr\/faits-divers\/ils-etaient-attaches-par-une-corde-deux-alpinistes-meurent-apres-une-chute-sur-le-plus-haut-sommet-de-nouvelle-zelande-25-11-2025-PEZMRPMOMJCWTHQDMOBKG3AJKQ.php\" target=\"_self\" rel=\"noopener\">Nouvelle-Z\u00e9lande<\/a> a annonc\u00e9 ce vendredi avoir r\u00e9cup\u00e9r\u00e9 un \u0153uf Faberg\u00e9 incrust\u00e9 de diamants apr\u00e8s avoir plac\u00e9 en observation pendant six jours <a href=\"https:\/\/www.leparisien.fr\/faits-divers\/il-avale-un-pendentif-en-or-18-carats-a-16-500-euros-un-neo-zelandais-arrete-pour-vol-dans-une-bijouterie-02-12-2025-3RTH2ZSF6RGDDAXOVPUWZONTH4.php\" target=\"_self\" rel=\"noopener\">un voleur qui avait gob\u00e9 le pr\u00e9cieux pendentif<\/a>.<\/p>\n<p class=\"paragraph text_align_left lp-f-body-02\">L\u2019homme de 32 ans, soup\u00e7onn\u00e9 d\u2019avoir aval\u00e9 <a href=\"https:\/\/www.leparisien.fr\/archives\/un-oeuf-faberge-reapparait-112-ans-apres-21-03-2014-3692145.php\" target=\"_self\" rel=\"noopener\">le bijou en forme d\u2019\u0153uf<\/a> ornant une cha\u00eene dans une bijouterie d\u2019Auckland (nord de la Nouvelle-Z\u00e9lande), avait \u00e9t\u00e9 arr\u00eat\u00e9e la semaine derni\u00e8re. \u00ab La police peut confirmer que le pendentif a \u00e9t\u00e9 r\u00e9cup\u00e9r\u00e9 \u00bb, a-t-elle annonc\u00e9 dans un communiqu\u00e9, \u00ab il est maintenant sous la garde de la police \u00bb.<\/p>\n<p class=\"paragraph text_align_left lp-f-body-02\">La police avait assign\u00e9 un agent pour surveiller le suspect en attendant que <a href=\"https:\/\/www.leparisien.fr\/faits-divers\/un-homme-avale-pour-plus-de-700-000-euros-de-boucles-doreilles-volees-chez-tiffany-avant-detre-arrete-par-la-police-dorlando-06-03-2025-GRANMOFZM5GCHB4SODPF4XJU5M.php\" target=\"_self\" rel=\"noopener\">la nature fasse son \u0153uvre<\/a> et que le bijou &#8211; estim\u00e9 \u00e0 environ 20 000 dollars am\u00e9ricains (soit 17 000 euros) &#8211; soit restitu\u00e9.<\/p>\n<p>18 carats et 60 diamants blancs<\/p>\n<p class=\"paragraph text_align_left lp-f-body-02\">Le pendentif, une \u00e9dition sp\u00e9ciale, est inspir\u00e9 d\u2019\u00ab Octopussy \u00bb (1983), un des films de la s\u00e9rie <a href=\"https:\/\/www.leparisien.fr\/culture-loisirs\/cinema\/trois-ans-apres-mourir-peut-attendre-james-bond-est-il-mort-pour-de-bon-02-02-2025-3FD3FAEHANHY3GL6OTILZGZGZE.php\" target=\"_self\" rel=\"noopener\">James Bond<\/a>, dont l\u2019intrigue se focalise sur un \u0153uf du joaillier Faberg\u00e9. \u00c0 l\u2019int\u00e9rieur de ce petit \u0153uf fait d\u2019or 18 carats, de 60 diamants et de 15 saphirs, se cache une petite pieuvre, selon le site Internet de Faberg\u00e9.<\/p>\n<p class=\"lp-card-podcast-highlighting__title  lp-f-subtitle-05\">[2\/2] Mamadou Traor\u00e9, l\u2019enfant du diable<\/p>\n<p><a class=\"lp-card-podcast-highlighting__call-to-action\" data-page-type=\"HP\" data-block-name=\"podcast-highlight\">\u00c9couter<\/a><\/p>\n<p class=\"paragraph text_align_left lp-f-body-02\">La maison Faberg\u00e9 est renomm\u00e9e depuis la fin du XIXe si\u00e8cle pour ses \u0153ufs garnis de pierres pr\u00e9cieuses. L\u2019\u0152uf d\u2019Hiver de la famille imp\u00e9riale russe, consid\u00e9r\u00e9 comme l\u2019une de ses plus belles pi\u00e8ces, s\u2019est envol\u00e9 pour la somme record de 22,9 millions de livres (26 millions d\u2019euros) aux ench\u00e8res mardi \u00e0 Londres chez Christie\u2019s.<\/p>\n","protected":false},"excerpt":{"rendered":"Les autorit\u00e9s locales n\u2019ont pas eu besoin de d\u00e9crire la m\u00e9thode employ\u00e9e pour r\u00e9cup\u00e9rer le bijou. La police&hellip;\n","protected":false},"author":2,"featured_media":579405,"comment_status":"","ping_status":"","sticky":false,"template":"","format":"standard","meta":{"footnotes":""},"categories":[1888],"tags":[1111,1928,11,1927,1777,674,118,1011,27,12,1926,626,1925,25],"class_list":{"0":"post-579404","1":"post","2":"type-post","3":"status-publish","4":"format-standard","5":"has-post-thumbnail","7":"category-paris","8":"tag-actu","9":"tag-actu-paris","10":"tag-actualites","11":"tag-actualites-paris","12":"tag-eu","13":"tag-europe","14":"tag-faits-divers","15":"tag-fr","16":"tag-france","17":"tag-news","18":"tag-news-paris","19":"tag-paris","20":"tag-paris-news","21":"tag-republique-francaise"},"share_on_mastodon":{"url":"https:\/\/pubeurope.com\/@fr\/115665902259638159","error":""},"_links":{"self":[{"href":"https:\/\/www.europesays.com\/fr\/wp-json\/wp\/v2\/posts\/579404","targetHints":{"allow":["GET"]}}],"collection":[{"href":"https:\/\/www.europesays.com\/fr\/wp-json\/wp\/v2\/posts"}],"about":[{"href":"https:\/\/www.europesays.com\/fr\/wp-json\/wp\/v2\/types\/post"}],"author":[{"embeddable":true,"href":"https:\/\/www.europesays.com\/fr\/wp-json\/wp\/v2\/users\/2"}],"replies":[{"embeddable":true,"href":"https:\/\/www.europesays.com\/fr\/wp-json\/wp\/v2\/comments?post=579404"}],"version-history":[{"count":0,"href":"https:\/\/www.europesays.com\/fr\/wp-json\/wp\/v2\/posts\/579404\/revisions"}],"wp:featuredmedia":[{"embeddable":true,"href":"https:\/\/www.europesays.com\/fr\/wp-json\/wp\/v2\/media\/579405"}],"wp:attachment":[{"href":"https:\/\/www.europesays.com\/fr\/wp-json\/wp\/v2\/media?parent=579404"}],"wp:term":[{"taxonomy":"category","embeddable":true,"href":"https:\/\/www.europesays.com\/fr\/wp-json\/wp\/v2\/categories?post=579404"},{"taxonomy":"post_tag","embeddable":true,"href":"https:\/\/www.europesays.com\/fr\/wp-json\/wp\/v2\/tags?post=579404"}],"curies":[{"name":"wp","href":"https:\/\/api.w.org\/{rel}","templated":true}]}}