{"id":579410,"date":"2025-12-05T08:02:25","date_gmt":"2025-12-05T08:02:25","guid":{"rendered":"https:\/\/www.europesays.com\/fr\/579410\/"},"modified":"2025-12-05T08:02:25","modified_gmt":"2025-12-05T08:02:25","slug":"ratp-accident-grave-de-voyageur-sur-la-ligne-9-du-metro-a-paris-la-circulation-en-partie-interrompue","status":"publish","type":"post","link":"https:\/\/www.europesays.com\/fr\/579410\/","title":{"rendered":"RATP. Accident grave de voyageur sur la ligne 9 du m\u00e9tro \u00e0 Paris, la circulation en partie interrompue"},"content":{"rendered":"<p>                    Par<br \/>\n        <strong><br \/>\n            <a href=\"https:\/\/actu.fr\/auteur\/redaction-paris\" title=\"Consulter tous les articles de R\u00e9daction Paris\" target=\"_blank\" rel=\"noopener\">R\u00e9daction Paris<\/a><br \/>\n                    <\/strong><\/p>\n<p>        Publi\u00e9 le<\/p>\n<p>            5 d\u00e9c. 2025 \u00e0 8h30        <\/p>\n<p>D\u00e9but de matin\u00e9e perturb\u00e9e. Ce vendredi 5 d\u00e9cembre 2025, la circulation est \u00e0 l\u2019arr\u00eat sur une partie de la <strong>ligne 9<\/strong> du <a href=\"https:\/\/actu.fr\/tag\/metro\" target=\"_blank\" rel=\"noopener\">m\u00e9tro<\/a> \u00e0 Paris en raison d\u2019un <a href=\"https:\/\/actu.fr\/tag\/accident-grave-de-voyageur\" target=\"_blank\" rel=\"noopener\">accident grave de voyageur<\/a>, a fait savoir la <a href=\"https:\/\/actu.fr\/tag\/ratp\" target=\"_blank\" rel=\"noopener\">RATP<\/a> sur X.<\/p>\n<p>Des itin\u00e9raires alternatifs<\/p>\n<p class=\" wall-content\">\u00ab Le trafic est interrompu entre Havre-Caumartin et Oberkampf, et tr\u00e8s perturb\u00e9 sur le reste de la ligne. Il doit reprendre vers <strong>9 heures<\/strong>. Cela fait suite \u00e0 un accident grave de personne \u00e0 la station Grands Boulevards \u00bb, indique la r\u00e9gie des transports.<\/p>\n<p class=\" wall-content\">\n<p class=\" wall-content\">Les <strong>stations suivantes<\/strong> ne sont donc pas desservies : Chauss\u00e9e d\u2019Antin\u2013Lafayette, Richelieu-Drouot, Grands Boulevards, Bonne-Nouvelle, Strasbourg\u2013Saint-Denis et R\u00e9publique.<\/p>\n<p class=\" wall-content\">\u00c0 la station R\u00e9publique, des agents sont d\u00e9ploy\u00e9s pour renseigner les usagers et leur indiquer un <strong>itin\u00e9raire alternatif<\/strong>. Dans la mesure du possible, il est recommand\u00e9 aux voyageurs de modifier leur trajet.<\/p>\n<p class=\" wall-content\">Personnalisez votre actualit\u00e9 en ajoutant vos villes et m\u00e9dias en favori avec <a href=\"https:\/\/moncompte.actu.fr\" title=\"D\u00e9couvez Mon Actu\" rel=\"nofollow noopener\" data-trk=\"{&quot;cta&quot;:{&quot;action&quot;:&quot;https:\\\/\\\/moncompte.actu.fr&quot;,&quot;category&quot;:&quot;mon compte&quot;,&quot;from&quot;:&quot;article footer&quot;,&quot;name&quot;:&quot;Mon actu&quot;,&quot;type&quot;:&quot;cta&quot;}}\" target=\"_blank\">Mon Actu<\/a>.<\/p>\n","protected":false},"excerpt":{"rendered":"Par R\u00e9daction Paris Publi\u00e9 le 5 d\u00e9c. 2025 \u00e0 8h30 D\u00e9but de matin\u00e9e perturb\u00e9e. Ce vendredi 5 d\u00e9cembre&hellip;\n","protected":false},"author":2,"featured_media":579411,"comment_status":"","ping_status":"","sticky":false,"template":"","format":"standard","meta":{"footnotes":""},"categories":[1888],"tags":[7757,11,1777,674,1011,27,4047,12,626,625,25,104],"class_list":{"0":"post-579410","1":"post","2":"type-post","3":"status-publish","4":"format-standard","5":"has-post-thumbnail","7":"category-paris","8":"tag-accident-grave-de-voyageur","9":"tag-actualites","10":"tag-eu","11":"tag-europe","12":"tag-fr","13":"tag-france","14":"tag-metro","15":"tag-news","16":"tag-paris","17":"tag-ratp","18":"tag-republique-francaise","19":"tag-societe"},"share_on_mastodon":{"url":"https:\/\/pubeurope.com\/@fr\/115665918049442046","error":""},"_links":{"self":[{"href":"https:\/\/www.europesays.com\/fr\/wp-json\/wp\/v2\/posts\/579410","targetHints":{"allow":["GET"]}}],"collection":[{"href":"https:\/\/www.europesays.com\/fr\/wp-json\/wp\/v2\/posts"}],"about":[{"href":"https:\/\/www.europesays.com\/fr\/wp-json\/wp\/v2\/types\/post"}],"author":[{"embeddable":true,"href":"https:\/\/www.europesays.com\/fr\/wp-json\/wp\/v2\/users\/2"}],"replies":[{"embeddable":true,"href":"https:\/\/www.europesays.com\/fr\/wp-json\/wp\/v2\/comments?post=579410"}],"version-history":[{"count":0,"href":"https:\/\/www.europesays.com\/fr\/wp-json\/wp\/v2\/posts\/579410\/revisions"}],"wp:featuredmedia":[{"embeddable":true,"href":"https:\/\/www.europesays.com\/fr\/wp-json\/wp\/v2\/media\/579411"}],"wp:attachment":[{"href":"https:\/\/www.europesays.com\/fr\/wp-json\/wp\/v2\/media?parent=579410"}],"wp:term":[{"taxonomy":"category","embeddable":true,"href":"https:\/\/www.europesays.com\/fr\/wp-json\/wp\/v2\/categories?post=579410"},{"taxonomy":"post_tag","embeddable":true,"href":"https:\/\/www.europesays.com\/fr\/wp-json\/wp\/v2\/tags?post=579410"}],"curies":[{"name":"wp","href":"https:\/\/api.w.org\/{rel}","templated":true}]}}