{"id":579414,"date":"2025-12-05T08:04:15","date_gmt":"2025-12-05T08:04:15","guid":{"rendered":"https:\/\/www.europesays.com\/fr\/579414\/"},"modified":"2025-12-05T08:04:15","modified_gmt":"2025-12-05T08:04:15","slug":"nikos-christodoulidis-en-ukraine-choque-par-les-histoires-denfants-enleves-par-la-russie","status":"publish","type":"post","link":"https:\/\/www.europesays.com\/fr\/579414\/","title":{"rendered":"N\u00edkos Christodoul\u00eddis en Ukraine : choqu\u00e9 par les histoires d&rsquo;enfants enlev\u00e9s par la Russie"},"content":{"rendered":"<p>Le pr\u00e9sident de la R\u00e9publique de Chypre, N\u00edkos Christodoul\u00eddis a visit\u00e9 \u00e0 Kyiv le Centre pour la protection des droits de l&rsquo;enfant, qui \u0153uvre \u00e0 la r\u00e9habilitation des enfants rapatri\u00e9s.<\/p>\n<p>Il y a rencontr\u00e9 certains de ces jeunes, qui tentent de surmonter les \u00e9v\u00e9nements traumatisants qu&rsquo;ils ont v\u00e9cus. Certains n&rsquo;ont pas pu cacher leur \u00e9motion.<\/p>\n<p>Les autorit\u00e9s affirment que le premier enl\u00e8vement de mineur enregistr\u00e9 concerne un cas survenu en Crim\u00e9e en 2014 et se plaignent que la Russie impose la militarisation \u00e0 tous les enfants ukrainiens.<\/p>\n<p><strong>N\u00edkos Christodoul\u00eddis :<\/strong> <\/p>\n<p>\u00ab\u00a0Je comprends que vous avez des cas d&rsquo;enfants d&rsquo;un an, de six mois ?\u00a0\u00bb<\/p>\n<p><strong>Dmytro Lubinets, commissaire aux droits de l&rsquo;homme du Parlement ukrainien<\/strong> : <\/p>\n<p>\u00ab\u00a0Oui, et nous ne savons pas comment les ramener. Par exemple, Margarita Prokopano. Elle n&rsquo;avait que 10 mois lorsqu&rsquo;elle a \u00e9t\u00e9 d\u00e9port\u00e9e, officiellement d\u00e9port\u00e9e, par Sergei Mironov. Sergei Mironov est membre du Parlement russe. Il l&rsquo;a officiellement adopt\u00e9e et l&rsquo;a arrach\u00e9e \u00e0 son foyer. Lorsque nous avons trouv\u00e9 ses pr\u00e9tendus nouveaux documents, sur son certificat de naissance russe, elle s&rsquo;appelle Marina Mironova. Elle est n\u00e9e dans la r\u00e9gion de Moscou. Mais en Ukraine, nous avons en m\u00eame temps la famille ukrainienne\u00a0\u00bb.<\/p>\n<p>N\u00edkos Christodoul\u00eddis a condamn\u00e9 ces ph\u00e9nom\u00e8nes inacceptables, rappelant que Chypre a \u00e9galement connu des exp\u00e9riences dramatiques similaires.<\/p>\n<p>Il a soulign\u00e9 que la R\u00e9publique de Chypre soutient les efforts du Centre et continuera \u00e0 les soutenir pendant la pr\u00e9sidence chypriote du Conseil de l&rsquo;Union europ\u00e9enne \u00e0 partir du 1er janvier prochain. Il a \u00e9galement invit\u00e9 un groupe d&rsquo;enfants et de tuteurs \u00e0 visiter Chypre pendant quelques semaines.<\/p>\n","protected":false},"excerpt":{"rendered":"Le pr\u00e9sident de la R\u00e9publique de Chypre, N\u00edkos Christodoul\u00eddis a visit\u00e9 \u00e0 Kyiv le Centre pour la protection&hellip;\n","protected":false},"author":2,"featured_media":579415,"comment_status":"","ping_status":"","sticky":false,"template":"","format":"standard","meta":{"footnotes":""},"categories":[1590],"tags":[11,16996,1719,2716,1777,674,131,12,132,220],"class_list":{"0":"post-579414","1":"post","2":"type-post","3":"status-publish","4":"format-standard","5":"has-post-thumbnail","7":"category-ukraine","8":"tag-actualites","9":"tag-chypre","10":"tag-enfants","11":"tag-enlevement","12":"tag-eu","13":"tag-europe","14":"tag-guerre-en-ukraine","15":"tag-news","16":"tag-russie","17":"tag-ukraine"},"share_on_mastodon":{"url":"https:\/\/pubeurope.com\/@fr\/115665925854874988","error":""},"_links":{"self":[{"href":"https:\/\/www.europesays.com\/fr\/wp-json\/wp\/v2\/posts\/579414","targetHints":{"allow":["GET"]}}],"collection":[{"href":"https:\/\/www.europesays.com\/fr\/wp-json\/wp\/v2\/posts"}],"about":[{"href":"https:\/\/www.europesays.com\/fr\/wp-json\/wp\/v2\/types\/post"}],"author":[{"embeddable":true,"href":"https:\/\/www.europesays.com\/fr\/wp-json\/wp\/v2\/users\/2"}],"replies":[{"embeddable":true,"href":"https:\/\/www.europesays.com\/fr\/wp-json\/wp\/v2\/comments?post=579414"}],"version-history":[{"count":0,"href":"https:\/\/www.europesays.com\/fr\/wp-json\/wp\/v2\/posts\/579414\/revisions"}],"wp:featuredmedia":[{"embeddable":true,"href":"https:\/\/www.europesays.com\/fr\/wp-json\/wp\/v2\/media\/579415"}],"wp:attachment":[{"href":"https:\/\/www.europesays.com\/fr\/wp-json\/wp\/v2\/media?parent=579414"}],"wp:term":[{"taxonomy":"category","embeddable":true,"href":"https:\/\/www.europesays.com\/fr\/wp-json\/wp\/v2\/categories?post=579414"},{"taxonomy":"post_tag","embeddable":true,"href":"https:\/\/www.europesays.com\/fr\/wp-json\/wp\/v2\/tags?post=579414"}],"curies":[{"name":"wp","href":"https:\/\/api.w.org\/{rel}","templated":true}]}}