{"id":579418,"date":"2025-12-05T08:06:19","date_gmt":"2025-12-05T08:06:19","guid":{"rendered":"https:\/\/www.europesays.com\/fr\/579418\/"},"modified":"2025-12-05T08:06:19","modified_gmt":"2025-12-05T08:06:19","slug":"les-prix-de-limmobilier-stagnent-en-novembre-au-royaume-uni-selon-halifax","status":"publish","type":"post","link":"https:\/\/www.europesays.com\/fr\/579418\/","title":{"rendered":"Les prix de l&rsquo;immobilier stagnent en novembre au Royaume-Uni, selon Halifax"},"content":{"rendered":"<p>Le march\u00e9 immobilier britannique a marqu\u00e9 le pas en novembre, tant sur le plan annuel que mensuel, \u00e0 l&rsquo;approche du budget gouvernemental, selon les chiffres publi\u00e9s vendredi par le pr\u00eateur hypoth\u00e9caire Halifax.<\/p>\n<p>Halifax indique que les prix des logements sont rest\u00e9s stables en novembre, apr\u00e8s une croissance de 0,5\u00a0% en octobre.<\/p>\n<p>Sur un an, la hausse des prix de l&rsquo;immobilier a ralenti \u00e0 0,7\u00a0% contre une progression annuelle de 1,9\u00a0% en octobre, affichant ainsi son rythme le plus faible depuis mars 2024.<\/p>\n<p>Le pr\u00eateur pr\u00e9cise que ce ralentissement annuel refl\u00e8te en grande partie l&rsquo;effet de base li\u00e9 \u00e0 une croissance plus soutenue des prix un an plus t\u00f4t.<\/p>\n<p>\u00ab\u00a0La croissance annuelle s&rsquo;est ralentie \u00e0 +0,7\u00a0%, le rythme le plus faible depuis mars 2024, ce qui s&rsquo;explique principalement par l&rsquo;effet de base d&rsquo;une hausse beaucoup plus forte des prix \u00e0 la m\u00eame p\u00e9riode l&rsquo;an dernier\u00a0\u00bb, explique Amanda Bryden, responsable des pr\u00eats hypoth\u00e9caires chez Halifax.<\/p>\n<p>\u00ab\u00a0M\u00eame avec les modifications du Stamp Duty au printemps et une certaine incertitude avant le budget d&rsquo;automne, la valeur des biens immobiliers est rest\u00e9e stable.\u00a0\u00bb<\/p>\n<p>D&rsquo;autres indicateurs du march\u00e9 immobilier britannique font \u00e9galement \u00e9tat d&rsquo;un ralentissement de la croissance des prix, attribu\u00e9 \u00e0 la prudence des acheteurs avant le budget du 26 novembre pr\u00e9sent\u00e9 par la ministre des Finances, Rachel Reeves.<\/p>\n<p>Les donn\u00e9es du concurrent Nationwide, publi\u00e9es mardi, montrent que les prix ont augment\u00e9 de 0,3\u00a0% en novembre, et que la croissance annuelle des prix de l&rsquo;immobilier a ralenti \u00e0 1,8\u00a0%.<\/p>\n<p>Bryden souligne que l&rsquo;accessibilit\u00e9 financi\u00e8re est \u00e0 son meilleur niveau depuis 2015 et pr\u00e9voit une augmentation progressive des prix de l&rsquo;immobilier l&rsquo;an prochain, soutenue par une activit\u00e9 stable et des baisses de taux d&rsquo;int\u00e9r\u00eat de la Banque d&rsquo;Angleterre.<\/p>\n<p>La Banque d&rsquo;Angleterre est largement attendue pour r\u00e9duire ses taux d&#8217;emprunt de 25 points de base, \u00e0 3,75\u00a0%, en d\u00e9cembre.<\/p>\n","protected":false},"excerpt":{"rendered":"Le march\u00e9 immobilier britannique a marqu\u00e9 le pas en novembre, tant sur le plan annuel que mensuel, \u00e0&hellip;\n","protected":false},"author":2,"featured_media":579419,"comment_status":"","ping_status":"","sticky":false,"template":"","format":"standard","meta":{"footnotes":""},"categories":[1588],"tags":[11,340,1777,674,12,473,1853,1851,1850,1852],"class_list":{"0":"post-579418","1":"post","2":"type-post","3":"status-publish","4":"format-standard","5":"has-post-thumbnail","7":"category-royaume-uni","8":"tag-actualites","9":"tag-bourse","10":"tag-eu","11":"tag-europe","12":"tag-news","13":"tag-royaume-uni","14":"tag-royaume-uni-de-grande-bretagne-et-dirlande-du-nord","15":"tag-uk","16":"tag-united-kingdom","17":"tag-united-kingdom-of-great-britain-and-northern-ireland"},"share_on_mastodon":{"url":"https:\/\/pubeurope.com\/@fr\/115665933704411735","error":""},"_links":{"self":[{"href":"https:\/\/www.europesays.com\/fr\/wp-json\/wp\/v2\/posts\/579418","targetHints":{"allow":["GET"]}}],"collection":[{"href":"https:\/\/www.europesays.com\/fr\/wp-json\/wp\/v2\/posts"}],"about":[{"href":"https:\/\/www.europesays.com\/fr\/wp-json\/wp\/v2\/types\/post"}],"author":[{"embeddable":true,"href":"https:\/\/www.europesays.com\/fr\/wp-json\/wp\/v2\/users\/2"}],"replies":[{"embeddable":true,"href":"https:\/\/www.europesays.com\/fr\/wp-json\/wp\/v2\/comments?post=579418"}],"version-history":[{"count":0,"href":"https:\/\/www.europesays.com\/fr\/wp-json\/wp\/v2\/posts\/579418\/revisions"}],"wp:featuredmedia":[{"embeddable":true,"href":"https:\/\/www.europesays.com\/fr\/wp-json\/wp\/v2\/media\/579419"}],"wp:attachment":[{"href":"https:\/\/www.europesays.com\/fr\/wp-json\/wp\/v2\/media?parent=579418"}],"wp:term":[{"taxonomy":"category","embeddable":true,"href":"https:\/\/www.europesays.com\/fr\/wp-json\/wp\/v2\/categories?post=579418"},{"taxonomy":"post_tag","embeddable":true,"href":"https:\/\/www.europesays.com\/fr\/wp-json\/wp\/v2\/tags?post=579418"}],"curies":[{"name":"wp","href":"https:\/\/api.w.org\/{rel}","templated":true}]}}