{"id":579420,"date":"2025-12-05T08:07:12","date_gmt":"2025-12-05T08:07:12","guid":{"rendered":"https:\/\/www.europesays.com\/fr\/579420\/"},"modified":"2025-12-05T08:07:12","modified_gmt":"2025-12-05T08:07:12","slug":"les-commandes-a-lindustrie-augmentent-plus-que-prevu-en-octobre","status":"publish","type":"post","link":"https:\/\/www.europesays.com\/fr\/579420\/","title":{"rendered":"Les commandes \u00e0 l&rsquo;industrie augmentent plus que pr\u00e9vu en octobre"},"content":{"rendered":"<p class=\"upper-letter\">5 d\u00e9cembre (Reuters) &#8211; Les commandes industrielles en Allemagne \u200bont augment\u00e9 plus que pr\u00e9vu en octobre, a d\u00e9clar\u00e9 vendredi l&rsquo;Office f\u00e9d\u00e9ral des statistiques.<\/p>\n<p>Les commandes ont progress\u00e9 de 1,5% en octobre par rapport au mois pr\u00e9c\u00e9dent, en donn\u00e9es corrig\u00e9es des variations saisonni\u00e8res et calendaires, a pr\u00e9cis\u00e9 l&rsquo;office.<\/p>\n<p>Les \u00e9conomistes interrog\u00e9s par Reuters tablaient sur une hausse de 0,4%, apr\u00e8s +2% (r\u00e9vis\u00e9 de +1,1%) en septembre.<\/p>\n<p> (R\u00e9dig\u00e9 par Coralie Lamarque ; \u00e9dit\u00e9 par Augustin Turpin)<\/p>\n","protected":false},"excerpt":{"rendered":"5 d\u00e9cembre (Reuters) &#8211; Les commandes industrielles en Allemagne \u200bont augment\u00e9 plus que pr\u00e9vu en octobre, a d\u00e9clar\u00e9&hellip;\n","protected":false},"author":2,"featured_media":579421,"comment_status":"","ping_status":"","sticky":false,"template":"","format":"standard","meta":{"footnotes":""},"categories":[1587],"tags":[11,672,1804,1805,1803,1777,674,1801,12,1802],"class_list":{"0":"post-579420","1":"post","2":"type-post","3":"status-publish","4":"format-standard","5":"has-post-thumbnail","7":"category-allemagne","8":"tag-actualites","9":"tag-allemagne","10":"tag-bundesrepublik-deutschland","11":"tag-de","12":"tag-deutschland","13":"tag-eu","14":"tag-europe","15":"tag-germany","16":"tag-news","17":"tag-republique-federale-dallemagne"},"share_on_mastodon":{"url":"https:\/\/pubeurope.com\/@fr\/115665938065523608","error":""},"_links":{"self":[{"href":"https:\/\/www.europesays.com\/fr\/wp-json\/wp\/v2\/posts\/579420","targetHints":{"allow":["GET"]}}],"collection":[{"href":"https:\/\/www.europesays.com\/fr\/wp-json\/wp\/v2\/posts"}],"about":[{"href":"https:\/\/www.europesays.com\/fr\/wp-json\/wp\/v2\/types\/post"}],"author":[{"embeddable":true,"href":"https:\/\/www.europesays.com\/fr\/wp-json\/wp\/v2\/users\/2"}],"replies":[{"embeddable":true,"href":"https:\/\/www.europesays.com\/fr\/wp-json\/wp\/v2\/comments?post=579420"}],"version-history":[{"count":0,"href":"https:\/\/www.europesays.com\/fr\/wp-json\/wp\/v2\/posts\/579420\/revisions"}],"wp:featuredmedia":[{"embeddable":true,"href":"https:\/\/www.europesays.com\/fr\/wp-json\/wp\/v2\/media\/579421"}],"wp:attachment":[{"href":"https:\/\/www.europesays.com\/fr\/wp-json\/wp\/v2\/media?parent=579420"}],"wp:term":[{"taxonomy":"category","embeddable":true,"href":"https:\/\/www.europesays.com\/fr\/wp-json\/wp\/v2\/categories?post=579420"},{"taxonomy":"post_tag","embeddable":true,"href":"https:\/\/www.europesays.com\/fr\/wp-json\/wp\/v2\/tags?post=579420"}],"curies":[{"name":"wp","href":"https:\/\/api.w.org\/{rel}","templated":true}]}}