{"id":579437,"date":"2025-12-05T08:22:16","date_gmt":"2025-12-05T08:22:16","guid":{"rendered":"https:\/\/www.europesays.com\/fr\/579437\/"},"modified":"2025-12-05T08:22:16","modified_gmt":"2025-12-05T08:22:16","slug":"le-koweit-lance-la-chasse-aux-billets","status":"publish","type":"post","link":"https:\/\/www.europesays.com\/fr\/579437\/","title":{"rendered":"Le Koweit lance la chasse aux billets"},"content":{"rendered":"<p><b>La billetterie a \u00e9t\u00e9 d\u00e9clar\u00e9e ouverte au Koweit pour le match entre le <a href=\"https:\/\/www.foot01.com\/paris\" title=\"PSG\" target=\"_blank\" rel=\"noopener\">PSG<\/a> et l&rsquo;<a href=\"https:\/\/www.foot01.com\/marseille\" title=\"OM\" target=\"_blank\" rel=\"noopener\">OM<\/a> du 8 janvier 2026, dans le cadre du Troph\u00e9e des Champions. <\/b>En raison de la participation du <a href=\"https:\/\/www.foot01.com\/paris\" target=\"_self\" rel=\"noopener\">PSG<\/a> \u00e0 la Coupe du monde des clubs, le Troph\u00e9e des Champions n\u2019a pas pu avoir lieu cet \u00e9t\u00e9. Le match doit opposer le champion de France, Paris donc, \u00e0 son dauphin puisque le club de la capitale a r\u00e9alis\u00e9 le doubl\u00e9 la saison derni\u00e8re. La rencontre aura lieu le 8 janvier au stade Jaber Al-Ahmad, \u00e0 Koweit City.<\/p>\n<p>Cette rencontre est r\u00e9guli\u00e8rement disput\u00e9e \u00e0 l\u2019\u00e9tranger, et les pays du Golfe l\u2019ont accueilli ces derni\u00e8res ann\u00e9es avec notamment Doha la saison derni\u00e8re pour la victoire du PSG sur Monaco.<\/p>\n<p>Cette fois-ci, ce sera un des plus grands stades de la r\u00e9gion avec une enceinte d\u2019une capacit\u00e9 de 60.000 places. Une enceinte moderne, r\u00e9nov\u00e9e en 2015, et qui sera un tr\u00e8s bon test pour le Koweit, qui veut organiser des grands \u00e9v\u00e8nements sportifs dans son pays, comme le font le Qatar et l\u2019Arabie Saoudite.<\/p>\n<p>Lors d\u2019une conf\u00e9rence de presse organis\u00e9e \u00e0 quasiment un mois de l\u2019\u00e9v\u00e8nement, la f\u00e9d\u00e9ration du Kowe\u00eft a affirm\u00e9 sa confiance de voir le stade \u00eatre rempli, ce qui n\u2019a pas toujours \u00e9t\u00e9 le cas quand le Troph\u00e9e des Champions s\u2019est d\u00e9roul\u00e9 \u00e0 l\u2019\u00e9tranger. Le pays organisateur en a profit\u00e9 pour annoncer officiellement la mise en vente des billets pour le match, m\u00eame si les d\u00e9tails en ce qui concerne les prix et les contingents r\u00e9serv\u00e9s \u00e0 chaque club n\u2019ont pas \u00e9t\u00e9 donn\u00e9s.<\/p>\n<p>Selon les indiscr\u00e9tions de L&rsquo;Equipe, le Koweit aurait mis entre 3 et 4 millions d&rsquo;euros sur la table pour organiser cette comp\u00e9tition. Le match se d\u00e9roulera le jeudi 8 janvier \u00e0 19h (21h00 locales).<\/p>\n","protected":false},"excerpt":{"rendered":"La billetterie a \u00e9t\u00e9 d\u00e9clar\u00e9e ouverte au Koweit pour le match entre le PSG et l&rsquo;OM du 8&hellip;\n","protected":false},"author":2,"featured_media":579438,"comment_status":"","ping_status":"","sticky":false,"template":"","format":"standard","meta":{"footnotes":""},"categories":[1410],"tags":[63,1011,27,66,149,93,60],"class_list":{"0":"post-579437","1":"post","2":"type-post","3":"status-publish","4":"format-standard","5":"has-post-thumbnail","7":"category-football","8":"tag-football","9":"tag-fr","10":"tag-france","11":"tag-ligue-1","12":"tag-om","13":"tag-psg","14":"tag-sports"},"share_on_mastodon":{"url":"https:\/\/pubeurope.com\/@fr\/115665996760972200","error":""},"_links":{"self":[{"href":"https:\/\/www.europesays.com\/fr\/wp-json\/wp\/v2\/posts\/579437","targetHints":{"allow":["GET"]}}],"collection":[{"href":"https:\/\/www.europesays.com\/fr\/wp-json\/wp\/v2\/posts"}],"about":[{"href":"https:\/\/www.europesays.com\/fr\/wp-json\/wp\/v2\/types\/post"}],"author":[{"embeddable":true,"href":"https:\/\/www.europesays.com\/fr\/wp-json\/wp\/v2\/users\/2"}],"replies":[{"embeddable":true,"href":"https:\/\/www.europesays.com\/fr\/wp-json\/wp\/v2\/comments?post=579437"}],"version-history":[{"count":0,"href":"https:\/\/www.europesays.com\/fr\/wp-json\/wp\/v2\/posts\/579437\/revisions"}],"wp:featuredmedia":[{"embeddable":true,"href":"https:\/\/www.europesays.com\/fr\/wp-json\/wp\/v2\/media\/579438"}],"wp:attachment":[{"href":"https:\/\/www.europesays.com\/fr\/wp-json\/wp\/v2\/media?parent=579437"}],"wp:term":[{"taxonomy":"category","embeddable":true,"href":"https:\/\/www.europesays.com\/fr\/wp-json\/wp\/v2\/categories?post=579437"},{"taxonomy":"post_tag","embeddable":true,"href":"https:\/\/www.europesays.com\/fr\/wp-json\/wp\/v2\/tags?post=579437"}],"curies":[{"name":"wp","href":"https:\/\/api.w.org\/{rel}","templated":true}]}}