{"id":579439,"date":"2025-12-05T08:23:11","date_gmt":"2025-12-05T08:23:11","guid":{"rendered":"https:\/\/www.europesays.com\/fr\/579439\/"},"modified":"2025-12-05T08:23:11","modified_gmt":"2025-12-05T08:23:11","slug":"exclu-vincent-lagaf-toutes-les-conneries-que-jai-pu-son-constat-edifiant-apres-son-operation","status":"publish","type":"post","link":"https:\/\/www.europesays.com\/fr\/579439\/","title":{"rendered":"EXCLU. Vincent Lagaf&rsquo; : \u00ab\u00a0Toutes les conneries que j&rsquo;ai pu&#8230;\u00a0\u00bb, son constat \u00e9difiant apr\u00e8s son op\u00e9ration"},"content":{"rendered":"<p>\u00ab\u00a0<strong>Franchement, \u00e7a va.<\/strong>\u00a0\u00bb C&rsquo;est en ces<br \/>\ntermes que Vincent Lagaf&rsquo; a commenc\u00e9 \u00e0 donner de ses nouvelles.<br \/>\nApr\u00e8s avoir <a href=\"https:\/\/www.closermag.fr\/people\/jai-failli-mourir-vincent-lagaf-revient-sur-son-operation-du-coeur-et-cetait-encore-plus-grave-quon-ne-le-pensait-3590295\" target=\"_blank\" rel=\"noopener\"><br \/>\nsubi une op\u00e9ration du coeur<\/a>, l&rsquo;animateur a rassur\u00e9 ses fans<br \/>\ndans les pages de Closer. Dans notre prochain num\u00e9ro \u00e0 para\u00eetre en<br \/>\nkiosques, il confie en effet avoir \u00e9chapp\u00e9 au pire.<br \/>\n\u00ab\u00a0<strong>Quand je repense \u00e0 toutes les conneries que j&rsquo;ai pu<br \/>\nfaire dans ma vie, et le nombre de fois o\u00f9 j&rsquo;ai tutoy\u00e9 la<br \/>\nfaucheuse, je m&rsquo;en sors plut\u00f4t bien.<\/strong>\u00a0\u00bb a-t-il<br \/>\najout\u00e9.<\/p>\n<p>Pour rappel, cet \u00e9t\u00e9, Vincent Lagaf&rsquo; a v\u00e9cu ce qu\u2019il n\u2019imaginait<br \/>\nplus: \u00e0 65 ans, l\u2019animateur a d\u00fb \u00eatre op\u00e9r\u00e9 en urgence apr\u00e8s que<br \/>\ndes art\u00e8res bloqu\u00e9es \u00e0 95 % et 97 % aient mis son pronostic vital<br \/>\nen danger. Lors d\u2019une intervention \u00e0 c\u0153ur ouvert le 30 juillet \u00e0<br \/>\nl\u2019h\u00f4pital H\u00f4pital Bichat, Vincent Lagaf\u2019 a subi un <a href=\"https:\/\/www.closermag.fr\/people\/vincent-lagaf-miracule-ce-quintuple-pontage-subit-avant-quil-ne-soit-trop-tard-3582213\" target=\"_blank\" rel=\"noopener\"><br \/>\nquintuple pontage<\/a> : son c\u0153ur s&rsquo;est \u00ab\u00a0arr\u00eat\u00e9\u00a0\u00bb temporairement<br \/>\npendant plus de six heures, le temps qu\u2019on le \u00ab\u00a0retourne\u00a0\u00bb, qu\u2019on<br \/>\ninstalle des contournements, puis qu\u2019on le relance.<\/p>\n<p>Vincent Lagaf&rsquo; : \u00ab\u00a0J&rsquo;ai fait un peu n&rsquo;importe quoi\u00a0\u00bb<\/p>\n<p>Apr\u00e8s quatre jours en r\u00e9animation puis une p\u00e9riode de<br \/>\nr\u00e9\u00e9ducation, l\u2019animateur a confi\u00e9 que c\u2019est avec un regard nouveau<br \/>\nqu\u2019il a repris en douceur sa vie, son r\u00f4le de grand-p\u00e8re, et m\u00eame<br \/>\nson \u00e9mission Le Bigdil, d\u00e9sormais diffus\u00e9e sur RMC Story.<br \/>\n\u00ab\u00a0<strong>On ne s&rsquo;attend jamais \u00e0 vivre un accident cardiaque<br \/>\ncomme le mien.<\/strong> Sur le moment, je me suis dit &lsquo;Je suis un<br \/>\npeu fatigu\u00e9, \u00e7a va passer.&rsquo; (&#8230;) Je ne bois pas, je ne fume pas,<br \/>\nje ne mange pas tous les jours des plats en sauce au<br \/>\nrestaurant.\u00a0\u00bb a-t-il ajout\u00e9 dans nos pages.<\/p>\n<p>\u00ab\u00a0C&rsquo;est vrai qu&rsquo;\u00e0 une p\u00e9riode, apr\u00e8s le Club Med,<br \/>\n<strong>j&rsquo;ai fait un peu n&rsquo;importe quoi<\/strong>. \u00c7a n&rsquo;a pas dur\u00e9<br \/>\ndes ann\u00e9es non plus, mais \u00e7a n&rsquo;a clairement pas fait de bien \u00e0 mon<br \/>\ncorps.\u00a0\u00bb a pr\u00e9cis\u00e9 Vincent Lagaf&rsquo;. Aujourd\u2019hui, s\u2019il retrouve<br \/>\nprogressivement le chemin des plateaux, <a href=\"https:\/\/www.closermag.fr\/people\/vincent-lagaf-qui-est-son-ex-compagne-veronique-la-mere-de-son-fils-unique-3507903\" target=\"_blank\" rel=\"noopener\"><br \/>\nl&rsquo;ex compagnon de V\u00e9ronique<\/a> n\u2019oublie rien de ce passage \u00e0 deux<br \/>\ndoigts de l\u2019accident vasculaire.<\/p>\n<p>Vincent Lagaf&rsquo; : ce cadeau de la vie<br \/>\nqui a (presque) tout chang\u00e9 pour lui<\/p>\n<p>A noter que l&rsquo;arriv\u00e9e de son petit-fils en ao\u00fbt 2025 a tout<br \/>\nchang\u00e9 pour Vincent Lagaf&rsquo;. \u00ab\u00a0J&rsquo;aimerais bien vivre encore longtemps<br \/>\npour lui apprendre \u00e0 faire des conneries !\u00a0\u00bb a-t-il plaisant\u00e9. Puis,<br \/>\nil a conclu avec \u00e9motion : \u00ab\u00a0<strong>J&rsquo;ai v\u00e9cu \u00e0 deux cents \u00e0<br \/>\nl&rsquo;heure, no limit, toute ma vie. C&rsquo;est difficile de<br \/>\nchanger.<\/strong> \u00c7a ne m&rsquo;int\u00e9resse pas de faire les<br \/>\nchoses comme tout le monde. Je suis conscient d&rsquo;\u00eatre un peu<br \/>\nborderline.\u00a0\u00bb<\/p>\n<p><strong>COMMENT ACHETER CLOSER ? Votre magazine est en vente \u00e0<br \/>\npartir du vendredi 5 d\u00e9cembre 2025 chez votre marchand de journaux,<br \/>\nsur\u00a0<a href=\"https:\/\/play.google.com\/store\/apps\/details?id=com.immanens.kioskmag&amp;hl=fr\" data-mrf-link=\"https:\/\/play.google.com\/store\/apps\/details?id=com.immanens.kioskmag&amp;hl=fr\" target=\"_blank\" rel=\"noopener\">Android<\/a>,\u00a0<a href=\"https:\/\/apps.apple.com\/fr\/app\/closer-magazine\/id395501531\" data-mrf-link=\"https:\/\/apps.apple.com\/fr\/app\/closer-magazine\/id395501531\" target=\"_blank\" rel=\"noopener\">iPad<\/a>\u00a0et<br \/>\nsur\u00a0<a href=\"https:\/\/www.kiosquemag.com\/titres\/closer\/offres?utm_source=Closer&amp;utm_medium=article\" data-mrf-link=\"https:\/\/www.kiosquemag.com\/titres\/closer\/offres?utm_source=Closer&amp;utm_medium=article\" target=\"_blank\" rel=\"noopener\">KiosqueMag.<\/a><\/strong><\/p>\n","protected":false},"excerpt":{"rendered":"\u00ab\u00a0Franchement, \u00e7a va.\u00a0\u00bb C&rsquo;est en ces termes que Vincent Lagaf&rsquo; a commenc\u00e9 \u00e0 donner de ses nouvelles. Apr\u00e8s&hellip;\n","protected":false},"author":2,"featured_media":579440,"comment_status":"","ping_status":"","sticky":false,"template":"","format":"standard","meta":{"footnotes":""},"categories":[1359],"tags":[21303,58,59,1011,27,973,24201],"class_list":{"0":"post-579439","1":"post","2":"type-post","3":"status-publish","4":"format-standard","5":"has-post-thumbnail","7":"category-people","8":"tag-buzz_nonli","9":"tag-divertissement","10":"tag-entertainment","11":"tag-fr","12":"tag-france","13":"tag-people","14":"tag-vincent-lagaf"},"share_on_mastodon":{"url":"https:\/\/pubeurope.com\/@fr\/115666000602888173","error":""},"_links":{"self":[{"href":"https:\/\/www.europesays.com\/fr\/wp-json\/wp\/v2\/posts\/579439","targetHints":{"allow":["GET"]}}],"collection":[{"href":"https:\/\/www.europesays.com\/fr\/wp-json\/wp\/v2\/posts"}],"about":[{"href":"https:\/\/www.europesays.com\/fr\/wp-json\/wp\/v2\/types\/post"}],"author":[{"embeddable":true,"href":"https:\/\/www.europesays.com\/fr\/wp-json\/wp\/v2\/users\/2"}],"replies":[{"embeddable":true,"href":"https:\/\/www.europesays.com\/fr\/wp-json\/wp\/v2\/comments?post=579439"}],"version-history":[{"count":0,"href":"https:\/\/www.europesays.com\/fr\/wp-json\/wp\/v2\/posts\/579439\/revisions"}],"wp:featuredmedia":[{"embeddable":true,"href":"https:\/\/www.europesays.com\/fr\/wp-json\/wp\/v2\/media\/579440"}],"wp:attachment":[{"href":"https:\/\/www.europesays.com\/fr\/wp-json\/wp\/v2\/media?parent=579439"}],"wp:term":[{"taxonomy":"category","embeddable":true,"href":"https:\/\/www.europesays.com\/fr\/wp-json\/wp\/v2\/categories?post=579439"},{"taxonomy":"post_tag","embeddable":true,"href":"https:\/\/www.europesays.com\/fr\/wp-json\/wp\/v2\/tags?post=579439"}],"curies":[{"name":"wp","href":"https:\/\/api.w.org\/{rel}","templated":true}]}}