{"id":579447,"date":"2025-12-05T08:28:12","date_gmt":"2025-12-05T08:28:12","guid":{"rendered":"https:\/\/www.europesays.com\/fr\/579447\/"},"modified":"2025-12-05T08:28:12","modified_gmt":"2025-12-05T08:28:12","slug":"des-k-soss-comme-vous-dites-un-film-sur-les-destins-denfants-aux-parcours-cabosses","status":"publish","type":"post","link":"https:\/\/www.europesays.com\/fr\/579447\/","title":{"rendered":"Des K-Soss comme vous dites, un film sur les destins d&rsquo;enfants aux parcours caboss\u00e9s"},"content":{"rendered":"<p>&#13;<br \/>\n\t\t\tGuillaume Fallot, directeur adjoint de Bourdault, pr\u00e9sente l&rsquo;affiche du documentaire.\t\t\t &#8211; \u00a9 Philippe Combrousse\t\t<\/p>\n<p><strong> Quatre jeunes de l&rsquo;Enfance Bourdault sont les acteurs d&rsquo;un documentaire de 52 minutes destin\u00e9 \u00e0 briser les clich\u00e9s sur les pensionnaires de l&rsquo;\u00e9tablissement et \u00e0 faire d\u00e9couvrir leur quotidien.<\/strong><\/p>\n<p melodystyle=\"texte\">Leurs pr\u00e9noms vont s&rsquo;afficher sur un \u00e9cran g\u00e9ant. Pour Suha, Sofiane, Rose et Matthias, ce n&rsquo;est pas encore Cannes, son festival, ses marches et son tapis rouge, mais une salle du cin\u00e9ma Majestic \u00e0 Vesoul.<\/p>\n<p melodystyle=\"texte\">Jeudi 4\u00a0d\u00e9cembre, comme l&rsquo;a \u00e9t\u00e9 \u00ab\u00a0Un p&rsquo;tit truc en plus\u00a0\u00bb qui d\u00e9livrait un message au service de la cause des personnes handicap\u00e9es mentales, y sera projet\u00e9 \u00ab\u00a0Des K&rsquo;Soss comme vous dites\u00a0\u00bb, un film documentaire de cinquante-deux minutes, une immersion humaine et artistique aupr\u00e8s de jeunes confi\u00e9s \u00e0 l&rsquo;Aide Sociale \u00e0 l&rsquo;Enfance de Haute-Sa\u00f4ne, qui a d\u00e9marr\u00e9 en janvier, avant de s&rsquo;achever en novembre.<\/p>\n<p melodystyle=\"texte\">Suha, Sofiane, Rose et Matthias, \u00e2g\u00e9s entre 14 et 17 ans, quatre des soixante-dix-sept enfants pensionnaires de la Maison de l&rsquo;enfance Bourdault, en sont les acteurs.<\/p>\n<p melodystyle=\"texte\">Ces enfants aux parcours caboss\u00e9s y jouent leur propre r\u00f4le et livrent leurs histoires, leurs luttes et leurs espoirs. \u00ab\u00a0Le foyer, ce n&rsquo;est pas des grands dortoirs, comme dans les films, mais des appartements\u00a0\u00bb, intervient Suha.<\/p>\n<p melodystyle=\"texte\">\u00ab\u00a0Le premier titre retenu \u00e9tait L&rsquo;atelier des voies, mais ils lui ont pr\u00e9f\u00e9r\u00e9 Des K-Soss comme vous dites\u00a0\u00bb, explique Guillaume Fallot, directeur adjoint, qui parle \u00ab\u00a0d&rsquo;une \u0153uvre documentaire, artistique et humaine, qui invite \u00e0 \u00e9couter les voix que l&rsquo;on n&rsquo;entend jamais.\u00a0\u00bb<\/p>\n<p melodystyle=\"texte\">Sarah De Puga, \u00e9ducatrice sp\u00e9cialis\u00e9e, engag\u00e9e dans la lib\u00e9ration de la parole des enfants confi\u00e9s notamment par l&rsquo;\u00e9criture et J\u00e9r\u00e9my Thieulin, \u00e9ducateur sp\u00e9cialis\u00e9 et musicien \u00e0 ses heures, convaincu du pouvoir transformateur de l&rsquo;art, sont \u00e0 l&rsquo;origine de ce projet, \u00ab\u00a0parce que les jeunes plac\u00e9s sont trop souvent invisibilis\u00e9s, parce que leur parole est trop souvent filtr\u00e9e, d\u00e9form\u00e9e, ou ignor\u00e9e, parce que raconter leur histoire avec eux, en les mettant au centre du processus, est un acte de reconnaissance, de r\u00e9paration et d&rsquo;ouverture.\u00a0\u00bb<\/p>\n<p melodystyle=\"texte\">La r\u00e9alisation du film produit par ABZprod a \u00e9t\u00e9 confi\u00e9e \u00e0 deux Bisontins, Alexis Amiotte et Bertrand Vinsu, qui avaient gliss\u00e9 des micros dans des briques de jus de fruits et des paquets de chips.<\/p>\n<p melodystyle=\"texte\">\u00ab\u00a0Les objectifs \u00e9taient de donner la parole aux jeunes confi\u00e9s, sans parler \u00e0 leur place\u00a0; favoriser l&#8217;empathie par un r\u00e9cit authentique, loin du sensationnalisme\u00a0; montrer la cr\u00e9ativit\u00e9 comme outil de r\u00e9silience et t\u00e9moignage\u00a0; sensibiliser le grand public et les professionnels aux r\u00e9alit\u00e9s de l&rsquo;Aide Sociale \u00e0 l&rsquo;Enfance, et enfin documenter un projet \u00e9ducatif, artistique et profond\u00e9ment humain\u00a0\u00bb, d\u00e9taille Guillaume Fallot.\u00a0\u00ab\u00a0En recueillant leurs paroles et leurs \u00e9motions, nous d\u00e9couvrons des r\u00e9cits intimes et nuanc\u00e9s, loin des clich\u00e9s, port\u00e9s par une volont\u00e9 d&rsquo;\u00e9coute, de respect et de compr\u00e9hension\u00a0\u00bb.<\/p>\n<p melodystyle=\"texte\">Autour d&rsquo;un atelier artistique structur\u00e9 en trois phases, \u00e9criture, enregistrement sonore et repr\u00e9sentation sur sc\u00e8ne, le documentaire suit l&rsquo;\u00e9volution personnelle et collective des jeunes.<\/p>\n<p melodystyle=\"texte\">Chaque \u00e9tape du projet devient un levier d&rsquo;expression et de reconstruction.<\/p>\n<p melodystyle=\"texte\">Le film oscille entre captations du quotidien (cam\u00e9ra \u00e0 l&rsquo;\u00e9paule, instants bruts) et s\u00e9quences plus po\u00e9tiques autour de leurs cr\u00e9ations musicales.<\/p>\n<p melodystyle=\"texte\">La projection (sur invitation) r\u00e9unira des partenaires, des \u00e9ducateurs et tous les enfants de l&rsquo;Enfance Bourdault. En mars, le film sera diffus\u00e9 lors des journ\u00e9es nationales des Maisons d&rsquo;Enfants \u00e0 Epinal et pourra servir de support \u00e0 des travailleurs sociaux. Un CD sera mis en vente au profit des \u0153uvres de Bourdault.<\/p>\n<p melodystyle=\"texte\">L&rsquo;an dernier, un CD de chansons \u00e9crites et interpr\u00e9t\u00e9es par les jeunes, suscitant \u00e9motion, sinc\u00e9rit\u00e9 et fiert\u00e9 avait \u00e9t\u00e9 r\u00e9alis\u00e9, l\u00e0 aussi pour\u00a0\u00ab\u00a0montrer le vrai visage\u00a0\u00bb\u00a0de l&rsquo;\u00e9tablissement.<\/p>\n<p style=\"font-weight:bold;color:#002458;\">Enfance Bourdault, Al\u00e9sio Mutuelle, Vesoul Marathon \u00e0 travers sa course solidaire Courir pour des prunes et le Cabinet d&rsquo;orthodontie Kielwasser ont contribu\u00e9 financi\u00e8rement \u00e0 la r\u00e9alisation de ce film.<\/p>\n","protected":false},"excerpt":{"rendered":"&#13; Guillaume Fallot, directeur adjoint de Bourdault, pr\u00e9sente l&rsquo;affiche du documentaire. &#8211; \u00a9 Philippe Combrousse Quatre jeunes de&hellip;\n","protected":false},"author":2,"featured_media":579448,"comment_status":"","ping_status":"","sticky":false,"template":"","format":"standard","meta":{"footnotes":""},"categories":[1354],"tags":[10720,47,58,59,1346,1011,27,4662,10718,1360,10719,3673],"class_list":{"0":"post-579447","1":"post","2":"type-post","3":"status-publish","4":"format-standard","5":"has-post-thumbnail","7":"category-films","8":"tag-abonnement","9":"tag-actualite","10":"tag-divertissement","11":"tag-entertainment","12":"tag-films","13":"tag-fr","14":"tag-france","15":"tag-journal","16":"tag-la-presse-de-vesoul","17":"tag-movies","18":"tag-petites-annonces","19":"tag-vesoul"},"share_on_mastodon":{"url":"https:\/\/pubeurope.com\/@fr\/115666021351984803","error":""},"_links":{"self":[{"href":"https:\/\/www.europesays.com\/fr\/wp-json\/wp\/v2\/posts\/579447","targetHints":{"allow":["GET"]}}],"collection":[{"href":"https:\/\/www.europesays.com\/fr\/wp-json\/wp\/v2\/posts"}],"about":[{"href":"https:\/\/www.europesays.com\/fr\/wp-json\/wp\/v2\/types\/post"}],"author":[{"embeddable":true,"href":"https:\/\/www.europesays.com\/fr\/wp-json\/wp\/v2\/users\/2"}],"replies":[{"embeddable":true,"href":"https:\/\/www.europesays.com\/fr\/wp-json\/wp\/v2\/comments?post=579447"}],"version-history":[{"count":0,"href":"https:\/\/www.europesays.com\/fr\/wp-json\/wp\/v2\/posts\/579447\/revisions"}],"wp:featuredmedia":[{"embeddable":true,"href":"https:\/\/www.europesays.com\/fr\/wp-json\/wp\/v2\/media\/579448"}],"wp:attachment":[{"href":"https:\/\/www.europesays.com\/fr\/wp-json\/wp\/v2\/media?parent=579447"}],"wp:term":[{"taxonomy":"category","embeddable":true,"href":"https:\/\/www.europesays.com\/fr\/wp-json\/wp\/v2\/categories?post=579447"},{"taxonomy":"post_tag","embeddable":true,"href":"https:\/\/www.europesays.com\/fr\/wp-json\/wp\/v2\/tags?post=579447"}],"curies":[{"name":"wp","href":"https:\/\/api.w.org\/{rel}","templated":true}]}}