{"id":579455,"date":"2025-12-05T08:32:14","date_gmt":"2025-12-05T08:32:14","guid":{"rendered":"https:\/\/www.europesays.com\/fr\/579455\/"},"modified":"2025-12-05T08:32:14","modified_gmt":"2025-12-05T08:32:14","slug":"il-faut-jouer-a-tetris-pour-recuperer-le-sien-la-guerre-est-declaree-dans-le-local-a-velo-de-limmeuble","status":"publish","type":"post","link":"https:\/\/www.europesays.com\/fr\/579455\/","title":{"rendered":"\u00ab\u00a0Il faut jouer \u00e0 Tetris pour r\u00e9cup\u00e9rer le sien\u00a0\u00bb\u2026 La guerre est d\u00e9clar\u00e9e dans le local \u00e0 v\u00e9lo de l\u2019immeuble"},"content":{"rendered":"<p>Sortez les ba\u00efonnettes et barricadez le hall d\u2019entr\u00e9e de l\u2019immeuble. Votre mission, si vous l&rsquo;acceptez : sortir du local \u00e0 <a href=\"https:\/\/www.20minutes.fr\/dossier\/velo\" class=\"c-link c-link--is-underlined\" target=\"_blank\" rel=\"noopener\">v\u00e9lo<\/a>. Depuis la crise du <a href=\"https:\/\/www.20minutes.fr\/societe\/covid-19\/\" class=\"c-link c-link--is-underlined\" target=\"_blank\" rel=\"noopener\">Covid-19<\/a> il y a six ans, les citadins sont de plus en plus nombreux \u00e0 se mettre au v\u00e9lo : selon les donn\u00e9es de la plateforme nationale de fr\u00e9quentation, un dispositif de mesure des mobilit\u00e9s, l&rsquo;usage du v\u00e9lo a augment\u00e9 de 40% entre 2019 et 2024. Tr\u00e8s bien, sauf que les espaces d\u00e9di\u00e9s aux deux-roues dans le sous-sol ou les cours d\u2019immeubles, eux, n\u2019ont pas forc\u00e9ment suivi. Au point de provoquer de nouveaux conflits de <a href=\"https:\/\/www.20minutes.fr\/dossier\/voisin\" class=\"c-link c-link--is-underlined\" target=\"_blank\" rel=\"noopener\">voisinage<\/a>.<\/p>\n<\/p>\n<p>\u00ab\u00a0Chez nous, il y a trois locaux \u00e0 v\u00e9lo, dont deux en souterrain. Et tout le monde se bat pour le meilleur, se d\u00e9sole Caroline, propri\u00e9taire dans un grand immeuble nouvellement construit \u00e0 Clichy. Dans le local principal, il y a des v\u00e9los jamais utilis\u00e9s. De plus en plus de v\u00e9los-cargos et long-tails, qui sont tr\u00e8s encombrants.\u00a0\u00bb Longs, larges, lourds\u00a0: ces nouveaux mod\u00e8les remplissent les lieux encore plus vite. Et il s\u2019en vend de plus en plus\u00a0: Environ 33.000 en\u00a02023, selon des chiffres de l\u2019union cycles sport, soit dix fois plus qu\u2019il y a six ans.<\/p>\n<p>Petits sabotages entre voisins<\/p>\n<p>Les places, pr\u00e9cieuses, sont aussi occup\u00e9es par des v\u00e9los abandonn\u00e9s. Comme \u00ab\u00a0des v\u00e9los d\u2019enfants, tellement peu souvent utilis\u00e9s qu\u2019il y a des toiles d\u2019araign\u00e9e dessus\u00a0\u00bb, reprend Caroline. R\u00e9sultat\u00a0: \u00ab\u00a0Il faut jouer \u00e0 <a href=\"https:\/\/www.20minutes.fr\/dossier\/tetris\" class=\"c-link c-link--is-underlined\" target=\"_blank\" rel=\"noopener\">Tetris<\/a> pour r\u00e9cup\u00e9rer son v\u00e9lo.\u00a0\u00bb Constat similaire chez Lise. \u00ab\u00a0Les gens mettent leur v\u00e9lo dans la cour ou dans le couloir de la cave, parfois il faut jouer des coudes pour r\u00e9cup\u00e9rer le sien, relate la trentenaire. \u00c7a me d\u00e9courage d\u2019utiliser le v\u00e9lo pour de petits trajets, je sais que j\u2019en ai pour dix minutes \u00e0 chaque fois.\u00a0\u00bb<\/p>\n<p>Parfois les tensions montent. D\u2019abord par de petits accrochages. \u00ab\u00a0Une fois, quelqu\u2019un avait attach\u00e9 mon v\u00e9lo avec le sien dans un m\u00eame antivol\u00a0\u00bb, raconte Caroline, qui pense plus \u00e0 une confusion. \u00ab\u00a0J\u2019ai r\u00e9cup\u00e9r\u00e9 mon v\u00e9lo \u00e9lectrique une fois d\u00e9branch\u00e9 et deux fois d\u00e9raill\u00e9, t\u00e9moigne de son c\u00f4t\u00e9 Elise, habitant dans le sud de Paris. Comme je savais que c\u2019\u00e9tait toujours la m\u00eame personne qui ne faisait pas attention aux v\u00e9los des autres, j\u2019ai aussi d\u00e9raill\u00e9 son v\u00e9lo pour me venger.\u00a0\u00bb<\/p>\n<p>Mais l\u2019embrouille peut aussi devenir un peu plus directe. \u00ab\u00a0Dans le local, il n\u2019y avait aucun espace pour ranger les v\u00e9los, donc ils finissent juste empil\u00e9s n\u2019importe comment, raconte Emilie, qui habite \u00e0 <a href=\"https:\/\/www.20minutes.fr\/dossier\/montreuil\" class=\"c-link c-link--is-underlined\" target=\"_blank\" rel=\"noopener\">Montreuil<\/a>. J\u2019ai arr\u00eat\u00e9 et je me suis mise \u00e0 mettre le mien sur mon balcon. Sauf que l\u00e0, c\u2019est la voisine qui m\u2019a signal\u00e9 au propri\u00e9taire, parce qu\u2019apparemment c\u2019est interdit. La m\u00eame a soutenu pendant un temps qu\u2019en tant que nouvelles arrivantes, on n\u2019avait pas le droit d\u2019avoir une cl\u00e9 du local \u00e0 v\u00e9lo.\u00a0\u00bb<\/p>\n<p>Sabotages, petites d\u00e9lations, mots affich\u00e9s ou disputes par t\u00e9l\u00e9phone\u00a0: tout y passe. \u00ab\u00a0Il y a des messages tous les jours sur les groupes <a href=\"https:\/\/www.20minutes.fr\/dossier\/whatsapp\" class=\"c-link c-link--is-underlined\" target=\"_blank\" rel=\"noopener\">WhatsApp<\/a> de l\u2019immeuble. Il y a des \u00e9changes hyper violents, mais bon, personne n\u2019en est venu aux mains.\u00a0\u00bb Pour l\u2019instant.<\/p>\n","protected":false},"excerpt":{"rendered":"Sortez les ba\u00efonnettes et barricadez le hall d\u2019entr\u00e9e de l\u2019immeuble. Votre mission, si vous l&rsquo;acceptez : sortir du&hellip;\n","protected":false},"author":2,"featured_media":579456,"comment_status":"","ping_status":"","sticky":false,"template":"","format":"standard","meta":{"footnotes":""},"categories":[7],"tags":[47,1011,27,5480,43,40,41,39,104,42,44,208,43481],"class_list":{"0":"post-579455","1":"post","2":"type-post","3":"status-publish","4":"format-standard","5":"has-post-thumbnail","7":"category-sciences-et-technologies","8":"tag-actualite","9":"tag-fr","10":"tag-france","11":"tag-immeuble","12":"tag-science","13":"tag-science-and-technology","14":"tag-sciences","15":"tag-sciences-et-technologies","16":"tag-societe","17":"tag-technologies","18":"tag-technology","19":"tag-velo","20":"tag-voisin"},"share_on_mastodon":{"url":"https:\/\/pubeurope.com\/@fr\/115666035966955232","error":""},"_links":{"self":[{"href":"https:\/\/www.europesays.com\/fr\/wp-json\/wp\/v2\/posts\/579455","targetHints":{"allow":["GET"]}}],"collection":[{"href":"https:\/\/www.europesays.com\/fr\/wp-json\/wp\/v2\/posts"}],"about":[{"href":"https:\/\/www.europesays.com\/fr\/wp-json\/wp\/v2\/types\/post"}],"author":[{"embeddable":true,"href":"https:\/\/www.europesays.com\/fr\/wp-json\/wp\/v2\/users\/2"}],"replies":[{"embeddable":true,"href":"https:\/\/www.europesays.com\/fr\/wp-json\/wp\/v2\/comments?post=579455"}],"version-history":[{"count":0,"href":"https:\/\/www.europesays.com\/fr\/wp-json\/wp\/v2\/posts\/579455\/revisions"}],"wp:featuredmedia":[{"embeddable":true,"href":"https:\/\/www.europesays.com\/fr\/wp-json\/wp\/v2\/media\/579456"}],"wp:attachment":[{"href":"https:\/\/www.europesays.com\/fr\/wp-json\/wp\/v2\/media?parent=579455"}],"wp:term":[{"taxonomy":"category","embeddable":true,"href":"https:\/\/www.europesays.com\/fr\/wp-json\/wp\/v2\/categories?post=579455"},{"taxonomy":"post_tag","embeddable":true,"href":"https:\/\/www.europesays.com\/fr\/wp-json\/wp\/v2\/tags?post=579455"}],"curies":[{"name":"wp","href":"https:\/\/api.w.org\/{rel}","templated":true}]}}