{"id":579470,"date":"2025-12-05T08:40:15","date_gmt":"2025-12-05T08:40:15","guid":{"rendered":"https:\/\/www.europesays.com\/fr\/579470\/"},"modified":"2025-12-05T08:40:15","modified_gmt":"2025-12-05T08:40:15","slug":"cette-entreprise-arrete-une-partie-de-son-activite-79-emplois-supprimes","status":"publish","type":"post","link":"https:\/\/www.europesays.com\/fr\/579470\/","title":{"rendered":"cette entreprise arr\u00eate une partie de son activit\u00e9, 79 emplois supprim\u00e9s"},"content":{"rendered":"<p>                    Par<br \/>\n        <strong><br \/>\n            <a href=\"https:\/\/actu.fr\/auteur\/pierre-emile-bouchy-actu-fr\" title=\"Consulter tous les articles de Paul-Emile Bouchy\" target=\"_blank\" rel=\"noopener\">Paul-Emile Bouchy<\/a><br \/>\n                    <\/strong><\/p>\n<p>        Publi\u00e9 le<\/p>\n<p>            5 d\u00e9c. 2025 \u00e0 9h23        <\/p>\n<p>Mercredi 3\u00a0d\u00e9cembre, l\u2019entreprise <strong>UPM Adhesive Materials<\/strong>, sp\u00e9cialis\u00e9e dans l\u2019\u00e9tiquetage, a officialis\u00e9 <strong>la fin de la production d\u2019\u00e9tiquettes sur son site de Pompey<\/strong>, pr\u00e8s de Nancy (<a href=\"https:\/\/actu.fr\/grand-est\/meurthe-et-moselle_54\" target=\"_blank\" rel=\"noopener\">Meurthe-et-Moselle<\/a>), pour en faire <strong>uniquement un centre de d\u00e9coupe et de distribution<\/strong>.<\/p>\n<p class=\" wall-content\">Cette mesure va entra\u00eener <strong>des suppressions de postes pour 79 employ\u00e9s<\/strong> de l\u2019usine.<\/p>\n<p>L\u2019entreprise justifie sa d\u00e9cision par une meilleure rentabilit\u00e9<\/p>\n<p class=\" wall-content\">Dans un communiqu\u00e9 de presse, UPM indique que cette d\u00e9cision a \u00e9t\u00e9 prise apr\u00e8s une consultation des repr\u00e9sentants du personnel et assure proposer <strong>\u00ab\u2009un accompagnement aux employ\u00e9s<\/strong> afin d\u2019att\u00e9nuer les cons\u00e9quences de ces r\u00e9ductions d\u2019effectifs\u2009\u00bb.<\/p>\n<p class=\" wall-content\">Pour justifier ce choix, elle avance que \u00ab\u2009ces changements visent \u00e0 <strong>soutenir sa croissance en am\u00e9liorant la rentabilit\u00e9 globale<\/strong> de ses op\u00e9rations et en optimisant les synergies\u2009\u00bb. Cela passe, selon elle, par <strong>centraliser la production dans \u00ab\u2009des usines plus comp\u00e9titives\u2009\u00bb<\/strong>.<\/p>\n<p class=\" wall-content\">Personnalisez votre actualit\u00e9 en ajoutant vos villes et m\u00e9dias en favori avec <a href=\"https:\/\/moncompte.actu.fr\" title=\"D\u00e9couvez Mon Actu\" rel=\"nofollow noopener\" data-trk=\"{&quot;cta&quot;:{&quot;action&quot;:&quot;https:\\\/\\\/moncompte.actu.fr&quot;,&quot;category&quot;:&quot;mon compte&quot;,&quot;from&quot;:&quot;article footer&quot;,&quot;name&quot;:&quot;Mon actu&quot;,&quot;type&quot;:&quot;cta&quot;}}\" target=\"_blank\">Mon Actu<\/a>.<\/p>\n","protected":false},"excerpt":{"rendered":"Par Paul-Emile Bouchy Publi\u00e9 le 5 d\u00e9c. 2025 \u00e0 9h23 Mercredi 3\u00a0d\u00e9cembre, l\u2019entreprise UPM Adhesive Materials, sp\u00e9cialis\u00e9e dans&hellip;\n","protected":false},"author":2,"featured_media":579471,"comment_status":"","ping_status":"","sticky":false,"template":"","format":"standard","meta":{"footnotes":""},"categories":[9635],"tags":[1111,11,341,1777,674,1011,27,775,1702,12,25,104],"class_list":{"0":"post-579470","1":"post","2":"type-post","3":"status-publish","4":"format-standard","5":"has-post-thumbnail","7":"category-nancy","8":"tag-actu","9":"tag-actualites","10":"tag-emploi","11":"tag-eu","12":"tag-europe","13":"tag-fr","14":"tag-france","15":"tag-grand-est","16":"tag-nancy","17":"tag-news","18":"tag-republique-francaise","19":"tag-societe"},"share_on_mastodon":{"url":"https:\/\/pubeurope.com\/@fr\/115666067379250187","error":""},"_links":{"self":[{"href":"https:\/\/www.europesays.com\/fr\/wp-json\/wp\/v2\/posts\/579470","targetHints":{"allow":["GET"]}}],"collection":[{"href":"https:\/\/www.europesays.com\/fr\/wp-json\/wp\/v2\/posts"}],"about":[{"href":"https:\/\/www.europesays.com\/fr\/wp-json\/wp\/v2\/types\/post"}],"author":[{"embeddable":true,"href":"https:\/\/www.europesays.com\/fr\/wp-json\/wp\/v2\/users\/2"}],"replies":[{"embeddable":true,"href":"https:\/\/www.europesays.com\/fr\/wp-json\/wp\/v2\/comments?post=579470"}],"version-history":[{"count":0,"href":"https:\/\/www.europesays.com\/fr\/wp-json\/wp\/v2\/posts\/579470\/revisions"}],"wp:featuredmedia":[{"embeddable":true,"href":"https:\/\/www.europesays.com\/fr\/wp-json\/wp\/v2\/media\/579471"}],"wp:attachment":[{"href":"https:\/\/www.europesays.com\/fr\/wp-json\/wp\/v2\/media?parent=579470"}],"wp:term":[{"taxonomy":"category","embeddable":true,"href":"https:\/\/www.europesays.com\/fr\/wp-json\/wp\/v2\/categories?post=579470"},{"taxonomy":"post_tag","embeddable":true,"href":"https:\/\/www.europesays.com\/fr\/wp-json\/wp\/v2\/tags?post=579470"}],"curies":[{"name":"wp","href":"https:\/\/api.w.org\/{rel}","templated":true}]}}