{"id":579478,"date":"2025-12-05T08:44:12","date_gmt":"2025-12-05T08:44:12","guid":{"rendered":"https:\/\/www.europesays.com\/fr\/579478\/"},"modified":"2025-12-05T08:44:12","modified_gmt":"2025-12-05T08:44:12","slug":"sortir-a-montpellier-potiers-svinkels-mouvements-sur-la-ville-des-idees-pour-ce-samedi-6-decembre","status":"publish","type":"post","link":"https:\/\/www.europesays.com\/fr\/579478\/","title":{"rendered":"Sortir \u00e0 Montpellier\u00a0: potiers, Svinkels, Mouvements sur la ville\u2026 des id\u00e9es pour ce samedi 6\u00a0d\u00e9cembre"},"content":{"rendered":"<p>\n                                                                March\u00e9 des potiers aux Matelles, shopping au c\u0153ur historique de Montpellier, spectacle chor\u00e9graphique place Salengro, Svinkels \u00e0 Victoire 2, \u00ab\u00a0La pastorale des voleurs\u00a0\u00bb \u00e0 La Vista, Tetra Hydro K au Rockstore ou\u00a0Connor Selby au Gazette Caf\u00e9.\n                            <\/p>\n<p>D\u00e9couvrez notre s\u00e9lection de sorties pour ce samedi 6\u00a0d\u00e9cembre du c\u00f4t\u00e9 de <a href=\"https:\/\/www.midilibre.fr\/herault\/montpellier\/\" target=\"_blank\" rel=\"noopener\">Montpellier<\/a> et faites le plein d\u2019id\u00e9es avec notre <a href=\"https:\/\/www.midilibre.fr\/agenda\/?path=&amp;q=&amp;where=herault%3Amontpellier&amp;insee=34172&amp;from=2025-12-06&amp;to=2025-12-06&amp;agendapg=26#4155171\" target=\"_blank\" rel=\"noopener\">agenda en ligne<\/a>.<\/p>\n<p>30e\u00a0March\u00e9 des potiers<\/p>\n<p><strong>Artisanat.\u00a0<\/strong>Pi\u00e8ces utilitaires, objets de d\u00e9coration, bijoux\u2026 Les cr\u00e9ations originales de\u00a0ma\u00eetres potiers, fa\u00e7onn\u00e9es par des gestes ancestraux et des inspirations singuli\u00e8res, sont \u00e0 d\u00e9couvrir tout le week-end. Animations.<\/p>\n<p>&gt;\u00a0Ce samedi 6\u00a0d\u00e9cembre de <strong>10\u00a0h \u00e0 19\u00a0heures<\/strong> et dimanche 7\u00a0d\u00e9cembre\u00a0de 10\u00a0h \u00e0 18\u00a0heures, sur la place de la Mairie aux <a href=\"https:\/\/www.midilibre.fr\/herault\/les-matelles\/\" target=\"_blank\" rel=\"noopener\">Matelles<\/a>. Acc\u00e8s libre.<\/p>\n<p>Les Samedis Coups de c\u0153ur<\/p>\n<p><strong>Shopping.<\/strong> Chaque premier samedi du mois, les commer\u00e7ants de l\u2019\u00c9cusson sortent leurs \u00e9tals dans la rue pour une journ\u00e9e de shopping en plein air. L\u2019\u00e9v\u00e9nement, qui r\u00e9unit d\u00e9j\u00e0 pr\u00e8s d\u2019une centaine de boutiques, propose une ambiance conviviale, propice aux d\u00e9couvertes et aux \u00e9changes avec les commer\u00e7ants, tout en soutenant le commerce local. Une occasion de red\u00e9couvrir le c\u0153ur historique de Montpellier autrement.<\/p>\n<p>&gt;\u00a0Ce samedi 6\u00a0d\u00e9cembre, dans le centre historique de <a href=\"https:\/\/www.midilibre.fr\/herault\/montpellier\/\" target=\"_blank\" rel=\"noopener\">Montpellier<\/a>.<\/p>\n<p>Dispositive #2\u00a0: Plus ou moins dispara\u00eetre<\/p>\n<p><strong><a href=\"https:\/\/www.mouvementssurlaville.com\/fr\/\" target=\"_blank\" rel=\"noopener\">Mouvements sur la ville.<\/a><\/strong> Sur cette place, l\u00e0, tout de suite, il est peut-\u00eatre temps d\u2019agir. La mission\u00a0: r\u00e9veiller des \u00e9nergies insens\u00e9es, \u00e0 coups de pas dans\u00e9s, de jeux d\u2019espace et d\u2019immersions impertinentes. Une danse aux accents carnavalesques. Un spectacle improvis\u00e9 autour de musiques traditionnelles des f\u00eates populaires belges.<\/p>\n<p>&gt;\u00a0Ce\u00a0samedi 6\u00a0d\u00e9cembre \u00e0 <strong>11\u00a0heures<\/strong>, place Salengro \u00e0 <a href=\"https:\/\/www.midilibre.fr\/herault\/montpellier\/\" target=\"_blank\" rel=\"noopener\">Montpellier<\/a>. Gratuit, acc\u00e8s libre.<\/p>\n<p>Svinkels\u00a0: \u00ab\u00a0Un dernier pour la route\u00a0!\u00a0\u00bb<\/p>\n<p><strong>Concert.<\/strong>\u00a0Le groupe, form\u00e9 dans les ann\u00e9es 90, m\u00eale rap alternatif et esprit punk avec humour, vivacit\u00e9 et chaleur collective. Ce show c\u00e9l\u00e8bre leur complicit\u00e9 et leurs 30 ans de carri\u00e8re, pour une derni\u00e8re tourn\u00e9e pleine de souvenirs, de tubes et de fraternit\u00e9.<\/p>\n<p>&gt;\u00a0Ce\u00a0samedi 6\u00a0d\u00e9cembre \u00e0 <strong>19\u00a0heures<\/strong> \u00e0\u00a0<a href=\"https:\/\/www.victoire2.com\/\" target=\"_blank\" rel=\"noopener\">Victoire 2<\/a>, 2 rue Th\u00e9ophraste Renaudot \u00e0 <a href=\"https:\/\/www.midilibre.fr\/herault\/saint-jean-de-vedas\/\" target=\"_blank\" rel=\"noopener\">Saint-Jean-de-V\u00e9das<\/a>. Tarif normal 26\u00a0\u20ac. Contact au\u00a004\u00a067\u00a047\u00a091\u00a000.<\/p>\n<p>La pastorale des voleurs<\/p>\n<p><strong>Th\u00e9\u00e2tre.<\/strong> La nuit de No\u00ebl, un couple de riches et pieux paysans se plaint de la paresse des pauvres et met \u00e0 la rue un vagabond venu leur qu\u00e9mander l\u2019abri et le pain. Un autre vagabond, ami du premier, convint la ma\u00eetresse de maison qu\u2019il est Saint-Pancrasse et que lui et son compagnon Saint-Gabriel sont descendus des cieux pour la Sainte-Nuit\u2026<\/p>\n<p>&gt;\u00a0Ce\u00a0samedi 6\u00a0d\u00e9cembre \u00e0 <strong>19\u00a0heures<\/strong>\u00a0au <a href=\"https:\/\/www.theatrelavista.fr\/\" target=\"_blank\" rel=\"noopener\">th\u00e9\u00e2tre La Vista \u2013 La Chapelle<\/a>, 170 rue Joachim du Bellay \u00e0 <a href=\"https:\/\/www.midilibre.fr\/herault\/montpellier\/\" target=\"_blank\" rel=\"noopener\">Montpellier<\/a>. Plein tarif 14\u00a0\u20ac, r\u00e9duit 12\u00a0\u20ac, 12-25 ans 10\u00a0\u20ac. Contact au\u00a004\u00a099\u00a052\u00a099\u00a031.<\/p>\n<p>Tetra Hydro K<\/p>\n<p><strong>Concert.<\/strong> Le retour du duo \u00e9lectro-dub incontournable\u00a0! THK revient en force avec une nouvelle tourn\u00e9e explosive et un album en cours d\u2019\u00e9laboration qui promet de marquer les esprits. En live, nos deux \u00e9nergum\u00e8nes ont transmis leur \u00e9nergie contagieuse \u00e0 des milliers de spectateur\u00b7rices \u00e0 grands coups de skanks et de bass vibrantes.<\/p>\n<p>&gt;\u00a0Ce\u00a0samedi 6\u00a0d\u00e9cembre\u00a0\u00e0<strong> 20\u00a0heures<\/strong> au <a href=\"https:\/\/www.rockstore.fr\/\" target=\"_blank\" rel=\"noopener\">Rockstore<\/a>, 20 rue de Verdun \u00e0 <a href=\"https:\/\/www.midilibre.fr\/herault\/montpellier\/\" target=\"_blank\" rel=\"noopener\">Montpellier<\/a>. Tarif unique 25\u00a0\u20ac. Contact au\u00a004\u00a067\u00a006\u00a080\u00a000. <\/p>\n<p>Connor Selby<\/p>\n<p><strong>Concert.<\/strong> Jeune troubadour britannique et \u00e9toile montante du blues, Connor Selby encha\u00eene les distinctions et les sc\u00e8nes prestigieuses, de Wembley \u00e0 Hyde Park. Laur\u00e9at 2025 du \u00ab\u00a0Blues traditionnel\u00a0\u00bb, il s\u00e9duit par un blues soulful, introspectif et \u00e9l\u00e9gant, port\u00e9 par une guitare d\u2019une grande ma\u00eetrise. Organis\u00e9 en collaboration avec le Montpellier Blues Festival.<\/p>\n<p>&gt;\u00a0Ce\u00a0samedi 6\u00a0d\u00e9cembre\u00a0\u00e0<strong> 20\u00a0h\u00a030<\/strong> au\u00a0<a href=\"https:\/\/www.gazettecafe.com\/\" target=\"_blank\" rel=\"noopener\">Gazette caf\u00e9<\/a>, 6 rue Levat \u00e0 <a href=\"https:\/\/www.midilibre.fr\/herault\/montpellier\/\" target=\"_blank\" rel=\"noopener\">Montpellier<\/a>. Gratuit, entr\u00e9e libre.<\/p>\n","protected":false},"excerpt":{"rendered":"March\u00e9 des potiers aux Matelles, shopping au c\u0153ur historique de Montpellier, spectacle chor\u00e9graphique place Salengro, Svinkels \u00e0 Victoire&hellip;\n","protected":false},"author":2,"featured_media":579479,"comment_status":"","ping_status":"","sticky":false,"template":"","format":"standard","meta":{"footnotes":""},"categories":[9599],"tags":[1111,11,872,1777,674,1011,27,7089,2208,12,2680,25],"class_list":{"0":"post-579478","1":"post","2":"type-post","3":"status-publish","4":"format-standard","5":"has-post-thumbnail","7":"category-montpellier","8":"tag-actu","9":"tag-actualites","10":"tag-culture-et-loisirs","11":"tag-eu","12":"tag-europe","13":"tag-fr","14":"tag-france","15":"tag-herault","16":"tag-montpellier","17":"tag-news","18":"tag-occitanie","19":"tag-republique-francaise"},"share_on_mastodon":{"url":"https:\/\/pubeurope.com\/@fr\/115666083245835529","error":""},"_links":{"self":[{"href":"https:\/\/www.europesays.com\/fr\/wp-json\/wp\/v2\/posts\/579478","targetHints":{"allow":["GET"]}}],"collection":[{"href":"https:\/\/www.europesays.com\/fr\/wp-json\/wp\/v2\/posts"}],"about":[{"href":"https:\/\/www.europesays.com\/fr\/wp-json\/wp\/v2\/types\/post"}],"author":[{"embeddable":true,"href":"https:\/\/www.europesays.com\/fr\/wp-json\/wp\/v2\/users\/2"}],"replies":[{"embeddable":true,"href":"https:\/\/www.europesays.com\/fr\/wp-json\/wp\/v2\/comments?post=579478"}],"version-history":[{"count":0,"href":"https:\/\/www.europesays.com\/fr\/wp-json\/wp\/v2\/posts\/579478\/revisions"}],"wp:featuredmedia":[{"embeddable":true,"href":"https:\/\/www.europesays.com\/fr\/wp-json\/wp\/v2\/media\/579479"}],"wp:attachment":[{"href":"https:\/\/www.europesays.com\/fr\/wp-json\/wp\/v2\/media?parent=579478"}],"wp:term":[{"taxonomy":"category","embeddable":true,"href":"https:\/\/www.europesays.com\/fr\/wp-json\/wp\/v2\/categories?post=579478"},{"taxonomy":"post_tag","embeddable":true,"href":"https:\/\/www.europesays.com\/fr\/wp-json\/wp\/v2\/tags?post=579478"}],"curies":[{"name":"wp","href":"https:\/\/api.w.org\/{rel}","templated":true}]}}