{"id":579494,"date":"2025-12-05T08:52:19","date_gmt":"2025-12-05T08:52:19","guid":{"rendered":"https:\/\/www.europesays.com\/fr\/579494\/"},"modified":"2025-12-05T08:52:19","modified_gmt":"2025-12-05T08:52:19","slug":"voici-les-premieres-photos-de-linterieur","status":"publish","type":"post","link":"https:\/\/www.europesays.com\/fr\/579494\/","title":{"rendered":"voici les premi\u00e8res photos de l&rsquo;int\u00e9rieur"},"content":{"rendered":"<p>                    Par<br \/>\n        <strong><br \/>\n            <a href=\"https:\/\/actu.fr\/auteur\/thomas-blanc\" title=\"Consulter tous les articles de Thomas Blanc\" target=\"_blank\" rel=\"noopener\">Thomas Blanc<\/a><br \/>\n                    <\/strong><\/p>\n<p>        Publi\u00e9 le<\/p>\n<p>            5 d\u00e9c. 2025 \u00e0 9h22        <\/p>\n<p>Ferm\u00e9 depuis d\u00e9cembre\u00a02022, le <a href=\"https:\/\/actu.fr\/grand-est\/strasbourg_67482\/strasbourg-nouveau-bowling-de-l-orangerie-ce-que-l-on-sait-deja-sur-les-futurs-tarifs_62704489.html\" target=\"_blank\" rel=\"noopener\">bowling<\/a> du <a href=\"https:\/\/actu.fr\/tag\/parc-de-l-orangerie\" target=\"_blank\" rel=\"noopener\">parc de l\u2019Orangerie<\/a> \u00e0 Strasbourg, <strong>Bad Bowl<\/strong> de son nom exact, ouvre de nouveau ses portes ce <strong>vendredi 5\u00a0d\u00e9cembre \u00e0 14h<\/strong>. Mais avant de recevoir le public strasbourgeois, le b\u00e2timent, dont la reconstruction a co\u00fbt\u00e9 <strong>8\u00a0millions d\u2019euros<\/strong>, a \u00e9t\u00e9 inaugur\u00e9 lors d\u2019une c\u00e9r\u00e9monie r\u00e9unissant plusieurs centaines de personnes le jeudi 4\u00a0d\u00e9cembre.<\/p>\n<p>32 pistes inaugur\u00e9es par Jeanne Barseghian, maire de Strasbourg<\/p>\n<p class=\" wall-content\">Les stars de la soir\u00e9e \u00e9taient \u00e9videmment les <strong>32 pistes flambant neuves<\/strong>. Mais le complexe int\u00e8gre \u00e9galement <strong>un bar<\/strong>, <strong>un restaurant<\/strong> et <strong>un salon de th\u00e9<\/strong>, le tout au c\u0153ur du parc de l\u2019Orangerie.<\/p>\n<p class=\" wall-content\">Apr\u00e8s les prises de parole de la maire de Strasbourg Jeanne Barseghian, du fondateur du bowling Richard Meyer et d\u2019autres personnes impliqu\u00e9es dans le projet, <strong>les premi\u00e8res boules<\/strong> ont roul\u00e9 sur les pistes.<\/p>\n<blockquote class=\"tiktok-embed\" cite=\"https:\/\/www.tiktok.com\/@lorraine.actu\/video\/7580083820205002006\" data-video-id=\"7580083820205002006\" data-embed-from=\"oembed\" style=\"max-width:605px; min-width:325px;\"><p>\n<a target=\"_blank\" title=\"@lorraine.actu\" href=\"https:\/\/www.tiktok.com\/@lorraine.actu?refer=embed\" rel=\"noopener\">@lorraine.actu<\/a> <\/p>\n<p>Le nouveau bowling de l\u2019Orangerie a \u00e9t\u00e9 inaugur\u00e9 ce jeudi 4 d\u00e9cembre 2025. Apr\u00e8s plusieurs mois de travaux et la reconstruction compl\u00e8te du b\u00e2timent, le complexe de 4 700 m\u00b2 ouvre avec 32 pistes, un espace jeux d\u2019arcade, des fl\u00e9chettes et des billards. Le public pourra acc\u00e9der au site d\u00e8s le 5 d\u00e9cembre. Un restaurant-brasserie et un salon de th\u00e9 compl\u00e8tent l\u2019offre, avec une ouverture pr\u00e9vue le 8 d\u00e9cembre \u00e0 midi. <a title=\"bowling\" target=\"_blank\" href=\"https:\/\/www.tiktok.com\/tag\/bowling?refer=embed\" rel=\"noopener\">#bowling<\/a> <a title=\"orangerie\" target=\"_blank\" href=\"https:\/\/www.tiktok.com\/tag\/orangerie?refer=embed\" rel=\"noopener\">#orangerie<\/a> <a title=\"strasbourg\" target=\"_blank\" href=\"https:\/\/www.tiktok.com\/tag\/strasbourg?refer=embed\" rel=\"noopener\">#Strasbourg<\/a> <\/p>\n<p> <a target=\"_blank\" title=\"\u266c son original - Lorraine Actu\" href=\"https:\/\/www.tiktok.com\/music\/son-original-7580083852594154262?refer=embed\" rel=\"noopener\">\u266c son original \u2013 Lorraine Actu<\/a> <\/p>\n<\/blockquote>\n<p class=\" wall-content\">Et l\u2019honneur a \u00e9t\u00e9 laiss\u00e9 \u00e0 Mme Barseghian qui a fr\u00f4l\u00e9 le strike avec 9 quilles au sol. Elle a \u00e9t\u00e9 suivie par <strong>les employ\u00e9s<\/strong> du nouveau complexe, les personnes ayant travaill\u00e9 sur le chantier et leurs familles.<\/p>\n<p>Le restaurant ouvrira dans quelques jours<\/p>\n<p class=\" wall-content\">Le bowling sera ouvert tous les jours. Vous pourrez jouer pour 3,80\u00a0euros par joueur en semaine avant 19h et 5,10\u00a0euros le soir. Les tarifs grimpent jusqu\u2019\u00e0 <strong>6,70\u00a0euros<\/strong> par joueur les vendredis et samedis soir. La location de chaussures vous co\u00fbtera 1,90 euro.<\/p>\n<p>Votre r\u00e9gion, votre actu !<\/p>\n<p>Recevez chaque jour les infos qui comptent pour vous.<\/p>\n<p>\t<a href=\"https:\/\/actu.fr\/newsletter\" class=\"ac-btn ac-btn--corner ac-btn--medium ac-btn--blue800\" target=\"_blank\" rel=\"noopener\">S&rsquo;incrire<\/a><\/p>\n<p class=\" wall-content\">Le restaurant <strong>Les Jardins de l\u2019Orangerie<\/strong> ouvrira, lui, le 8\u00a0d\u00e9cembre \u00e0 midi <a href=\"https:\/\/actu.fr\/grand-est\/strasbourg_67482\/strasbourg-l-ouverture-du-nouveau-bowling-du-parc-de-l-orangerie-retardee-voici-quand-il-va-ouvrir_63429817.html\" target=\"_blank\" rel=\"noopener\">le temps de pr\u00e9parer sa cuisine<\/a>.<\/p>\n<p class=\" wall-content\">Personnalisez votre actualit\u00e9 en ajoutant vos villes et m\u00e9dias en favori avec <a href=\"https:\/\/moncompte.actu.fr\" title=\"D\u00e9couvez Mon Actu\" rel=\"nofollow noopener\" data-trk=\"{&quot;cta&quot;:{&quot;action&quot;:&quot;https:\\\/\\\/moncompte.actu.fr&quot;,&quot;category&quot;:&quot;mon compte&quot;,&quot;from&quot;:&quot;article footer&quot;,&quot;name&quot;:&quot;Mon actu&quot;,&quot;type&quot;:&quot;cta&quot;}}\" target=\"_blank\">Mon Actu<\/a>.<\/p>\n<p>                    <script async src=\"\/\/www.tiktok.com\/embed.js\"><\/script><\/p>\n","protected":false},"excerpt":{"rendered":"Par Thomas Blanc Publi\u00e9 le 5 d\u00e9c. 2025 \u00e0 9h22 Ferm\u00e9 depuis d\u00e9cembre\u00a02022, le bowling du parc de&hellip;\n","protected":false},"author":2,"featured_media":579495,"comment_status":"","ping_status":"","sticky":false,"template":"","format":"standard","meta":{"footnotes":""},"categories":[2820],"tags":[1111,11,1777,674,1011,27,775,1652,12,25967,25,640],"class_list":{"0":"post-579494","1":"post","2":"type-post","3":"status-publish","4":"format-standard","5":"has-post-thumbnail","7":"category-strasbourg","8":"tag-actu","9":"tag-actualites","10":"tag-eu","11":"tag-europe","12":"tag-fr","13":"tag-france","14":"tag-grand-est","15":"tag-loisirs-culture","16":"tag-news","17":"tag-parc-de-lorangerie","18":"tag-republique-francaise","19":"tag-strasbourg"},"share_on_mastodon":{"url":"https:\/\/pubeurope.com\/@fr\/115666114697878468","error":""},"_links":{"self":[{"href":"https:\/\/www.europesays.com\/fr\/wp-json\/wp\/v2\/posts\/579494","targetHints":{"allow":["GET"]}}],"collection":[{"href":"https:\/\/www.europesays.com\/fr\/wp-json\/wp\/v2\/posts"}],"about":[{"href":"https:\/\/www.europesays.com\/fr\/wp-json\/wp\/v2\/types\/post"}],"author":[{"embeddable":true,"href":"https:\/\/www.europesays.com\/fr\/wp-json\/wp\/v2\/users\/2"}],"replies":[{"embeddable":true,"href":"https:\/\/www.europesays.com\/fr\/wp-json\/wp\/v2\/comments?post=579494"}],"version-history":[{"count":0,"href":"https:\/\/www.europesays.com\/fr\/wp-json\/wp\/v2\/posts\/579494\/revisions"}],"wp:featuredmedia":[{"embeddable":true,"href":"https:\/\/www.europesays.com\/fr\/wp-json\/wp\/v2\/media\/579495"}],"wp:attachment":[{"href":"https:\/\/www.europesays.com\/fr\/wp-json\/wp\/v2\/media?parent=579494"}],"wp:term":[{"taxonomy":"category","embeddable":true,"href":"https:\/\/www.europesays.com\/fr\/wp-json\/wp\/v2\/categories?post=579494"},{"taxonomy":"post_tag","embeddable":true,"href":"https:\/\/www.europesays.com\/fr\/wp-json\/wp\/v2\/tags?post=579494"}],"curies":[{"name":"wp","href":"https:\/\/api.w.org\/{rel}","templated":true}]}}