{"id":579498,"date":"2025-12-05T08:54:13","date_gmt":"2025-12-05T08:54:13","guid":{"rendered":"https:\/\/www.europesays.com\/fr\/579498\/"},"modified":"2025-12-05T08:54:13","modified_gmt":"2025-12-05T08:54:13","slug":"les-supporters-partent-rejoindre-leur-famille","status":"publish","type":"post","link":"https:\/\/www.europesays.com\/fr\/579498\/","title":{"rendered":"Les supporters partent rejoindre leur famille"},"content":{"rendered":"<p><b>Le match tant redout\u00e9 entre Nice et Angers devrait \u00eatre beaucoup plus calme que pr\u00e9vu. Les supporters du Gym, qui s&rsquo;estiment injustement trait\u00e9s, ont d\u00e9cid\u00e9 de boycotter leur club. <\/b><\/p>\n<p>Ambiance ultra-tendue \u00e0 <a href=\"https:\/\/www.foot01.com\/nice\" target=\"_self\" rel=\"noopener\">Nice<\/a>, avec la s\u00e9rie de d\u00e9faites en Europa League et en <a href=\"https:\/\/www.foot01.com\/ligue1\" title=\"Ligue 1\" target=\"_blank\" rel=\"noopener\">Ligue 1<\/a>, et le clash avec les joueurs de dimanche soir. Apr\u00e8s le revers \u00e0 Lorient, la d\u00e9l\u00e9gation ni\u00e7oise a \u00e9t\u00e9 chaudement accueillie par des centaines de supporters qui ont molest\u00e9 les joueurs et Florian Maurice notamment. Depuis, c\u2019est le chaos au sein du Gym et malgr\u00e9 les appels au calme de la direction, certains joueurs ne comptent pas en rester l\u00e0. Deux se sont mis en arr\u00eat maladie, et certains ont appel\u00e9 leurs agents pour leur dire qu\u2019il fallait leur trouver un nouveau point de chute d\u00e8s le mois de janvier.Les joueurs, l&rsquo;entraineur et les dirigeants cibl\u00e9s<\/p>\n<p>Apr\u00e8s avoir fortement song\u00e9 \u00e0 d\u00e9missionner, Franck Haise a d\u00e9cid\u00e9 de continuer l\u2019aventure, avec un match tr\u00e8s chaud pr\u00e9vu face \u00e0 Angers ce week-end. Les autorit\u00e9s ont m\u00eame class\u00e9 cette rencontre \u00e0 risques, en raison de l\u2019\u00e9norme tension au sein du club. Mais les supporters ne seront pas pr\u00e9sents, ont-ils annonc\u00e9 dans un communiqu\u00e9. Les Ultras Populaire Sud, qui repr\u00e9sentent une grande partie des fans des Aiglons, ont fait savoir qu\u2019ils boycotteraient les prochaines rencontres de leur club.<\/p>\n<\/p>\n<p>\u00ab Nous, ma\u00e7ons, \u00e9tudiants, ch\u00f4meurs, reprenons le chemin de nos familles. Vous n\u2019en faites plus partie. Avec les joueurs, qui signent un communiqu\u00e9 aux all\u00e9gations fausses, aux th\u00e9ories complotistes notamment celle sur la passivit\u00e9 des forces de l\u2019ordre, la confiance est rompue. Avec un coach aux abois, l\u00e2ch\u00e9 par une partie de ses joueurs, qui trouve du r\u00e9confort aupr\u00e8s de ses supporters mais qui dans un pseudo \u00e9lan d\u2019union sacr\u00e9e et afin de feindre une unit\u00e9 au sein de son vestiaire tourne sa veste du jour au lendemain. Aussi. Avec des actionnaires visibles seulement par leur nom sur les murs du centre de formation devenu maison Ineos, o\u00f9 l\u2019identit\u00e9 de notre club ne persiste plus. Aussi. Avec les dirigeants qui cautionnent tout \u00e7a sans rien faire. Aussi\u00a0\u00bb, a fait savoir la Populaire Sud, qui persiste \u00e0 affirmer qu\u2019il n\u2019y a eu aucune violence ce dimanche soir, et que les joueurs crient donc au complot pour rien.\u00a0<\/p>\n","protected":false},"excerpt":{"rendered":"Le match tant redout\u00e9 entre Nice et Angers devrait \u00eatre beaucoup plus calme que pr\u00e9vu. Les supporters du&hellip;\n","protected":false},"author":2,"featured_media":579499,"comment_status":"","ping_status":"","sticky":false,"template":"","format":"standard","meta":{"footnotes":""},"categories":[2819],"tags":[1111,11,1777,674,1011,27,66,12,2401,2268,882,25],"class_list":{"0":"post-579498","1":"post","2":"type-post","3":"status-publish","4":"format-standard","5":"has-post-thumbnail","7":"category-nice","8":"tag-actu","9":"tag-actualites","10":"tag-eu","11":"tag-europe","12":"tag-fr","13":"tag-france","14":"tag-ligue-1","15":"tag-news","16":"tag-nice","17":"tag-ogc-nice","18":"tag-provence-alpes-cote-dazur","19":"tag-republique-francaise"},"share_on_mastodon":{"url":"https:\/\/pubeurope.com\/@fr\/115666122508473543","error":""},"_links":{"self":[{"href":"https:\/\/www.europesays.com\/fr\/wp-json\/wp\/v2\/posts\/579498","targetHints":{"allow":["GET"]}}],"collection":[{"href":"https:\/\/www.europesays.com\/fr\/wp-json\/wp\/v2\/posts"}],"about":[{"href":"https:\/\/www.europesays.com\/fr\/wp-json\/wp\/v2\/types\/post"}],"author":[{"embeddable":true,"href":"https:\/\/www.europesays.com\/fr\/wp-json\/wp\/v2\/users\/2"}],"replies":[{"embeddable":true,"href":"https:\/\/www.europesays.com\/fr\/wp-json\/wp\/v2\/comments?post=579498"}],"version-history":[{"count":0,"href":"https:\/\/www.europesays.com\/fr\/wp-json\/wp\/v2\/posts\/579498\/revisions"}],"wp:featuredmedia":[{"embeddable":true,"href":"https:\/\/www.europesays.com\/fr\/wp-json\/wp\/v2\/media\/579499"}],"wp:attachment":[{"href":"https:\/\/www.europesays.com\/fr\/wp-json\/wp\/v2\/media?parent=579498"}],"wp:term":[{"taxonomy":"category","embeddable":true,"href":"https:\/\/www.europesays.com\/fr\/wp-json\/wp\/v2\/categories?post=579498"},{"taxonomy":"post_tag","embeddable":true,"href":"https:\/\/www.europesays.com\/fr\/wp-json\/wp\/v2\/tags?post=579498"}],"curies":[{"name":"wp","href":"https:\/\/api.w.org\/{rel}","templated":true}]}}