{"id":579506,"date":"2025-12-05T08:58:18","date_gmt":"2025-12-05T08:58:18","guid":{"rendered":"https:\/\/www.europesays.com\/fr\/579506\/"},"modified":"2025-12-05T08:58:18","modified_gmt":"2025-12-05T08:58:18","slug":"trois-militantes-anti-lgv-bordeaux-toulouse-accusees-de-degradations-ont-ete-relaxees","status":"publish","type":"post","link":"https:\/\/www.europesays.com\/fr\/579506\/","title":{"rendered":"trois militantes anti-LGV Bordeaux-Toulouse, accus\u00e9es de d\u00e9gradations, ont \u00e9t\u00e9 relax\u00e9es"},"content":{"rendered":"<p><img decoding=\"async\" class=\"\" style=\"width:100%\" src=\"https:\/\/www.europesays.com\/fr\/wp-content\/uploads\/2025\/12\/Tribunal_Toulouse1764920753205.webp.webp\" alt=\"Tribunal Toulouse\"\/><\/p>\n<p>Le Tribunal de Toulouse<\/p>\n<p>Cr\u00e9dit : La r\u00e9daction 100% Radio<\/p>\n<p>Trois femmes \u00e2g\u00e9es de \u00e0 25 \u00e0 38 ans, accus\u00e9es d&rsquo;avoir coup\u00e9 les barbel\u00e9s entourant un arbre devant \u00eatre abattu sur le futur trac\u00e9 de la LGV du Sud-Ouest, ont \u00e9t\u00e9 relax\u00e9es hier (4 d\u00e9cembre 2025) \u00e0 Toulouse, l&rsquo;un d&rsquo;elles \u00e9tant toutefois condamn\u00e9e pour \u00ab\u00a0r\u00e9bellion\u00a0\u00bb. A l&rsquo;audience, en novembre dernier, dans une salle pleine de soutiens et de militants \u00e9cologistes, la repr\u00e9sentante du parquet avait notamment requis entre 70 et 140 heures de travaux d&rsquo;int\u00e9r\u00eat g\u00e9n\u00e9ral selon les cas. Les trois ont contest\u00e9 toute violence \u00e0 l&rsquo;encontre des forces de l&rsquo;ordre, alors que l&rsquo;une d&rsquo;entre elles \u00e9tait poursuivie, outre pour les d\u00e9gradations pr\u00e9sum\u00e9es, pour avoir fait chuter un gendarme en tentant de r\u00e9cup\u00e9rer son t\u00e9l\u00e9phone portable. Condamn\u00e9e pour \u00ab\u00a0r\u00e9bellion\u00a0\u00bb, elle devra notamment verser 100 euros au gendarme concern\u00e9.<\/p>\n<p>Elles avaient toute trois \u00e9t\u00e9 interpell\u00e9es fin ao\u00fbt \u00e0 Saint-Jory (Haute-Garonne), \u00e0 25 kilom\u00e8tres du centre de Toulouse, alors que, depuis des mois, des opposants campaient l\u00e0 sur le trac\u00e9 de la LGV, y compris dans des arbres pour \u00e9viter leur abattage, avant d&rsquo;\u00eatre expuls\u00e9s par des gendarmes, puis de revenir sur les lieux \u00e0 plusieurs reprises. La construction de la LGV Bordeaux-Toulouse a d\u00e9but\u00e9 en mai 2024. Elle doit notamment relier, en 2032, Toulouse \u00e0 Paris en 3H10, gagnant plus d&rsquo;une heure sur le temps de voyage actuel. Le tribunal administratif de Toulouse doit examiner le 15 d\u00e9cembre un recours des opposants au projet.<\/p>\n","protected":false},"excerpt":{"rendered":"Le Tribunal de Toulouse Cr\u00e9dit : La r\u00e9daction 100% Radio Trois femmes \u00e2g\u00e9es de \u00e0 25 \u00e0 38&hellip;\n","protected":false},"author":2,"featured_media":579507,"comment_status":"","ping_status":"","sticky":false,"template":"","format":"standard","meta":{"footnotes":""},"categories":[2817],"tags":[1111,11,1997,2339,1777,674,1011,27,7711,60258,12,2219,25,2312,3693],"class_list":{"0":"post-579506","1":"post","2":"type-post","3":"status-publish","4":"format-standard","5":"has-post-thumbnail","7":"category-bordeaux","8":"tag-actu","9":"tag-actualites","10":"tag-bordeaux","11":"tag-ecologistes","12":"tag-eu","13":"tag-europe","14":"tag-fr","15":"tag-france","16":"tag-lgv","17":"tag-militantes","18":"tag-news","19":"tag-nouvelle-aquitaine","20":"tag-republique-francaise","21":"tag-toulouse","22":"tag-tribunal"},"share_on_mastodon":{"url":"https:\/\/pubeurope.com\/@fr\/115666139907792001","error":""},"_links":{"self":[{"href":"https:\/\/www.europesays.com\/fr\/wp-json\/wp\/v2\/posts\/579506","targetHints":{"allow":["GET"]}}],"collection":[{"href":"https:\/\/www.europesays.com\/fr\/wp-json\/wp\/v2\/posts"}],"about":[{"href":"https:\/\/www.europesays.com\/fr\/wp-json\/wp\/v2\/types\/post"}],"author":[{"embeddable":true,"href":"https:\/\/www.europesays.com\/fr\/wp-json\/wp\/v2\/users\/2"}],"replies":[{"embeddable":true,"href":"https:\/\/www.europesays.com\/fr\/wp-json\/wp\/v2\/comments?post=579506"}],"version-history":[{"count":0,"href":"https:\/\/www.europesays.com\/fr\/wp-json\/wp\/v2\/posts\/579506\/revisions"}],"wp:featuredmedia":[{"embeddable":true,"href":"https:\/\/www.europesays.com\/fr\/wp-json\/wp\/v2\/media\/579507"}],"wp:attachment":[{"href":"https:\/\/www.europesays.com\/fr\/wp-json\/wp\/v2\/media?parent=579506"}],"wp:term":[{"taxonomy":"category","embeddable":true,"href":"https:\/\/www.europesays.com\/fr\/wp-json\/wp\/v2\/categories?post=579506"},{"taxonomy":"post_tag","embeddable":true,"href":"https:\/\/www.europesays.com\/fr\/wp-json\/wp\/v2\/tags?post=579506"}],"curies":[{"name":"wp","href":"https:\/\/api.w.org\/{rel}","templated":true}]}}