{"id":579508,"date":"2025-12-05T08:59:12","date_gmt":"2025-12-05T08:59:12","guid":{"rendered":"https:\/\/www.europesays.com\/fr\/579508\/"},"modified":"2025-12-05T08:59:12","modified_gmt":"2025-12-05T08:59:12","slug":"video-panique-place-saint-pierre-a-toulouse-un-feu-devaste-ce-celebre-bar-de-la-ville-en-pleine-soiree-etudiante","status":"publish","type":"post","link":"https:\/\/www.europesays.com\/fr\/579508\/","title":{"rendered":"VID\u00c9O Panique place Saint-Pierre \u00e0 Toulouse\u00a0: un feu d\u00e9vaste ce c\u00e9l\u00e8bre bar de la ville en pleine soir\u00e9e \u00e9tudiante"},"content":{"rendered":"<p>Un incendie s\u2019est d\u00e9clar\u00e9 dans la soir\u00e9e de ce\u00a0jeudi 4\u00a0d\u00e9cembre sur la place Saint-Pierre \u00e0 Toulouse, dans le \u00ab\u00a0Bar\u00a0Basque\u00a0\u00bb. Le feu, possiblement caus\u00e9 par une friteuse, a notamment d\u00e9truit la cuisine de l\u2019\u00e9tablissement, sans faire de bless\u00e9s.<\/p>\n<p>Une soir\u00e9e \u00e9tudiante particuli\u00e8re pour la Ville rose. Ce jeudi 4\u00a0d\u00e9cembre, place Saint-Pierre, un feu a pris \u00e0 c\u00f4t\u00e9\u00a0de la terrasse ext\u00e9rieure du \u00ab\u00a0Bar basque\u00a0\u00bb, qui jouxte \u00ab\u00a0Le Saint-des-Seins\u00a0\u00bb, autre bar festif de cette place. Heureusement, aucun bless\u00e9 n\u2019est \u00e0 d\u00e9clarer, seulement des d\u00e9g\u00e2ts mat\u00e9riels.<\/p>\n<p>L\u2019incident s\u2019est d\u00e9roul\u00e9 peu apr\u00e8s 19\u00a0heures.\u00a0\u00ab\u00a0Selon les premiers \u00e9l\u00e9ments, un feu de friteuse a d\u00e9clench\u00e9 le sinistre m\u00eame si l\u2019enqu\u00eate devra le confirmer\u00a0\u00bb, d\u00e9clare\u00a0le lieutenant Pierre Cuvereaux des sapeurs-pompiers aupr\u00e8s de nos confr\u00e8res de <a href=\"https:\/\/www.ladepeche.fr\/2025\/12\/04\/incendie-dans-la-cuisine-du-bar-basque-ce-que-lon-sait-13091519.php\" target=\"_blank\" rel=\"noopener\">La D\u00e9p\u00eache du Midi<\/a>. La cuisine du \u00ab\u00a0Bar basque\u00a0\u00bb et deux \u00e9tages au-dessus sont partis en fum\u00e9s.<\/p>\n<p>Que des d\u00e9g\u00e2ts mat\u00e9riels<\/p>\n<p>Situ\u00e9\u00a0\u00e0 une vingtaine de m\u00e8tres, le bar a \u00e9chapp\u00e9 aux flammes qui ont ravag\u00e9 des poutres, visibles depuis la place. \u00ab\u00a0Nous sommes dans la ville ancienne avec toujours la possibilit\u00e9 d\u2019une poutre qui traverse un immeuble. Autant de choses qui vont \u00eatre \u00e0 surveiller sans doute une bonne partie de la nuit\u00a0\u00bb, pr\u00e9cise\u00a0le colonel Olivier Dufaur.<\/p>\n<p>Les forces de l\u2019ordre ont \u00e9t\u00e9 contraintes de\u00a0bloquer la partie droite de la place Saint-Pierre et d\u2019interdire l\u2019acc\u00e8s vers le quai Lombard avec \u00e9galement une circulation ralentie mais pas coup\u00e9e.<\/p>\n","protected":false},"excerpt":{"rendered":"Un incendie s\u2019est d\u00e9clar\u00e9 dans la soir\u00e9e de ce\u00a0jeudi 4\u00a0d\u00e9cembre sur la place Saint-Pierre \u00e0 Toulouse, dans le&hellip;\n","protected":false},"author":2,"featured_media":579509,"comment_status":"","ping_status":"","sticky":false,"template":"","format":"standard","meta":{"footnotes":""},"categories":[2816],"tags":[1111,11,1777,674,118,1011,27,1310,12,2680,25,2312],"class_list":{"0":"post-579508","1":"post","2":"type-post","3":"status-publish","4":"format-standard","5":"has-post-thumbnail","7":"category-toulouse","8":"tag-actu","9":"tag-actualites","10":"tag-eu","11":"tag-europe","12":"tag-faits-divers","13":"tag-fr","14":"tag-france","15":"tag-incendie","16":"tag-news","17":"tag-occitanie","18":"tag-republique-francaise","19":"tag-toulouse"},"share_on_mastodon":{"url":"https:\/\/pubeurope.com\/@fr\/115666150173336322","error":""},"_links":{"self":[{"href":"https:\/\/www.europesays.com\/fr\/wp-json\/wp\/v2\/posts\/579508","targetHints":{"allow":["GET"]}}],"collection":[{"href":"https:\/\/www.europesays.com\/fr\/wp-json\/wp\/v2\/posts"}],"about":[{"href":"https:\/\/www.europesays.com\/fr\/wp-json\/wp\/v2\/types\/post"}],"author":[{"embeddable":true,"href":"https:\/\/www.europesays.com\/fr\/wp-json\/wp\/v2\/users\/2"}],"replies":[{"embeddable":true,"href":"https:\/\/www.europesays.com\/fr\/wp-json\/wp\/v2\/comments?post=579508"}],"version-history":[{"count":0,"href":"https:\/\/www.europesays.com\/fr\/wp-json\/wp\/v2\/posts\/579508\/revisions"}],"wp:featuredmedia":[{"embeddable":true,"href":"https:\/\/www.europesays.com\/fr\/wp-json\/wp\/v2\/media\/579509"}],"wp:attachment":[{"href":"https:\/\/www.europesays.com\/fr\/wp-json\/wp\/v2\/media?parent=579508"}],"wp:term":[{"taxonomy":"category","embeddable":true,"href":"https:\/\/www.europesays.com\/fr\/wp-json\/wp\/v2\/categories?post=579508"},{"taxonomy":"post_tag","embeddable":true,"href":"https:\/\/www.europesays.com\/fr\/wp-json\/wp\/v2\/tags?post=579508"}],"curies":[{"name":"wp","href":"https:\/\/api.w.org\/{rel}","templated":true}]}}