{"id":57952,"date":"2025-04-27T23:46:10","date_gmt":"2025-04-27T23:46:10","guid":{"rendered":"https:\/\/www.europesays.com\/fr\/57952\/"},"modified":"2025-04-27T23:46:10","modified_gmt":"2025-04-27T23:46:10","slug":"le-vrai-faux-retour-de-la-taxe-dhabitation-irrite-les-macronistes-liberation","status":"publish","type":"post","link":"https:\/\/www.europesays.com\/fr\/57952\/","title":{"rendered":"Le vrai-faux retour de la taxe d\u2019habitation irrite les macronistes \u2013 Lib\u00e9ration"},"content":{"rendered":"<p class=\"sc-ksZaOG ehjQrN text-element\">Applaudissements \u00e0 gauche, hurlements des macronistes : Fran\u00e7ois Rebsamen a beau jurer dans <a href=\"https:\/\/www.ouest-france.fr\/environnement\/amenagement-du-territoire\/comment-francois-rebsamen-veut-simplifier-la-vie-des-elus-et-des-francais-fe08f562-2110-11f0-bf67-a97478b86af6\" target=\"_blank\" rel=\"noreferrer noopener\" title=\"https:\/\/www.ouest-france.fr\/environnement\/amenagement-du-territoire\/comment-francois-rebsamen-veut-simplifier-la-vie-des-elus-et-des-francais-fe08f562-2110-11f0-bf67-a97478b86af6\">Ouest-France<\/a> qu\u2019il ne s\u2019agit pas de \u00abrecr\u00e9er la taxe d\u2019habitation\u00bb, sa proposition d\u2019une <a href=\"https:\/\/www.liberation.fr\/politique\/fiscalite-rebsamen-envisage-une-contribution-modeste-des-menages-pour-les-services-publics-locaux-20250426_C7HUPUV4INFS7ESXPE3EHAG6KM\/?redirected=1\" target=\"_blank\" rel=\"noreferrer noopener\" title=\"https:\/\/www.liberation.fr\/politique\/fiscalite-rebsamen-envisage-une-contribution-modeste-des-menages-pour-les-services-publics-locaux-20250426_C7HUPUV4INFS7ESXPE3EHAG6KM\/?redirected=1\">\u00abcontribution modeste\u00bb pour \u00abrenouer le lien\u00bb<\/a> entre les citoyens et leur commune provoque l\u2019\u00e9moi parmi les soutiens du gouvernement. \u00abLa taxe d\u2019habitation, imp\u00f4t injuste, qui accablait les classes moyennes et les villes les moins riches, ne doit revenir sous aucune forme\u00bb, proteste sur X le d\u00e9put\u00e9 Ensemble pour la R\u00e9publique (EPR), David Amiel. \u00abSi on veut pr\u00e9cipiter la classe moyenne dans les bras du RN, c\u2019est une recette certaine\u00bb,<\/p>\n","protected":false},"excerpt":{"rendered":"Applaudissements \u00e0 gauche, hurlements des macronistes : Fran\u00e7ois Rebsamen a beau jurer dans Ouest-France qu\u2019il ne s\u2019agit pas&hellip;\n","protected":false},"author":2,"featured_media":57953,"comment_status":"","ping_status":"","sticky":false,"template":"","format":"standard","meta":{"footnotes":""},"categories":[2],"tags":[11,1011,27,418,12,9908,15391],"class_list":{"0":"post-57952","1":"post","2":"type-post","3":"status-publish","4":"format-standard","5":"has-post-thumbnail","7":"category-actualites","8":"tag-actualites","9":"tag-fr","10":"tag-france","11":"tag-gouvernement","12":"tag-news","13":"tag-taxe-fonciere","14":"tag-taxe-d-habitation"},"share_on_mastodon":{"url":"https:\/\/pubeurope.com\/@fr\/114412597088780582","error":""},"_links":{"self":[{"href":"https:\/\/www.europesays.com\/fr\/wp-json\/wp\/v2\/posts\/57952","targetHints":{"allow":["GET"]}}],"collection":[{"href":"https:\/\/www.europesays.com\/fr\/wp-json\/wp\/v2\/posts"}],"about":[{"href":"https:\/\/www.europesays.com\/fr\/wp-json\/wp\/v2\/types\/post"}],"author":[{"embeddable":true,"href":"https:\/\/www.europesays.com\/fr\/wp-json\/wp\/v2\/users\/2"}],"replies":[{"embeddable":true,"href":"https:\/\/www.europesays.com\/fr\/wp-json\/wp\/v2\/comments?post=57952"}],"version-history":[{"count":0,"href":"https:\/\/www.europesays.com\/fr\/wp-json\/wp\/v2\/posts\/57952\/revisions"}],"wp:featuredmedia":[{"embeddable":true,"href":"https:\/\/www.europesays.com\/fr\/wp-json\/wp\/v2\/media\/57953"}],"wp:attachment":[{"href":"https:\/\/www.europesays.com\/fr\/wp-json\/wp\/v2\/media?parent=57952"}],"wp:term":[{"taxonomy":"category","embeddable":true,"href":"https:\/\/www.europesays.com\/fr\/wp-json\/wp\/v2\/categories?post=57952"},{"taxonomy":"post_tag","embeddable":true,"href":"https:\/\/www.europesays.com\/fr\/wp-json\/wp\/v2\/tags?post=57952"}],"curies":[{"name":"wp","href":"https:\/\/api.w.org\/{rel}","templated":true}]}}