{"id":579522,"date":"2025-12-05T09:14:12","date_gmt":"2025-12-05T09:14:12","guid":{"rendered":"https:\/\/www.europesays.com\/fr\/579522\/"},"modified":"2025-12-05T09:14:12","modified_gmt":"2025-12-05T09:14:12","slug":"pourquoi-les-travaux-vont-ils-continuer-au-dela-de-2030","status":"publish","type":"post","link":"https:\/\/www.europesays.com\/fr\/579522\/","title":{"rendered":"pourquoi les travaux vont-ils continuer au-del\u00e0 de 2030 ?"},"content":{"rendered":"<p>\n    <strong>D\u00c9CRYPTAGE<\/strong> &#8211; Notre-Dame de Paris a \u00e9t\u00e9 rendue au culte et au public le 8 d\u00e9cembre 2024, au terme de cinq ans de r\u00e9novation men\u00e9e tambour battant. Les d\u00e9g\u00e2ts de l\u2019incendie sont derri\u00e8re nous, mais les travaux ne sont pas termin\u00e9s pour autant.<\/p>\n<p class=\"fig-paragraph\">Derri\u00e8re la for\u00eat d\u2019\u00e9chafaudages\u00a0<a href=\"http:\/\/www.lefigaro.fr\/culture\/notre-dame-de-paris-les-travaux-du-parvis-et-des-squares-demarreront-a-l-automne-2025-20241015\" target=\"_blank\" data-fig-type=\"Article\" rel=\"noopener\" data-gtm-custom-categorie=\"navigation\" data-gtm-custom-action=\"crossclick\" data-gtm-custom-label=\"Contextuel\" data-gtm-event=\"customEventSPE\" data-fig-domain=\"LEFIGARO\">qui enserrent toujours Notre-Dame<\/a>\u00a0par endroits, les travaux se poursuivent. Les offices ont repris et des dizaines de milliers de visiteurs se pressent chaque jour le long des bas-c\u00f4t\u00e9s, tandis que le ballet des grues reprend dans le ciel de la capitale \u00e0 la nuit tomb\u00e9e. Alors que la premi\u00e8re phase des travaux a lav\u00e9 les outrages de\u00a0<a href=\"http:\/\/www.lefigaro.fr\/culture\/patrimoine\/notre-dame-de-paris-le-15-avril-2019-une-nuit-de-feu-20241205\" target=\"_blank\" data-fig-type=\"Article\" rel=\"noopener\" data-gtm-custom-categorie=\"navigation\" data-gtm-custom-action=\"crossclick\" data-gtm-custom-label=\"Contextuel\" data-gtm-event=\"customEventSPE\" data-fig-domain=\"LEFIGARO\">l\u2019incendie du 15 avril 2019<\/a>, une nouvelle \u00e9tape s\u2019engage, moins spectaculaire, mais toute aussi importante.<\/p>\n<p class=\"fig-paragraph\">\u00ab Il faut aller au bout de la restauration en soignant toutes les pathologies du monument maintenant que les d\u00e9g\u00e2ts de l\u2019incendie sont derri\u00e8re nous, souligne<a href=\"https:\/\/www.lefigaro.fr\/culture\/patrimoine\/philippe-jost-la-cathedrale-notre-dame-de-paris-est-en-train-de-revivre-20231207\" target=\"_blank\" data-fig-type=\"Article\" rel=\"noopener\" data-gtm-custom-categorie=\"navigation\" data-gtm-custom-action=\"crossclick\" data-gtm-custom-label=\"Contextuel\" data-gtm-event=\"customEventSPE\" data-fig-domain=\"LEFIGARO\">\u00a0Philippe Jost, pr\u00e9sident de l\u2019\u00e9tablissement public Reb\u00e2tir Notre-Dame de Paris<\/a>. Nous avons termin\u00e9 tous les espaces int\u00e9rieurs, mais il reste des soins \u00e0 prodiguer sur l\u2019enveloppe ext\u00e9rieure.\u00a0\u00bb \u00c0 commencer par les murs et les arcs-boutants du chevet sur la partie orientale de la cath\u00e9drale, qui abrite l\u2019abside et le ch\u0153ur. Rien n\u2019a \u00e9t\u00e9 touch\u00e9 depuis la grande\u2026<\/p>\n<p class=\"fig-premium-paywall__infos\">\n        Cet article est r\u00e9serv\u00e9 aux abonn\u00e9s.        Il vous reste 77% \u00e0 d\u00e9couvrir.\n    <\/p>\n<p>                <img  data- alt=\"Le Figaro\" class=\"fig-img--complete fig-img\"\/><\/p>\n<p class=\"fig-premium-paywall__title\">Vous avez envie de lire la suite ?<\/p>\n<p class=\"fig-premium-paywall__subtitle\">D\u00e9bloquez tous les articles imm\u00e9diatement.<\/p>\n<p class=\"fig-premium-paywall__connect\">\n                D\u00e9j\u00e0 abonn\u00e9\u00a0?                <a class=\"fig-premium-paywall__connect-link\" href=\"https:\/\/connect.lefigaro.fr\/login?client=horizon_web&amp;type=main&amp;redirect_uri=https%3A%2F%2Fwww.lefigaro.fr%2Fculture%2Fpatrimoine%2Fnotre-dame-de-paris-pourquoi-les-travaux-vont-ils-continuer-au-dela-de-2030-20251205\" data-js-gtm=\"{&quot;customCategorie&quot;: &quot;conversion&quot;, &quot;customAction&quot;: &quot;before_Landing_Connexion_paywall_auto&quot;, &quot;customLabel&quot;: &quot;bGVmaWdhcm8uZnJfXzFmMGQwMzcwLWFlMjQtNjk5OC1iMjYyLWQ5NTM3ZTU2OTA4OF9fQXJ0aWNsZQ==_Notre-Dame de Paris\u00a0: pourquoi les travaux vont-ils continuer au-del\u00e0 de 2030\u00a0?_525&quot;, &quot;customIDSPE&quot;: &quot;bGVmaWdhcm8uZnJfXzFmMGQwMzcwLWFlMjQtNjk5OC1iMjYyLWQ5NTM3ZTU2OTA4OF9fQXJ0aWNsZQ==&quot;, &quot;event&quot;: &quot;customEventSPE&quot;}\" target=\"_blank\" rel=\"noopener\"><br \/>\n                    Connectez-vous<br \/>\n                <\/a>\n            <\/p>\n","protected":false},"excerpt":{"rendered":"D\u00c9CRYPTAGE &#8211; Notre-Dame de Paris a \u00e9t\u00e9 rendue au culte et au public le 8 d\u00e9cembre 2024, au&hellip;\n","protected":false},"author":2,"featured_media":579523,"comment_status":"","ping_status":"","sticky":false,"template":"","format":"standard","meta":{"footnotes":""},"categories":[1888],"tags":[1111,1928,11,1927,1777,674,1011,27,12,1926,3341,626,1925,25,2086],"class_list":{"0":"post-579522","1":"post","2":"type-post","3":"status-publish","4":"format-standard","5":"has-post-thumbnail","7":"category-paris","8":"tag-actu","9":"tag-actu-paris","10":"tag-actualites","11":"tag-actualites-paris","12":"tag-eu","13":"tag-europe","14":"tag-fr","15":"tag-france","16":"tag-news","17":"tag-news-paris","18":"tag-notre-dame-de-paris","19":"tag-paris","20":"tag-paris-news","21":"tag-republique-francaise","22":"tag-travaux"},"share_on_mastodon":{"url":"https:\/\/pubeurope.com\/@fr\/115666201007667854","error":""},"_links":{"self":[{"href":"https:\/\/www.europesays.com\/fr\/wp-json\/wp\/v2\/posts\/579522","targetHints":{"allow":["GET"]}}],"collection":[{"href":"https:\/\/www.europesays.com\/fr\/wp-json\/wp\/v2\/posts"}],"about":[{"href":"https:\/\/www.europesays.com\/fr\/wp-json\/wp\/v2\/types\/post"}],"author":[{"embeddable":true,"href":"https:\/\/www.europesays.com\/fr\/wp-json\/wp\/v2\/users\/2"}],"replies":[{"embeddable":true,"href":"https:\/\/www.europesays.com\/fr\/wp-json\/wp\/v2\/comments?post=579522"}],"version-history":[{"count":0,"href":"https:\/\/www.europesays.com\/fr\/wp-json\/wp\/v2\/posts\/579522\/revisions"}],"wp:featuredmedia":[{"embeddable":true,"href":"https:\/\/www.europesays.com\/fr\/wp-json\/wp\/v2\/media\/579523"}],"wp:attachment":[{"href":"https:\/\/www.europesays.com\/fr\/wp-json\/wp\/v2\/media?parent=579522"}],"wp:term":[{"taxonomy":"category","embeddable":true,"href":"https:\/\/www.europesays.com\/fr\/wp-json\/wp\/v2\/categories?post=579522"},{"taxonomy":"post_tag","embeddable":true,"href":"https:\/\/www.europesays.com\/fr\/wp-json\/wp\/v2\/tags?post=579522"}],"curies":[{"name":"wp","href":"https:\/\/api.w.org\/{rel}","templated":true}]}}