{"id":579526,"date":"2025-12-05T09:19:11","date_gmt":"2025-12-05T09:19:11","guid":{"rendered":"https:\/\/www.europesays.com\/fr\/579526\/"},"modified":"2025-12-05T09:19:11","modified_gmt":"2025-12-05T09:19:11","slug":"crocodile-grue-cendree-autruchon-a-paris-un-hotel-epingle-pour-avoir-expose-des-animaux-proteges-empailles","status":"publish","type":"post","link":"https:\/\/www.europesays.com\/fr\/579526\/","title":{"rendered":"Crocodile, grue cendr\u00e9e, autruchon\u2026 \u00c0 Paris, un h\u00f4tel \u00e9pingl\u00e9 pour avoir expos\u00e9 des animaux prot\u00e9g\u00e9s empaill\u00e9s"},"content":{"rendered":"<p class=\"paragraph text_align_left lp-f-body-02\">Dr\u00f4le d\u2019intervention pour les agents de la brigade de surveillance int\u00e9rieure de Paris Nord. Lundi, les douaniers ont saisi 19 animaux empaill\u00e9s dans un h\u00f4tel de luxe du <a href=\"https:\/\/www.leparisien.fr\/paris-75\/paris-75005\/\" target=\"_blank\" rel=\"noreferrer noopener\">Ve arrondissement<\/a> parisien. Des sp\u00e9cimens prot\u00e9g\u00e9s par la Convention de Washington sur le commerce international des esp\u00e8ces de faune et de flore sauvages menac\u00e9es d\u2019extinction (Cites). En juillet, les douaniers de Paris Nord, accompagn\u00e9s par un expert du <a href=\"https:\/\/www.leparisien.fr\/sciences\/ca-ne-tient-plus-le-museum-dhistoire-naturelle-va-demenager-une-partie-de-ses-collections-hors-de-paris-08-01-2022-FLRGHCCXZJFIJER64XTJUJLFNY.php\" target=\"_self\" rel=\"noopener\">Mus\u00e9um national d\u2019histoire naturelle<\/a> (MNHN), ont contr\u00f4l\u00e9 41 sp\u00e9cimens, suspect\u00e9s d\u2019appartenir \u00e0 des esp\u00e8ces prot\u00e9g\u00e9es par la Convention de Washington. Les b\u00eates empaill\u00e9es \u00e9taient expos\u00e9es dans le hall et les \u00e9tages d\u2019un \u00e9tablissement de luxe du centre de la capitale. En attendant les r\u00e9sultats d\u2019une expertise men\u00e9e par le MNHN, les objets litigieux avaient \u00e9t\u00e9 laiss\u00e9s au g\u00e9rant de l\u2019h\u00f4tel, qui assurait avoir les justificatifs pour les d\u00e9tenir.<\/p>\n<p class=\"paragraph text_align_left lp-f-body-02\">Apr\u00e8s les r\u00e9sultats de l\u2019expertise, 19 esp\u00e8ces, dont une aigrette, un autruchon, un milan royal ou encore un varan empaill\u00e9s ont \u00e9t\u00e9 saisies par les douaniers le 1er d\u00e9cembre. Le g\u00e9rant de l\u2019h\u00f4tel a pu produire des justificatifs pour la d\u00e9tention de 21 sp\u00e9cimens non-prot\u00e9g\u00e9s.<\/p>\n<p><img decoding=\"async\" class=\"image \" loading=\"lazy\" src=\"https:\/\/www.europesays.com\/fr\/wp-content\/uploads\/2025\/12\/XFQD7BAR7NBADAH6QBF527GWUE.jpg\" alt=\"Un autruchon saisi, prot\u00e9g\u00e9 par la Convention de Washington relative au commerce international des esp\u00e8ces de faune et de flore sauvages menac\u00e9es d'extinction. DR\" align=\"\" data-rubrique-principale=\"\" data-article-type=\"\" fetchpriority=\"auto\"\/>Un autruchon saisi, prot\u00e9g\u00e9 par la Convention de Washington relative au commerce international des esp\u00e8ces de faune et de flore sauvages menac\u00e9es d&rsquo;extinction. DR<\/p>\n<p class=\"paragraph text_align_left lp-f-body-02\">Depuis le d\u00e9but de l\u2019ann\u00e9e, la direction r\u00e9gionale de <a href=\"https:\/\/www.leparisien.fr\/paris-75\/\" target=\"_blank\" rel=\"noreferrer noopener\">Paris<\/a> a relev\u00e9 29 constatations li\u00e9es au trafic d\u2019esp\u00e8ces list\u00e9es par la Cites. La plupart concernaient des articles <a href=\"https:\/\/www.leparisien.fr\/faits-divers\/espagne-plus-de-120-pieces-en-ivoire-issues-du-commerce-illegal-saisies-par-les-autorites-05-08-2025-WHBQGJVXWJEI5JSHRV22S33D5E.php\" target=\"_blank\" rel=\"noreferrer noopener\">en ivoire d\u2019\u00e9l\u00e9phant<\/a>, mais aussi des peaux de reptiles, des tortues ou <a href=\"https:\/\/www.leparisien.fr\/environnement\/requins-une-cinquantaine-despeces-menacees-desormais-protegees-25-11-2022-YTA4U3JDLNATXOUVHCSALOA3JM.php\" target=\"_self\" rel=\"noopener\">des requins<\/a>.<\/p>\n<p>\u00c9galement des animaux vivants<\/p>\n<p class=\"paragraph text_align_left lp-f-body-02\">Mais la brigade de Paris Nord a \u00e9galement saisi des animaux vivants, comme, en octobre, un perroquet Amazone d\u00e9tenu ill\u00e9galement dans un commerce du <a href=\"https:\/\/www.leparisien.fr\/paris-75\/paris-75004\/\" target=\"_blank\" rel=\"noreferrer noopener\">IVe arrondissement<\/a>. En f\u00e9vrier 2024, les agents avaient aussi intercept\u00e9 <a href=\"https:\/\/www.leparisien.fr\/faits-divers\/une-vingtaine-de-reptiles-dans-sa-valise-un-receleur-despeces-protegees-condamne-a-paris-10-10-2025-3JYAEE7UONBARDEQMI5VZ3GN3Q.php\" target=\"_blank\" rel=\"noreferrer noopener\">un trafiquant de reptiles gare de l\u2019Est<\/a>, qui transportait une vingtaine de sp\u00e9cimens.<\/p>\n<p class=\"lp-card-podcast-highlighting__title  lp-f-subtitle-05\">[2\/2] Mamadou Traor\u00e9, l\u2019enfant du diable<\/p>\n<p><a class=\"lp-card-podcast-highlighting__call-to-action\" data-page-type=\"HP\" data-block-name=\"podcast-highlight\">\u00c9couter<\/a><\/p>\n<p class=\"paragraph text_align_left lp-f-body-02\">\u00ab Les sp\u00e9cimens saisis proviennent essentiellement d\u2019Asie et d\u2019Afrique \u00bb, pr\u00e9cise Vincent, chef de la brigade des douanes de Paris Nord. \u00ab Ils sont import\u00e9s en France par des fili\u00e8res de trafic directement issues du braconnage \u00bb, poursuit l\u2019agent. Certains produits alimentent des officines de m\u00e9decine parall\u00e8le ou des \u00ab cabinets de curiosit\u00e9 de collectionneurs peu scrupuleux \u00bb.<\/p>\n<p class=\"paragraph text_align_left lp-f-body-02\">Selon la Direction g\u00e9n\u00e9rale des douanes, au moins 4 000 esp\u00e8ces, dont 3 250 list\u00e9es par la Cites, sont concern\u00e9es par le trafic. \u00ab La capitale offre de nombreuses opportunit\u00e9s \u00bb, indique la direction, citant les antiquaires, brocantes, ou autres \u00ab \u00e9tablissements susceptibles d\u2019exposer des animaux taxidermis\u00e9s \u00bb. Les agents des douanes de Paris nord indiquent que les sp\u00e9cimens saisis sont g\u00e9n\u00e9ralement remis \u00e0 des mus\u00e9es ou \u00e0 l\u2019Office fran\u00e7ais de la biodiversit\u00e9 (OFB).<\/p>\n","protected":false},"excerpt":{"rendered":"Dr\u00f4le d\u2019intervention pour les agents de la brigade de surveillance int\u00e9rieure de Paris Nord. Lundi, les douaniers ont&hellip;\n","protected":false},"author":2,"featured_media":579527,"comment_status":"","ping_status":"","sticky":false,"template":"","format":"standard","meta":{"footnotes":""},"categories":[1888],"tags":[11,1867,1777,674,118,1011,27,12,626,25],"class_list":{"0":"post-579526","1":"post","2":"type-post","3":"status-publish","4":"format-standard","5":"has-post-thumbnail","7":"category-paris","8":"tag-actualites","9":"tag-animaux","10":"tag-eu","11":"tag-europe","12":"tag-faits-divers","13":"tag-fr","14":"tag-france","15":"tag-news","16":"tag-paris","17":"tag-republique-francaise"},"share_on_mastodon":{"url":"https:\/\/pubeurope.com\/@fr\/115666221510780398","error":""},"_links":{"self":[{"href":"https:\/\/www.europesays.com\/fr\/wp-json\/wp\/v2\/posts\/579526","targetHints":{"allow":["GET"]}}],"collection":[{"href":"https:\/\/www.europesays.com\/fr\/wp-json\/wp\/v2\/posts"}],"about":[{"href":"https:\/\/www.europesays.com\/fr\/wp-json\/wp\/v2\/types\/post"}],"author":[{"embeddable":true,"href":"https:\/\/www.europesays.com\/fr\/wp-json\/wp\/v2\/users\/2"}],"replies":[{"embeddable":true,"href":"https:\/\/www.europesays.com\/fr\/wp-json\/wp\/v2\/comments?post=579526"}],"version-history":[{"count":0,"href":"https:\/\/www.europesays.com\/fr\/wp-json\/wp\/v2\/posts\/579526\/revisions"}],"wp:featuredmedia":[{"embeddable":true,"href":"https:\/\/www.europesays.com\/fr\/wp-json\/wp\/v2\/media\/579527"}],"wp:attachment":[{"href":"https:\/\/www.europesays.com\/fr\/wp-json\/wp\/v2\/media?parent=579526"}],"wp:term":[{"taxonomy":"category","embeddable":true,"href":"https:\/\/www.europesays.com\/fr\/wp-json\/wp\/v2\/categories?post=579526"},{"taxonomy":"post_tag","embeddable":true,"href":"https:\/\/www.europesays.com\/fr\/wp-json\/wp\/v2\/tags?post=579526"}],"curies":[{"name":"wp","href":"https:\/\/api.w.org\/{rel}","templated":true}]}}