{"id":579530,"date":"2025-12-05T09:21:15","date_gmt":"2025-12-05T09:21:15","guid":{"rendered":"https:\/\/www.europesays.com\/fr\/579530\/"},"modified":"2025-12-05T09:21:15","modified_gmt":"2025-12-05T09:21:15","slug":"les-europeens-jugent-eleve-le-risque-dun-conflit-entre-leur-pays-et-la-russie","status":"publish","type":"post","link":"https:\/\/www.europesays.com\/fr\/579530\/","title":{"rendered":"Les Europ\u00e9ens jugent \u00e9lev\u00e9 le risque d\u2019un conflit entre leur pays et la Russie"},"content":{"rendered":"<p>\n                                                                    l&rsquo;essentiel<br \/>\n                                                                La nouvelle vague du Barom\u00e8tre de Cluster17, men\u00e9e dans neuf pays de l\u2019Union europ\u00e9enne, d\u00e9crit une opinion publique consciente des risques g\u00e9opolitiques, sceptique sur sa capacit\u00e9 de d\u00e9fense, mais toujours majoritairement attach\u00e9e \u00e0 l\u2019Union. Le risque de guerre est jug\u00e9 \u00e9lev\u00e9 avec la Russie.\n                            <\/p>\n<p>L\u2019\u00e9tude men\u00e9e par Cluster17 pour \u00ab\u00a0<a href=\"https:\/\/legrandcontinent.eu\/fr\/2025\/12\/04\/ce-que-les-europeens-veulent-vraiment-le-dernier-eurobazooka\/\" target=\"_blank\" rel=\"noopener\">Le grand continent<\/a>\u00a0\u00bb dans neuf pays de l\u2019Union montre une opinion europ\u00e9enne qui prend pleinement la mesure des bouleversements g\u00e9opolitiques, technologiques et sociaux affectant son environnement. La guerre en Europe, la comp\u00e9tition entre puissances et les tensions politiques internes nourrissent un climat d\u2019incertitude durable.<\/p>\n<p>Si 74\u00a0% des r\u00e9pondants souhaitent rester dans l\u2019Union, l\u2019adh\u00e9sion demeure in\u00e9gale, la France apparaissant comme le point de fragilit\u00e9 (27\u00a0% des sond\u00e9s favorables \u00e0 une sortie). Le Brexit reste un repoussoir majeur, la majorit\u00e9 (63\u00a0%) jugeant qu\u2019il a affaibli le Royaume-Uni et renfor\u00e7ant ainsi le r\u00e9flexe d\u2019appartenance.<\/p>\n<p>        <img decoding=\"async\" class=\"std-img__img responsive-img\" src=\"https:\/\/www.europesays.com\/fr\/wp-content\/uploads\/2025\/12\/1764926475_127_image.png\" alt=\"Les Europ\u00e9ens et les risques de guerres.\"\/><\/p>\n<p>                Les Europ\u00e9ens et les risques de guerres.<br \/>\n                                    DDM &#8211; Philippe Rioux<\/p>\n<p>Lorsque les Europ\u00e9ens \u00e9valuent les menaces ext\u00e9rieures, deux pr\u00e9occupations s\u2019imposent. Une courte majorit\u00e9 (51\u00a0%) estime \u00e9lev\u00e9 le risque d\u2019un conflit ouvert entre leur pays et la Russie, un renversement significatif dans les perceptions strat\u00e9giques. Parall\u00e8lement, le terrorisme demeure la menace la plus imm\u00e9diate (63\u00a0%), avec des niveaux d\u2019inqui\u00e9tude particuli\u00e8rement hauts en France (86\u00a0%).<br \/>Pourtant, cette perception aigu\u00eb des risques ne s\u2019accompagne pas d\u2019une confiance \u00e9quivalente dans les capacit\u00e9s militaires nationales, seuls 26\u00a0% des r\u00e9pondants jugeant leur pays capable de se d\u00e9fendre seul.<\/p>\n<p>71\u00a0% souhaitent \u00e9viter une logique de blocs<\/p>\n<p>Face aux grandes puissances, une position nuanc\u00e9e domine\u00a0: 71\u00a0% souhaitent \u00e9viter une logique de blocs vis-\u00e0-vis des \u00c9tats-Unis comme de la Chine. Si Donald Trump est per\u00e7u comme un adversaire potentiel (48\u00a0%), les Europ\u00e9ens privil\u00e9gient n\u00e9anmoins une approche de compromis, t\u00e9moignant d\u2019une aspiration \u00e0 l\u2019autonomie strat\u00e9gique plut\u00f4t qu\u2019\u00e0 l\u2019affrontement.<\/p>\n<p>Les tensions internes compl\u00e8tent ce tableau contrast\u00e9. L\u2019immigration divise profond\u00e9ment, l\u2019antis\u00e9mitisme est majoritairement per\u00e7u en hausse et la demande de r\u00e9duction des d\u00e9penses publiques reste forte. L\u2019ambivalence se retrouve dans le rapport aux technologies\u00a0: inqui\u00e9tude vis-\u00e0-vis des r\u00e9seaux sociaux (73\u00a0%) et de l\u2019IA, mais enthousiasme persistant pour les robots (53\u00a0%) ou la conqu\u00eate spatiale (64\u00a0%). Enfin, les Europ\u00e9ens identifient la culture, les paysages et la qualit\u00e9 de vie comme leurs principaux atouts, tout en craignant que ce socle soit fragilis\u00e9 par l\u2019accumulation des crises.<\/p>\n","protected":false},"excerpt":{"rendered":"l&rsquo;essentiel La nouvelle vague du Barom\u00e8tre de Cluster17, men\u00e9e dans neuf pays de l\u2019Union europ\u00e9enne, d\u00e9crit une opinion&hellip;\n","protected":false},"author":2,"featured_media":579531,"comment_status":"","ping_status":"","sticky":false,"template":"","format":"standard","meta":{"footnotes":""},"categories":[1591],"tags":[11,69001,1887,329,12,1885,1886,132],"class_list":{"0":"post-579530","1":"post","2":"type-post","3":"status-publish","4":"format-standard","5":"has-post-thumbnail","7":"category-russie","8":"tag-actualites","9":"tag-du00e9fense-armu00e9e","10":"tag-federation-de-russie","11":"tag-france-monde","12":"tag-news","13":"tag-russia","14":"tag-russian-federation","15":"tag-russie"},"share_on_mastodon":{"url":"https:\/\/pubeurope.com\/@fr\/115666229374007019","error":""},"_links":{"self":[{"href":"https:\/\/www.europesays.com\/fr\/wp-json\/wp\/v2\/posts\/579530","targetHints":{"allow":["GET"]}}],"collection":[{"href":"https:\/\/www.europesays.com\/fr\/wp-json\/wp\/v2\/posts"}],"about":[{"href":"https:\/\/www.europesays.com\/fr\/wp-json\/wp\/v2\/types\/post"}],"author":[{"embeddable":true,"href":"https:\/\/www.europesays.com\/fr\/wp-json\/wp\/v2\/users\/2"}],"replies":[{"embeddable":true,"href":"https:\/\/www.europesays.com\/fr\/wp-json\/wp\/v2\/comments?post=579530"}],"version-history":[{"count":0,"href":"https:\/\/www.europesays.com\/fr\/wp-json\/wp\/v2\/posts\/579530\/revisions"}],"wp:featuredmedia":[{"embeddable":true,"href":"https:\/\/www.europesays.com\/fr\/wp-json\/wp\/v2\/media\/579531"}],"wp:attachment":[{"href":"https:\/\/www.europesays.com\/fr\/wp-json\/wp\/v2\/media?parent=579530"}],"wp:term":[{"taxonomy":"category","embeddable":true,"href":"https:\/\/www.europesays.com\/fr\/wp-json\/wp\/v2\/categories?post=579530"},{"taxonomy":"post_tag","embeddable":true,"href":"https:\/\/www.europesays.com\/fr\/wp-json\/wp\/v2\/tags?post=579530"}],"curies":[{"name":"wp","href":"https:\/\/api.w.org\/{rel}","templated":true}]}}