{"id":579537,"date":"2025-12-05T09:25:13","date_gmt":"2025-12-05T09:25:13","guid":{"rendered":"https:\/\/www.europesays.com\/fr\/579537\/"},"modified":"2025-12-05T09:25:13","modified_gmt":"2025-12-05T09:25:13","slug":"allemagne-commandes-industrielles-en-hausse","status":"publish","type":"post","link":"https:\/\/www.europesays.com\/fr\/579537\/","title":{"rendered":"Allemagne : commandes industrielles en hausse"},"content":{"rendered":"<p style=\"margin-top:5px\">Francfort (awp\/afp) &#8211; Les commandes industrielles allemandes ont augment\u00e9 davantage que pr\u00e9vu en octobre. Elles ont \u00e9t\u00e9 dop\u00e9es par le secteur de l&rsquo;armement pendant que le pays se r\u00e9arme face \u00e0 la menace russe, selon des donn\u00e9es officielles publi\u00e9es vendredi.<\/p>\n<p>Les nouvelles commandes ont progress\u00e9 de 1,5 % sur un mois, du fait d&rsquo;un bond des importantes commandes pass\u00e9es dans la d\u00e9fense et les \u00e9quipements de transport, qui comprend avions, navires, trains et v\u00e9hicules militaires, d&rsquo;apr\u00e8s les chiffres provisoires de l&rsquo;office f\u00e9d\u00e9ral des statistiques, Destatis.<\/p>\n<p>Le minist\u00e8re de l&rsquo;\u00c9conomie a pr\u00e9cis\u00e9 dans un communiqu\u00e9 s\u00e9par\u00e9 que cette \u00e9volution s&rsquo;inscrivait \u00ab\u00a0dans le contexte des achats de d\u00e9fense\u00a0\u00bb, sans fournir davantage de d\u00e9tails. Les analystes interrog\u00e9s par FactSet tablaient sur une hausse globale de seulement 0,5 % pour cet indicateur cl\u00e9 de l&rsquo;activit\u00e9 \u00e9conomique.<\/p>\n<p>La valeur pour septembre a par ailleurs \u00e9t\u00e9 r\u00e9vis\u00e9e \u00e0 la hausse, \u00e0 2%, ce qui sugg\u00e8re que la crise de l&rsquo;activit\u00e9 industrielle \u00ab\u00a0a atteint son point le plus bas\u00a0\u00bb, a comment\u00e9 Jens-Oliver Niklasch, \u00e9conomiste \u00e0 la banque LBBW. Le pays p\u00e2tit d&rsquo;un affaiblissement prolong\u00e9 de son industrie, d&rsquo;une demande en berne sur ses march\u00e9s cl\u00e9s et de l&rsquo;impact des droits de douane am\u00e9ricains.<\/p>\n<p>L&rsquo;\u00e9conomie allemande traverse \u00ab\u00a0sa crise la plus profonde\u00a0\u00bb de l&rsquo;apr\u00e8s-guerre, a m\u00eame averti mardi le lobby industriel du pays (BDI), reprochant au gouvernement son inaction malgr\u00e9 une quatri\u00e8me ann\u00e9e cons\u00e9cutive de production industrielle en chute. Les d\u00e9put\u00e9s du Bundestag ont vot\u00e9 en mars un vaste plan de d\u00e9penses en mati\u00e8re de d\u00e9fense, fort de 500 milliards d&rsquo;euros sur douze ans, et un autre pour moderniser les infrastructures vieillissantes, de quoi relancer la premi\u00e8re \u00e9conomie europ\u00e9enne \u00e0 partir de l&rsquo;an prochain.<\/p>\n<p>Le comit\u00e9 des sages \u00e9conomiques allemand, qui doute de l&rsquo;efficacit\u00e9 du plan d&rsquo;investissement de Berlin, a abaiss\u00e9 en novembre sa pr\u00e9vision de croissance allemande pour 2026 \u00e0 0,9 %, moins que le gouvernement qui table sur 1,3%.<\/p>\n<p>afp\/vj<\/p>\n","protected":false},"excerpt":{"rendered":"Francfort (awp\/afp) &#8211; Les commandes industrielles allemandes ont augment\u00e9 davantage que pr\u00e9vu en octobre. Elles ont \u00e9t\u00e9 dop\u00e9es&hellip;\n","protected":false},"author":2,"featured_media":48534,"comment_status":"","ping_status":"","sticky":false,"template":"","format":"standard","meta":{"footnotes":""},"categories":[1587],"tags":[11,672,340,1804,1805,1803,1777,674,1801,12,1802],"class_list":{"0":"post-579537","1":"post","2":"type-post","3":"status-publish","4":"format-standard","5":"has-post-thumbnail","7":"category-allemagne","8":"tag-actualites","9":"tag-allemagne","10":"tag-bourse","11":"tag-bundesrepublik-deutschland","12":"tag-de","13":"tag-deutschland","14":"tag-eu","15":"tag-europe","16":"tag-germany","17":"tag-news","18":"tag-republique-federale-dallemagne"},"share_on_mastodon":{"url":"https:\/\/pubeurope.com\/@fr\/115666244368527376","error":""},"_links":{"self":[{"href":"https:\/\/www.europesays.com\/fr\/wp-json\/wp\/v2\/posts\/579537","targetHints":{"allow":["GET"]}}],"collection":[{"href":"https:\/\/www.europesays.com\/fr\/wp-json\/wp\/v2\/posts"}],"about":[{"href":"https:\/\/www.europesays.com\/fr\/wp-json\/wp\/v2\/types\/post"}],"author":[{"embeddable":true,"href":"https:\/\/www.europesays.com\/fr\/wp-json\/wp\/v2\/users\/2"}],"replies":[{"embeddable":true,"href":"https:\/\/www.europesays.com\/fr\/wp-json\/wp\/v2\/comments?post=579537"}],"version-history":[{"count":0,"href":"https:\/\/www.europesays.com\/fr\/wp-json\/wp\/v2\/posts\/579537\/revisions"}],"wp:featuredmedia":[{"embeddable":true,"href":"https:\/\/www.europesays.com\/fr\/wp-json\/wp\/v2\/media\/48534"}],"wp:attachment":[{"href":"https:\/\/www.europesays.com\/fr\/wp-json\/wp\/v2\/media?parent=579537"}],"wp:term":[{"taxonomy":"category","embeddable":true,"href":"https:\/\/www.europesays.com\/fr\/wp-json\/wp\/v2\/categories?post=579537"},{"taxonomy":"post_tag","embeddable":true,"href":"https:\/\/www.europesays.com\/fr\/wp-json\/wp\/v2\/tags?post=579537"}],"curies":[{"name":"wp","href":"https:\/\/api.w.org\/{rel}","templated":true}]}}