{"id":57954,"date":"2025-04-27T23:47:07","date_gmt":"2025-04-27T23:47:07","guid":{"rendered":"https:\/\/www.europesays.com\/fr\/57954\/"},"modified":"2025-04-27T23:47:07","modified_gmt":"2025-04-27T23:47:07","slug":"2e-edition-du-forum-de-lemploi","status":"publish","type":"post","link":"https:\/\/www.europesays.com\/fr\/57954\/","title":{"rendered":"2e \u00e9dition du Forum de l&#8217;emploi"},"content":{"rendered":"<p>Rendez-vous mercredi 7 mai 2025, d\u00e8s 9h30, au stade Geoffrey-Guichard \u00e0 Saint-\u00c9tienne.<\/p>\n<p>Face au manque d&rsquo;attractivit\u00e9 de la fonction publique et aux difficult\u00e9s de recrutement qui en d\u00e9coulent, et fort du succ\u00e8s de sa premi\u00e8re \u00e9dition qui a r\u00e9uni pr\u00e8s de 900 visiteurs, le <b>Centre de gestion de la fonction publique territoriale de la Loire<\/b> (CDG42) organise le deuxi\u00e8me <b>Forum de l&#8217;emploi public territorial et de l&rsquo;apprentissage<\/b>.<\/p>\n<p>Organis\u00e9 dans un lieu symbolique du territoire lig\u00e9rien, ce forum a pour objectif de donner de la visibilit\u00e9 \u00e0 la fonction publique territoriale en mettant en lumi\u00e8re la diversit\u00e9 des <b>m\u00e9tiers<\/b> exerc\u00e9s par les agents territoriaux, ainsi que les nombreuses offres d&#8217;emploi et d&rsquo;apprentissage propos\u00e9es, reflets de la grande diversit\u00e9 des employeurs territoriaux et de leurs missions.<\/p>\n<p><b><\/p>\n<p>Dans la Loire, la fonction publique territoriale, c&rsquo;est :<br \/>&#8211; 250 m\u00e9tiers- 400 employeurs- 2000 offres d&#8217;emploi par an- 16 000 agents<\/p>\n<p><\/b><\/p>\n<p>Les principaux employeurs du d\u00e9partement (communes, intercommunalit\u00e9s et \u00e9tablissements publics territoriaux ainsi que le d\u00e9partement de la Loire et la r\u00e9gion Auvergne-Rh\u00f4ne-Alpes) accompagn\u00e9s du CDG42, du CNFPT, de France travail et de CAP Emploi seront pr\u00e9sents pour accueillir les demandeurs d&#8217;emploi, salari\u00e9s en recherche de reconversion et \u00e9tudiants souhaitant s&rsquo;orienter professionnellement. Nouveaut\u00e9 cette ann\u00e9e, avec la pr\u00e9sence de <b>La Gazette et Emploipublic.fr<\/b> qui assureront des sessions de coaching offertes aux visiteurs.<\/p>\n<p>Les participants pourront se rendre dans l&rsquo;un ou\/et l&rsquo;autre des espaces qui leur seront propos\u00e9s :<\/p>\n<p><b>Espace emploi :<\/b><br \/>&#8211; Pr\u00e9sentation des offres d&#8217;emploi, accompagnement \u00e0 la d\u00e9couverte du site emploi-territorial.fr, rencontre des employeurs sur les stands des collectivit\u00e9s<br \/>&#8211; Stands, conf\u00e9rences et tables rondes pour d\u00e9couvrir les principaux m\u00e9tiers et les conditions d&rsquo;acc\u00e8s \u00e0 la Fonction Publique Territoriale<br \/>&#8211; Pr\u00e9sence d&rsquo;ambassadeurs de l&#8217;emploi issus de collectivit\u00e9s<\/p>\n<p><b>Espace apprentissage :<\/b><br \/>&#8211; Pr\u00e9sentation des offres d&rsquo;apprentissage et rencontres des employeurs sur les stands des collectivit\u00e9s (job dating) <br \/>&#8211; Conf\u00e9rence sur le contrat d&rsquo;apprentissage dans la fonction publique territoriale <br \/>&#8211; Accompagnement \u00e0 l&rsquo;orientation, par le CIO, vers les structures d&rsquo;enseignement ou de formation professionnelle proposant une formation par apprentissage<br \/>&#8211; Pr\u00e9sentation de la licence M\u00e9tiers des Administrations et des Collectivit\u00e9s Territoriales (MACT) de l&rsquo;Universit\u00e9 Jean Monnet de Saint-Etienne<\/p>\n<p>Des r\u00e9f\u00e9rents handicap seront pr\u00e9sents dans les deux espaces pour renseigner et accompagner les personnes en situation de handicap dans leurs recherches d&#8217;emploi et d&rsquo;apprentissage.<\/p>\n<p>Rendez-vous mercredi 7 mai 2025, d\u00e8s 9h30, <br \/>au stade Geoffrey-Guichard \u00e0 Saint-\u00c9tienne<\/p>\n<p>Infos pratiques :<br \/>&#8211; Adresse : 14 Rue Paul et Pierre Guichard, 42000 Saint-\u00c9tienne<br \/>&#8211; Horaires : 9h30 &#8211; 17h<\/p>\n<p>Plus d&rsquo;infos sur le site <a class=\"url\" href=\"https:\/\/cdg42.fr\/projet\/en-route-vers-la-deuxieme-edition-du-forum-de-lemploi-public-territorial-et-de-lapprentissage-loire-2\/\" target=\"_blank\" rel=\"nofollow noopener\">cdg42<\/a>.<\/p>\n<p>Radio SCOOP est partenaire de l&rsquo;\u00e9v\u00e8nement<\/p>\n<tr>\n<td class=\"defaut\"><a href=\"https:\/\/www.radioscoop.com\/agenda\/javascript:void(0)\" onclick=\"parent.RS.diaporama.addMedia(689004) ;\" rel=\"nofollow noopener\" target=\"_blank\"><img loading=\"lazy\" decoding=\"async\" src=\"https:\/\/www.europesays.com\/fr\/wp-content\/uploads\/2025\/04\/1745797627_797_img\" width=\"452\" height=\"640\" border=\"0\" title=\"Forum de l'emploi\"\/><\/a><\/td>\n<\/tr>\n<p><\/p>\n","protected":false},"excerpt":{"rendered":"Rendez-vous mercredi 7 mai 2025, d\u00e8s 9h30, au stade Geoffrey-Guichard \u00e0 Saint-\u00c9tienne. Face au manque d&rsquo;attractivit\u00e9 de la&hellip;\n","protected":false},"author":2,"featured_media":57955,"comment_status":"","ping_status":"","sticky":false,"template":"","format":"standard","meta":{"footnotes":""},"categories":[9653],"tags":[6818,1111,11,9581,2430,15392,341,1777,674,1274,5556,1011,27,3367,5762,15393,12,7099,25,4001,9841,11046],"class_list":{"0":"post-57954","1":"post","2":"type-post","3":"status-publish","4":"format-standard","5":"has-post-thumbnail","7":"category-saint-etienne","8":"tag-dition","9":"tag-actu","10":"tag-actualites","11":"tag-apprentissage","12":"tag-auvergne-rhone-alpes","13":"tag-centre-de-gestion-de-la-fonction-publique-territoriale","14":"tag-emploi","15":"tag-eu","16":"tag-europe","17":"tag-fonction-publique","18":"tag-forum","19":"tag-fr","20":"tag-france","21":"tag-loire","22":"tag-metiers","23":"tag-missions","24":"tag-news","25":"tag-recrutement","26":"tag-republique-francaise","27":"tag-saint-etienne","28":"tag-stade-geoffroy-guichard","29":"tag-visiteurs"},"share_on_mastodon":{"url":"https:\/\/pubeurope.com\/@fr\/114412601074391354","error":""},"_links":{"self":[{"href":"https:\/\/www.europesays.com\/fr\/wp-json\/wp\/v2\/posts\/57954","targetHints":{"allow":["GET"]}}],"collection":[{"href":"https:\/\/www.europesays.com\/fr\/wp-json\/wp\/v2\/posts"}],"about":[{"href":"https:\/\/www.europesays.com\/fr\/wp-json\/wp\/v2\/types\/post"}],"author":[{"embeddable":true,"href":"https:\/\/www.europesays.com\/fr\/wp-json\/wp\/v2\/users\/2"}],"replies":[{"embeddable":true,"href":"https:\/\/www.europesays.com\/fr\/wp-json\/wp\/v2\/comments?post=57954"}],"version-history":[{"count":0,"href":"https:\/\/www.europesays.com\/fr\/wp-json\/wp\/v2\/posts\/57954\/revisions"}],"wp:featuredmedia":[{"embeddable":true,"href":"https:\/\/www.europesays.com\/fr\/wp-json\/wp\/v2\/media\/57955"}],"wp:attachment":[{"href":"https:\/\/www.europesays.com\/fr\/wp-json\/wp\/v2\/media?parent=57954"}],"wp:term":[{"taxonomy":"category","embeddable":true,"href":"https:\/\/www.europesays.com\/fr\/wp-json\/wp\/v2\/categories?post=57954"},{"taxonomy":"post_tag","embeddable":true,"href":"https:\/\/www.europesays.com\/fr\/wp-json\/wp\/v2\/tags?post=57954"}],"curies":[{"name":"wp","href":"https:\/\/api.w.org\/{rel}","templated":true}]}}