{"id":579542,"date":"2025-12-05T09:28:14","date_gmt":"2025-12-05T09:28:14","guid":{"rendered":"https:\/\/www.europesays.com\/fr\/579542\/"},"modified":"2025-12-05T09:28:14","modified_gmt":"2025-12-05T09:28:14","slug":"le-gouvernement-sengage-a-ne-pas-augmenter-les-franchises-medicales-liberation","status":"publish","type":"post","link":"https:\/\/www.europesays.com\/fr\/579542\/","title":{"rendered":"Le gouvernement s\u2019engage \u00e0 ne pas augmenter les franchises m\u00e9dicales \u2013 Lib\u00e9ration"},"content":{"rendered":"<p class=\"sc-cPiKLX AiZTS text-element\">Quelques heures apr\u00e8s l\u2019annonce du gouvernement sur son renoncement au doublement des franchises m\u00e9dicales, la porte-parole de l\u2018ex\u00e9cutif, <a href=\"https:\/\/www.liberation.fr\/portraits\/maud-bregeon-le-coeur-du-reacteur-20221111_OXB56WGCINFYHGQKPX54MJTUWE\/\" target=\"_blank\" rel=\"noopener\" title=\"https:\/\/www.liberation.fr\/portraits\/maud-bregeon-le-coeur-du-reacteur-20221111_OXB56WGCINFYHGQKPX54MJTUWE\/\">Maud Bregeon<\/a>, a affirm\u00e9 ce vendredi 5\u00a0d\u00e9cembre au matin sur TF1 qu\u2019il ne proc\u00e9dera \u00e0 aucune augmentation de ces franchises ni dans le budget de la S\u00e9curit\u00e9 sociale, actuellement \u00e0 l\u2019\u00e9tude \u00e0 l\u2019Assembl\u00e9e nationale ni par d\u00e9cret par la suite. \u00abIl n\u2019y a pas de majorit\u00e9 pour augmenter les franchises dans ce budget donc [\u2026] il n\u2019y aura pas d\u2019augmentation des franchises m\u00e9dicales dans le budget qui est \u00e9tudi\u00e9 aujourd\u2019hui\u00bb, a-t-elle assur\u00e9.<\/p>\n<p class=\"sc-cPiKLX AiZTS text-element\">En reculant sur une des mesures les plus irritantes de ce texte, le gouvernement l\u00e2che encore du lest pour faire adopter le projet de loi de finances de la S\u00e9curit\u00e9 sociale. La ministre des Comptes publics, Am\u00e9lie de Montchalin, avait d\u00e9j\u00e0 d\u00e9clar\u00e9 dans la soir\u00e9e de jeudi devant les d\u00e9put\u00e9s que le doublement des franchises m\u00e9dicales, l\u2019une des mesures les plus inflammables discut\u00e9e dans le cadre du budget de la S\u00e9curit\u00e9 sociale, ne pouvait plus \u00ab\u00eatre inclus\u00bb dans \u00ables projections financi\u00e8res\u00bb pour l\u2019ann\u00e9e prochaine.<\/p>\n<p class=\"sc-cPiKLX AiZTS text-element\">\u00abIl y avait une proposition de doublement des franchises et des participations forfaitaires, a alors rappel\u00e9 la ministre dans l\u2019h\u00e9micycle. Le gouvernement prend acte du fait que dans la majorit\u00e9 de ce pays, manifestement, cette proposition ne fait pas consensus et que donc elle ne peut \u00eatre incluse dans nos projections financi\u00e8res.\u00bb Une d\u00e9cision que le Premier ministre, S\u00e9bastien Lecornu, a toutefois d\u00e9plor\u00e9, estimant qu\u2019il fallait revenir sur \u00able tout gratuit\u00bb.<\/p>\n<p class=\"sc-cPiKLX AiZTS text-element\">Les franchises m\u00e9dicales sont le reste \u00e0 charge pay\u00e9 par les patients, par exemple sur les bo\u00eetes de m\u00e9dicaments. Leur doublement devait rapporter 2,3\u00a0milliards d\u2019euros. R\u00e9sultat, le gouvernement a annonc\u00e9 que l\u2019objectif de d\u00e9penses d\u2019assurance maladie sera relev\u00e9 de +\u00a02\u00a0% \u00e0 +\u00a02,5\u00a0%.<\/p>\n<p class=\"sc-cPiKLX AiZTS text-element\"><b>Mise \u00e0 jour<\/b> \u00e0 8\u00a0h\u00a025 avec la d\u00e9claration de Maud Bregeon.<\/p>\n","protected":false},"excerpt":{"rendered":"Quelques heures apr\u00e8s l\u2019annonce du gouvernement sur son renoncement au doublement des franchises m\u00e9dicales, la porte-parole de l\u2018ex\u00e9cutif,&hellip;\n","protected":false},"author":2,"featured_media":579543,"comment_status":"","ping_status":"","sticky":false,"template":"","format":"standard","meta":{"footnotes":""},"categories":[2],"tags":[11,13850,25548,1011,27,418,12,25],"class_list":{"0":"post-579542","1":"post","2":"type-post","3":"status-publish","4":"format-standard","5":"has-post-thumbnail","7":"category-actualites","8":"tag-actualites","9":"tag-amelie-de-montchalin","10":"tag-budget-public","11":"tag-fr","12":"tag-france","13":"tag-gouvernement","14":"tag-news","15":"tag-republique-francaise"},"share_on_mastodon":{"url":"https:\/\/pubeurope.com\/@fr\/115666256197256779","error":""},"_links":{"self":[{"href":"https:\/\/www.europesays.com\/fr\/wp-json\/wp\/v2\/posts\/579542","targetHints":{"allow":["GET"]}}],"collection":[{"href":"https:\/\/www.europesays.com\/fr\/wp-json\/wp\/v2\/posts"}],"about":[{"href":"https:\/\/www.europesays.com\/fr\/wp-json\/wp\/v2\/types\/post"}],"author":[{"embeddable":true,"href":"https:\/\/www.europesays.com\/fr\/wp-json\/wp\/v2\/users\/2"}],"replies":[{"embeddable":true,"href":"https:\/\/www.europesays.com\/fr\/wp-json\/wp\/v2\/comments?post=579542"}],"version-history":[{"count":0,"href":"https:\/\/www.europesays.com\/fr\/wp-json\/wp\/v2\/posts\/579542\/revisions"}],"wp:featuredmedia":[{"embeddable":true,"href":"https:\/\/www.europesays.com\/fr\/wp-json\/wp\/v2\/media\/579543"}],"wp:attachment":[{"href":"https:\/\/www.europesays.com\/fr\/wp-json\/wp\/v2\/media?parent=579542"}],"wp:term":[{"taxonomy":"category","embeddable":true,"href":"https:\/\/www.europesays.com\/fr\/wp-json\/wp\/v2\/categories?post=579542"},{"taxonomy":"post_tag","embeddable":true,"href":"https:\/\/www.europesays.com\/fr\/wp-json\/wp\/v2\/tags?post=579542"}],"curies":[{"name":"wp","href":"https:\/\/api.w.org\/{rel}","templated":true}]}}