{"id":579546,"date":"2025-12-05T09:30:19","date_gmt":"2025-12-05T09:30:19","guid":{"rendered":"https:\/\/www.europesays.com\/fr\/579546\/"},"modified":"2025-12-05T09:30:19","modified_gmt":"2025-12-05T09:30:19","slug":"defense-la-france-decroche-un-contrat-de-115-milliard-deuros-avec-la-belgique","status":"publish","type":"post","link":"https:\/\/www.europesays.com\/fr\/579546\/","title":{"rendered":"D\u00e9fense : la France d\u00e9croche un contrat de 1,15 milliard d\u2019euros avec la Belgique"},"content":{"rendered":"<p>La Belgique mise sur la France pour moderniser ses forces arm\u00e9es. Bruxelles a d\u00e9cid\u00e9 de commander <a href=\"https:\/\/www.capital.fr\/entreprises-marches\/rafale-caesar-griffon-voici-les-armes-francaises-les-plus-populaires-a-travers-le-monde-1474041\" target=\"_blank\" rel=\"noopener\">92 blind\u00e9s Griffon<\/a> et <a href=\"https:\/\/www.capital.fr\/economie-politique\/on-a-teste-le-serval-le-nouveau-blinde-leger-connecte-de-larmee-francaise-1469261\" target=\"_blank\" rel=\"noopener\">123 v\u00e9hicules Serval<\/a> aupr\u00e8s de plusieurs soci\u00e9t\u00e9s tricolores, pour un montant total de 1,15 milliard d\u2019euros, rapporte ce jeudi 4 d\u00e9cembre le quotidien belge <a href=\"https:\/\/www.lecho.be\/entreprises\/defense-aeronautique\/la-belgique-va-acquerir-de-nouveaux-vehicules-blindes-francais-pour-1-15-milliard-d-euros\/10638704.html\" rel=\"nofollow noopener\" target=\"_blank\">L\u2019Echo<\/a>. Ce projet d\u2019achat a \u00e9t\u00e9 pr\u00e9sent\u00e9 mercredi aux parlementaires lors d\u2019une r\u00e9union \u00e0 huis clos de la commission achats et ventes militaires.<\/p>\n<p>Le Griffon est un v\u00e9hicule blind\u00e9 multir\u00f4les (VBMR) \u00e0 six roues, pesant 24 tonnes, destin\u00e9 au transport de troupes. Il est \u00e9quip\u00e9 d\u2019un tourelleau t\u00e9l\u00e9op\u00e9r\u00e9 capable d\u2019embarquer diff\u00e9rentes armes, telles que mitrailleuses ou lance-grenades. Pour cette acquisition, la D\u00e9fense belge s\u2019est tourn\u00e9e vers le constructeur fran\u00e7ais <a href=\"https:\/\/www.capital.fr\/entreprises-marches\/knds-decroche-un-contrat-geant-44-chars-leopard-2-pour-la-tchequie-1518275\" target=\"_blank\" rel=\"noopener\">KNDS<\/a>, alli\u00e9 \u00e0 <strong>Arquus<\/strong> et <strong>Thales<\/strong>, dans le cadre du <strong>partenariat strat\u00e9gique CaMo <\/strong>(Capacit\u00e9 Motoris\u00e9e) conclu avec la France en 2019. Avant cette nouvelle commande, 382 Griffon avaient d\u00e9j\u00e0 \u00e9t\u00e9 livr\u00e9s, auxquels s\u2019ajoutent 24 unit\u00e9s suppl\u00e9mentaires achet\u00e9es en 2023.<\/p>\n<p>Un plan d\u2019achat colossal de 6 milliards d\u2019euros<\/p>\n<p>Le Serval, plus l\u00e9ger et plus agile que le Griffon, est \u00e9galement un v\u00e9hicule multir\u00f4les. Pesant entre 15 et 17 tonnes et dot\u00e9 de quatre roues, il est con\u00e7u pour le transport de troupes, la reconnaissance, l\u2019\u00e9clairage, l\u2019appui et diverses missions n\u00e9cessitant plus de mobilit\u00e9 et moins de charge que le Griffon. Comme son a\u00een\u00e9, il sera produit par KNDS et d\u00e9clin\u00e9 en plusieurs versions, \u00abavec sans doute une plus grande sp\u00e9cialisation pour la<strong> d\u00e9fense sol-air \u00e0 tr\u00e8s courte port\u00e9e<\/strong>, la<strong> lutte antidrone<\/strong> et la<strong> guerre \u00e9lectronique<\/strong>\u00bb, indiquent nos confr\u00e8res.<\/p>\n<p>Et nos voisins ne comptent pas s\u2019arr\u00eater l\u00e0 : le gouvernement belge pr\u00e9voit en effet un plan d\u2019achat de <strong>6 milliards d\u2019euros<\/strong> pour de nouveaux v\u00e9hicules et \u00e9quipements, toujours dans le cadre du partenariat CaMo.<\/p>\n","protected":false},"excerpt":{"rendered":"La Belgique mise sur la France pour moderniser ses forces arm\u00e9es. Bruxelles a d\u00e9cid\u00e9 de commander 92 blind\u00e9s&hellip;\n","protected":false},"author":2,"featured_media":579547,"comment_status":"","ping_status":"","sticky":false,"template":"","format":"standard","meta":{"footnotes":""},"categories":[4],"tags":[11,1924,6376,828,9929,1011,27,693,12,25,544],"class_list":{"0":"post-579546","1":"post","2":"type-post","3":"status-publish","4":"format-standard","5":"has-post-thumbnail","7":"category-france","8":"tag-actualites","9":"tag-armement","10":"tag-armes","11":"tag-belgique","12":"tag-du00e9fense","13":"tag-fr","14":"tag-france","15":"tag-industrie","16":"tag-news","17":"tag-republique-francaise","18":"tag-thales"},"share_on_mastodon":{"url":"https:\/\/pubeurope.com\/@fr\/115666264056957964","error":""},"_links":{"self":[{"href":"https:\/\/www.europesays.com\/fr\/wp-json\/wp\/v2\/posts\/579546","targetHints":{"allow":["GET"]}}],"collection":[{"href":"https:\/\/www.europesays.com\/fr\/wp-json\/wp\/v2\/posts"}],"about":[{"href":"https:\/\/www.europesays.com\/fr\/wp-json\/wp\/v2\/types\/post"}],"author":[{"embeddable":true,"href":"https:\/\/www.europesays.com\/fr\/wp-json\/wp\/v2\/users\/2"}],"replies":[{"embeddable":true,"href":"https:\/\/www.europesays.com\/fr\/wp-json\/wp\/v2\/comments?post=579546"}],"version-history":[{"count":0,"href":"https:\/\/www.europesays.com\/fr\/wp-json\/wp\/v2\/posts\/579546\/revisions"}],"wp:featuredmedia":[{"embeddable":true,"href":"https:\/\/www.europesays.com\/fr\/wp-json\/wp\/v2\/media\/579547"}],"wp:attachment":[{"href":"https:\/\/www.europesays.com\/fr\/wp-json\/wp\/v2\/media?parent=579546"}],"wp:term":[{"taxonomy":"category","embeddable":true,"href":"https:\/\/www.europesays.com\/fr\/wp-json\/wp\/v2\/categories?post=579546"},{"taxonomy":"post_tag","embeddable":true,"href":"https:\/\/www.europesays.com\/fr\/wp-json\/wp\/v2\/tags?post=579546"}],"curies":[{"name":"wp","href":"https:\/\/api.w.org\/{rel}","templated":true}]}}