{"id":579550,"date":"2025-12-05T09:33:13","date_gmt":"2025-12-05T09:33:13","guid":{"rendered":"https:\/\/www.europesays.com\/fr\/579550\/"},"modified":"2025-12-05T09:33:13","modified_gmt":"2025-12-05T09:33:13","slug":"fcg-une-defense-aux-abois-un-manque-defficacite-incomprehensible-les-tops-et-les-flops-de-la-defaite-a-colomiers-le-dauphine-libere","status":"publish","type":"post","link":"https:\/\/www.europesays.com\/fr\/579550\/","title":{"rendered":"FCG : une d\u00e9fense aux abois, un manque d\u2019efficacit\u00e9 incompr\u00e9hensible&#8230; Les tops et les flops de la d\u00e9faite \u00e0 Colomiers &#8211; Le Dauphin\u00e9 Lib\u00e9r\u00e9"},"content":{"rendered":"<ol>\n<li><a href=\"https:\/\/news.google.com\/rss\/articles\/CBMi7gFBVV95cUxQYUtrX3pGaDVDZXNGNXpQa3BYM2ZiRUY5MEE3d2ltbEZVeVN1V2JkSnRveGlvYnVodG16Rkt4ejVjc25xTkE2cUFtU1BYRzI3eGZRM0daOEx1eWI1UHlubTNCdHFkYnoxc3NBbW5wVHc0QjJMeHNHTmtOaDZVaXIzZzRJaU8yNjB1aTRDSi1NX1FjVlB5ekRoN1RxLXltSkxCa2gwX09RaGJxZkNrLTlzNjdJdHFWbV9odXRoY2c3bC05OXZhcFV1aGlyU3A0aGJOdzFyMzl4TjZDYUFmNmM4ZGFDTlJVaXNoY3ZSa2x3?oc=5\" target=\"_blank\" rel=\"noopener\">FCG : une d\u00e9fense aux abois, un manque d\u2019efficacit\u00e9 incompr\u00e9hensible&#8230; Les tops et les flops de la d\u00e9faite \u00e0 Colomiers<\/a>&nbsp;&nbsp;Le Dauphin\u00e9 Lib\u00e9r\u00e9<\/li>\n<li><a href=\"https:\/\/news.google.com\/rss\/articles\/CBMivAFBVV95cUxOemk3Vy1PVndVcnN6dzV4Z0VBZjM4THp5RDl5WVpkdklMXzZWTFFya0VXbWpwbkF3cEdvYjBKZmdvNGR3VWIxcEhpclVWanpSV1VVMGVuWDJxc3E3Y1FkVTVuWHpwd0tvVUpud3lIdWlabHdlYVdNcnJvd3FJRFlqWlhfQnYxWEVqRWNTMmZielcycVdJejI1eFhMQ1AwYXJTQzZwRng2WG1BTGxDWDctakk2M3JJQ1JiNFo1ag?oc=5\" target=\"_blank\" rel=\"noopener\">Colomiers fait c\u00e9der Grenoble en seconde p\u00e9riode et se relance en Pro D2<\/a>&nbsp;&nbsp;L&rsquo;\u00c9quipe<\/li>\n<li><a href=\"https:\/\/news.google.com\/rss\/articles\/CBMixAFBVV95cUxQZ1pzQjAxNW96dV9fS25iVU5uOGtRMWw5VjNLUlE0dFFreFNPUkxScVVSTEdQSktuQUNnUXBJZGE0OEI4b2RrUjdwRXNHSTQwZzExb2JmNzVnQ0hLUjQzMFBoVU5rSFRvel9yVE5xSUdYUlNzRUlCMGlRWXkyaW5oTHFmaUFsVEJkWlFpemRJV3U1M0t1c0Qtd3plZVNtSVBTcnlEVnZrVFZZeVRWa2s1VVg0R25hdG9DcW9mV0dCYUU0SU150gHDAUFVX3lxTFA3Y0VhUmtHMEhqLVA0SS1DMUpuNk5qN20yQnNfQXJFcjh4Q0hGZ2RZQmc3aGl1bUNUSk1PVVg0bEFIa1NXZzJZQjRBNUo3SU14VkVRei1XVHh1QWJKQzFfWnpxcWhhWDFNdm8zdlVaam41UzVJMzE0MGduZkFJVm9aVDlaNGVEdUZGQldpY3l2eF9RTXdZdGk5TU5VWVBrVFV4Yk5tNjBpUi05N3pZcFVaTmJXYTJZa0xtTUY5U3d3aU5hNA?oc=5\" target=\"_blank\" rel=\"noopener\">Pro D2 (J13) : Colomiers \u00e9crase Grenoble et retrouve la 2e place : Sports &#8211; Orange<\/a>&nbsp;&nbsp;Sports &#8211; Orange<\/li>\n<li><a href=\"https:\/\/news.google.com\/rss\/articles\/CBMi0wFBVV95cUxPU0FUZjRFM3Z0RDRnd1I3a3ZUaW9fUzBaWFJNNnlyRHFlLUJyY1VtRHV4cjkzZVNDaE01bmFKR2UtbVNmajhXWkFTcjNGUk12TE9rVXBsMTMwak1EbWZpb1Q1eGJjeklRUXZwVmd3ZnVuSkJhNmVLWHdUa3RBR05ma0pzV295VUpxTVhCZUZUVTE2WHVZMkhfdXA2N2IyTllSR0RlMUFkbFpiUFN4ZXJBYm9vdzVfbVR3MXRqWHMwdXA1YzB5amRKazJzZElqY2JqNlYw?oc=5\" target=\"_blank\" rel=\"noopener\">\u00ab\u00a0Le bateau prend l\u2019eau\u00a0\u00bb, \u00ab\u00a0On est tr\u00e8s malades\u00a0\u00bb : \u00e0 Grenoble, un naufrage qui pose question<\/a>&nbsp;&nbsp;Rugbyrama<\/li>\n<li><a href=\"https:\/\/news.google.com\/rss\/articles\/CBMiqAFBVV95cUxPTUxCZGNSNEVsRVhRTnByZG1zdlZkc2xvdFplNEFiQkhJQjdwV2Fqa2l0QVRvMXVQOUJzRTBSRHM3SlFwdVcyUERfcC11WTRtX1ZBRVo2Y1B0bnRySnYyaUJ5Tk5VYnpXcmUtVUNuaVphamZOUDkweUdjbzgxMW40Vms0ZHV4UkhVNXBpX05jVl9fMG55NktuNjJEMzRzeWZFUmFNVVk3bnE?oc=5\" target=\"_blank\" rel=\"noopener\">\u00ab Honn\u00eatement, je ne comprends pas ce qu\u2019il s\u2019est pass\u00e9 \u00bb : sans d\u00e9fense et sans efficacit\u00e9, le FCG prend l\u2019eau \u00e0 Colomiers<\/a>&nbsp;&nbsp;Le Dauphin\u00e9 Lib\u00e9r\u00e9<\/li>\n<\/ol>\n","protected":false},"excerpt":{"rendered":"FCG : une d\u00e9fense aux abois, un manque d\u2019efficacit\u00e9 incompr\u00e9hensible&#8230; Les tops et les flops de la d\u00e9faite&hellip;\n","protected":false},"author":2,"featured_media":579551,"comment_status":"","ping_status":"","sticky":false,"template":"","format":"standard","meta":{"footnotes":""},"categories":[1416],"tags":[112,113,114,2727,1701,1011,27,2731,2732,108,2308,479,1468,517,1947,60],"class_list":{"0":"post-579550","1":"post","2":"type-post","3":"status-publish","4":"format-standard","5":"has-post-thumbnail","7":"category-rugby","8":"tag-edition-grenoble-agglomeration","9":"tag-edition-gresivaudan-oisans","10":"tag-edition-voiron-saint-marcellin","11":"tag-fcg-fc-grenoble-rugby","12":"tag-fil-info-sport","13":"tag-fr","14":"tag-france","15":"tag-grenoble","16":"tag-grenoble-bassin","17":"tag-isere","18":"tag-pro-d2","19":"tag-rugby","20":"tag-rugby-football","21":"tag-sport","22":"tag-sport-national","23":"tag-sports"},"share_on_mastodon":{"url":"https:\/\/pubeurope.com\/@fr\/115666275835864856","error":""},"_links":{"self":[{"href":"https:\/\/www.europesays.com\/fr\/wp-json\/wp\/v2\/posts\/579550","targetHints":{"allow":["GET"]}}],"collection":[{"href":"https:\/\/www.europesays.com\/fr\/wp-json\/wp\/v2\/posts"}],"about":[{"href":"https:\/\/www.europesays.com\/fr\/wp-json\/wp\/v2\/types\/post"}],"author":[{"embeddable":true,"href":"https:\/\/www.europesays.com\/fr\/wp-json\/wp\/v2\/users\/2"}],"replies":[{"embeddable":true,"href":"https:\/\/www.europesays.com\/fr\/wp-json\/wp\/v2\/comments?post=579550"}],"version-history":[{"count":0,"href":"https:\/\/www.europesays.com\/fr\/wp-json\/wp\/v2\/posts\/579550\/revisions"}],"wp:featuredmedia":[{"embeddable":true,"href":"https:\/\/www.europesays.com\/fr\/wp-json\/wp\/v2\/media\/579551"}],"wp:attachment":[{"href":"https:\/\/www.europesays.com\/fr\/wp-json\/wp\/v2\/media?parent=579550"}],"wp:term":[{"taxonomy":"category","embeddable":true,"href":"https:\/\/www.europesays.com\/fr\/wp-json\/wp\/v2\/categories?post=579550"},{"taxonomy":"post_tag","embeddable":true,"href":"https:\/\/www.europesays.com\/fr\/wp-json\/wp\/v2\/tags?post=579550"}],"curies":[{"name":"wp","href":"https:\/\/api.w.org\/{rel}","templated":true}]}}