{"id":579556,"date":"2025-12-05T09:39:13","date_gmt":"2025-12-05T09:39:13","guid":{"rendered":"https:\/\/www.europesays.com\/fr\/579556\/"},"modified":"2025-12-05T09:39:13","modified_gmt":"2025-12-05T09:39:13","slug":"le-bayern-munich-et-lallemagne-sont-ecoeures-par-la-sanction-de-luis-diaz","status":"publish","type":"post","link":"https:\/\/www.europesays.com\/fr\/579556\/","title":{"rendered":"Le Bayern Munich et l\u2019Allemagne sont \u00e9c\u0153ur\u00e9s par la sanction de Luis Diaz"},"content":{"rendered":"<p>Il y a un mois jour pour jour, le 4 novembre, le Paris Saint-Germain a accueilli le <a href=\"https:\/\/www.footmercato.net\/club\/bayern-munich\/\" target=\"_blank\" rel=\"noopener\">Bayern Munich<\/a> pour le compte de la 4\u00e8me journ\u00e9e de la phase de championnat de la <a href=\"https:\/\/www.footmercato.net\/europe\/ligue-des-champions-uefa\/\" target=\"_blank\" rel=\"noopener\">Ligue des Champions<\/a>. Une affiche de gala entre le tenant du titre et une formation allemande qui \u00e9tait jusqu\u2019alors invaincue. Le Rekordmeister a d\u2019ailleurs pu compter sur les talents de sa recrue Luis Diaz, un joueur que Luis Enrique et Luis Campos ont toujours souhait\u00e9 faire signer \u00e0 Paris. Mais le Colombien, qui a quitt\u00e9 Liverpool pour la Bavi\u00e8re, a pris un autre chemin. Dans la capitale fran\u00e7aise, on a vu le meilleur de Luis Diaz, auteur d\u2019un doubl\u00e9 express, mais aussi le pire, avec son vilain tacle par derri\u00e8re sur Achraf Hakimi. <\/p>\n<p>            La suite apr\u00e8s cette publicit\u00e9<\/p>\n<p>Rest\u00e9 au sol, le Marocain a quitt\u00e9 le terrain en larmes aid\u00e9 par des membres du staff. Rapidement, le PSG comme le Maroc ont craint le pire pour le lat\u00e9ral droit. Ce dernier souffre d\u2019une grosse entorse qui pourrait bien compromettre sa participation \u00e0 la prochaine Coupe d\u2019Afrique des Nations. Du c\u00f4t\u00e9 du Bayern Munich, les r\u00e9actions ont \u00e9t\u00e9 plut\u00f4t surprenantes apr\u00e8s la victoire 2 \u00e0 1 et l\u2019expulsion de Luis Diaz qui a bless\u00e9 Hakimi. Josip Stanicic a l\u00e2ch\u00e9 : \u00abil sait lui-m\u00eame qu\u2019il doit se montrer plus malin dans ce genre de situation. S\u2019est-il excus\u00e9 aupr\u00e8s de l\u2019\u00e9quipe ? Non, il ne l\u2019a pas fait. Nous l\u2019avons remerci\u00e9 (rires). Je plaisante ! Il \u00e9tait heureux. Comme nous tous.\u00bb<\/p>\n<p>        Un tacle assassin sur Achraf Hakimi<\/p>\n<p>Manuel Neuer a \u00e9galement minimis\u00e9 l\u2019agression de son co\u00e9quipier. \u00abOn m\u2019a dit que ce n\u2019\u00e9tait pas une faute particuli\u00e8rement dure, pas une faute passible d\u2019expulsion. Je ne sais pas si elle \u00e9tait excessivement s\u00e9v\u00e8re, il faut voir \u00e7a.\u00bb Et que dire de la r\u00e9action du directeur sportif, Max Eberl. \u00abLuis Diaz a \u00e9t\u00e9 le premier \u00e0 entrer dans le vestiaire et a tap\u00e9 dans la main de chaque joueur. Cela illustre parfaitement l\u2019esprit d\u2019\u00e9quipe. Il sait qu\u2019il est reconnaissant envers l\u2019\u00e9quipe, mais r\u00e9ciproquement, l\u2019\u00e9quipe lui est \u00e9galement reconnaissante d\u2019avoir marqu\u00e9 deux buts.\u00bb Critiqu\u00e9 par la presse et par les supporters du PSG sur les r\u00e9seaux sociaux, le Colombien est finalement sorti du silence un peu plus tard. <\/p>\n<p>            La suite apr\u00e8s cette publicit\u00e9<\/p>\n<p>\u00abC\u2019\u00e9tait une nuit pleine d\u2019\u00e9motions. Le football nous rappelle toujours qu\u2019en 90 minutes, tout peut arriver le meilleur et le pire. J\u2019\u00e9tais triste de ne pas finir le match avec mes co\u00e9quipiers, mais fier de leur incroyable effort. Je souhaite \u00e0 Hakimi un retour rapide sur les terrains.\u00bb Mais cette histoire n\u2019en est pas rest\u00e9e l\u00e0. Le 21 novembre, Bild a annonc\u00e9 que l\u2019UEFA a sanctionn\u00e9 Luis Diaz de 3 matches de suspension pour son geste. Dans la foul\u00e9e, les pensionnaires de l\u2019Allianz Arena ont demand\u00e9 \u00e0 l\u2019instance dirigeante du football europ\u00e9en de justifier sa d\u00e9cision en vue de faire appel. En effet, les Bavarois s\u2019attendaient \u00e0 une sanction moins s\u00e9v\u00e8re comme l\u2019a avou\u00e9 Vincent Kompany face \u00e0 la presse. <\/p>\n<p>        Le Bayern Munich s\u2019attendait \u00e0 une sanction cl\u00e9mente<\/p>\n<p>\u00abNous avons tous suivi la situation et pensions qu\u2019il ne s\u2019agirait que d\u2019une suspension d\u2019un match. Mais d\u2019autres avis \u00e9taient partag\u00e9s.\u00bb Comme l\u2019entra\u00eeneur, les dirigeants sont furieux apr\u00e8s cette d\u00e9cision qu\u2019ils jugent injuste. Le PDG Jan-Christian Dreesen a l\u00e2ch\u00e9 \u00e0 ce sujet : \u00ab\u00e7a nous a autant surpris que tout le monde. Nous ne nous y attendions absolument pas. (\u2026) C\u2019\u00e9tait clairement une faute grave, mais ce n\u2019\u00e9tait ni un acte de violence, ni dirig\u00e9 contre l\u2019arbitre, et il n\u2019y a pas eu d\u2019autre infraction apr\u00e8s la faute. De tels comportements ont d\u00e9j\u00e0 entra\u00een\u00e9 une suspension de trois matches. (\u2026) Nous verrons si nous parvenons \u00e0 obtenir une r\u00e9duction de la sanction. Soyons r\u00e9alistes, on n\u2019obtient gain de cause que dans de rares cas.\u00bb<\/p>\n<p>            La suite apr\u00e8s cette publicit\u00e9<\/p>\n<p>Le directeur sportif, Max Eberl, a demand\u00e9 plus de cl\u00e9mence. \u00abJe ne suis pas assez na\u00eff pour croire qu\u2019il ne s\u2019agira que d\u2019un seul match. Si nous en avions un de moins, ce serait d\u00e9j\u00e0 fantastique. C\u2019\u00e9tait une faute. Deux matches pour une seule faute constituent d\u00e9j\u00e0 une sanction correcte et appropri\u00e9e \u00e0 mon avis.\u00bb Mais la strat\u00e9gie de communication des Bavarois ne semble pas payer pour le moment. Ce jeudi, Sport1 fait de nouvelles r\u00e9v\u00e9lations sur ce sujet. Ainsi, la publication allemande affirme que le Bayern Munich n\u2019a aucune nouvelle de l\u2019UEFA concernant son appel, pour lequel le club a d\u2019ailleurs d\u00fb attendre le rapport \u00e9crit de l\u2019instance avant de pouvoir formuler sa demande d\u2019appel. <\/p>\n<p>        Les Allemands enragent contre l\u2019UEFA<\/p>\n<p>Ce qui a fait prendre du retard. L\u2019\u00e9curie munichoise commence \u00e0 perdre s\u00e9rieusement patience. D\u2019autant que le club, qui a d\u00e9j\u00e0 d\u00fb se passer de son ailier lors de la d\u00e9faite 3 \u00e0 1 face \u00e0 Arsenal, va affronter le Sporting CP mardi \u00e0 18h45 puis l\u2019Union Saint-Gilloise le 21 janvier. Le Bayern Munich, qui estime que l\u2019UEFA a d\u00e9j\u00e0 mis trop de temps \u00e0 prendre sa premi\u00e8re d\u00e9cision (pr\u00e8s de 3 semaines pour annoncer la suspension, ndlr), aimerait \u00eatre fix\u00e9 rapidement. Les patrons du club sont perplexes et l\u2019impatience grandit selon Sport1. On \u00e9voque m\u00eame une certaine col\u00e8re et un agacement. Journaliste pour Fussball Transfers, Lukas H\u00f6rster est du m\u00eame avis comme il nous l\u2019a avou\u00e9.<\/p>\n<p>            La suite apr\u00e8s cette publicit\u00e9<\/p>\n<p>\u00abPersonnellement, je trouve \u00e7a excessif. M\u00eame si je comprends les raisons du carton rouge, mon avis est qu\u2019un carton jaune (sans intervention de la VAR) aurait suffi. Diaz a voulu tacler le ballon et Hakimi a tr\u00e9buch\u00e9, ce qui a provoqu\u00e9 un terrible accident. Mais il a \u00e9videmment pris trop de risques avec ce tacle. Le rouge est donc justifi\u00e9. Mais trois matches de suspension, c\u2019est beaucoup trop.\u00bb Le son de cloche est certainement diff\u00e9rent \u00e0 Paris, o\u00f9 on doit se passer du Ballon d\u2019Or africain 2025 durant des semaines. Vincent Kompany, lui, ne pourra pas compter sur Luis Diaz en C1. Il faut dire qu\u2019avec le Colombien, le Bayern Munich offre un visage encore plus s\u00e9duisant. Le footballeur achet\u00e9 75 M\u20ac cet \u00e9t\u00e9 a d\u00e9j\u00e0 marqu\u00e9 12 buts et d\u00e9livr\u00e9 6 assists en 20 apparitions toutes comp\u00e9titions confondues. <\/p>\n<p>\n    Pub. le 04\/12\/2025 15:14<br \/>\n            &#8211; MAJ le 05\/12\/2025 10:16\n    <\/p>\n","protected":false},"excerpt":{"rendered":"Il y a un mois jour pour jour, le 4 novembre, le Paris Saint-Germain a accueilli le Bayern&hellip;\n","protected":false},"author":2,"featured_media":579557,"comment_status":"","ping_status":"","sticky":false,"template":"","format":"standard","meta":{"footnotes":""},"categories":[1410],"tags":[63,1011,27,60],"class_list":{"0":"post-579556","1":"post","2":"type-post","3":"status-publish","4":"format-standard","5":"has-post-thumbnail","7":"category-football","8":"tag-football","9":"tag-fr","10":"tag-france","11":"tag-sports"},"share_on_mastodon":{"url":"https:\/\/pubeurope.com\/@fr\/115666299448517173","error":""},"_links":{"self":[{"href":"https:\/\/www.europesays.com\/fr\/wp-json\/wp\/v2\/posts\/579556","targetHints":{"allow":["GET"]}}],"collection":[{"href":"https:\/\/www.europesays.com\/fr\/wp-json\/wp\/v2\/posts"}],"about":[{"href":"https:\/\/www.europesays.com\/fr\/wp-json\/wp\/v2\/types\/post"}],"author":[{"embeddable":true,"href":"https:\/\/www.europesays.com\/fr\/wp-json\/wp\/v2\/users\/2"}],"replies":[{"embeddable":true,"href":"https:\/\/www.europesays.com\/fr\/wp-json\/wp\/v2\/comments?post=579556"}],"version-history":[{"count":0,"href":"https:\/\/www.europesays.com\/fr\/wp-json\/wp\/v2\/posts\/579556\/revisions"}],"wp:featuredmedia":[{"embeddable":true,"href":"https:\/\/www.europesays.com\/fr\/wp-json\/wp\/v2\/media\/579557"}],"wp:attachment":[{"href":"https:\/\/www.europesays.com\/fr\/wp-json\/wp\/v2\/media?parent=579556"}],"wp:term":[{"taxonomy":"category","embeddable":true,"href":"https:\/\/www.europesays.com\/fr\/wp-json\/wp\/v2\/categories?post=579556"},{"taxonomy":"post_tag","embeddable":true,"href":"https:\/\/www.europesays.com\/fr\/wp-json\/wp\/v2\/tags?post=579556"}],"curies":[{"name":"wp","href":"https:\/\/api.w.org\/{rel}","templated":true}]}}