{"id":579558,"date":"2025-12-05T09:40:17","date_gmt":"2025-12-05T09:40:17","guid":{"rendered":"https:\/\/www.europesays.com\/fr\/579558\/"},"modified":"2025-12-05T09:40:17","modified_gmt":"2025-12-05T09:40:17","slug":"laeticia-jade-et-joy-hallyday-publient-de-vibrants-hommages-a-johnny-8-ans-apres-sa-mort","status":"publish","type":"post","link":"https:\/\/www.europesays.com\/fr\/579558\/","title":{"rendered":"Laeticia, Jade et Joy Hallyday publient de vibrants hommages \u00e0 Johnny, 8 ans apr\u00e8s sa mort"},"content":{"rendered":"<p>Elles ne pouvaient et ne pourront plus jamais ignorer cette date. Ce vendredi 5 d\u00e9cembre 2025 marque <strong>les huit ans de la disparition<\/strong> d\u2019une ic\u00f4ne fran\u00e7aise : <a href=\"https:\/\/www.public.fr\/tag\/johnny-hallyday\" target=\"_blank\" rel=\"noopener\">Johnny Hallyday<\/a>. Le Taulier s\u2019\u00e9teignait le 5 d\u00e9cembre 2017 \u00e0 l\u2019\u00e2ge de 73 ans dans sa maison de Marnes-la-Coquette. Depuis, sa veuve <a href=\"https:\/\/www.public.fr\/tag\/laeticia-hallyday\" target=\"_blank\" rel=\"noopener\">Laeticia Hallyday<\/a>, ses filles <a href=\"https:\/\/www.letribunaldunet.fr\/people\/joy-hallyday-decollete-xxl-miami.html?utm_source=public&amp;utm_medium=referral\" target=\"_blank\" rel=\"noopener\">Jade et Joy<\/a>, ainsi que ses autres enfants Laura Smet et <a href=\"https:\/\/www.public.fr\/tag\/david-hallyday\" target=\"_blank\" rel=\"noopener\">David Hallyday<\/a> et tous ses proches, pleurent sa disparition.\u00a0<\/p>\n<p>Malgr\u00e9 la mort <a href=\"https:\/\/www.public.fr\/johnny-hallyday-8-ans-avant-de-construire-la-villa-jade-il-avait-vendu-sa-propriete-aux-noms-de-david-et-laura\" target=\"_blank\" rel=\"noopener\">du Taulier<\/a>, son h\u00e9ritage perdure. Et, ce, notamment gr\u00e2ce \u00e0 sa famille. Laeticia Hallyday consacre par exemple de nombreuses expositions \u00e0 son d\u00e9funt mari et s\u2019appr\u00eate m\u00eame \u00e0 d\u00e9voiler un biopic avec Rapha\u00ebl Quenard dans la peau du Rocker.<\/p>\n<p>Un nouveau titre posthume pour le Taulier<\/p>\n<p>Outre des films et des expositions, Johnny Hallyday continue \u00e9galement d\u2019exister par le biais de chansons posthumes. Il y a par exemple eu\u00a0<strong>J&rsquo;en parlerai au diable<\/strong>\u00a0et\u00a0<strong>Pardonne-moi<\/strong>\u00a0en 2018,\u00a0<strong>Deux sortes d&rsquo;hommes<\/strong>\u00a0(in\u00e9dit studio de 2014) en 2020 ou encore\u00a0<strong>Il faut rouler<\/strong>\u00a0l&rsquo;an dernier. Mais ce jeudi 4 d\u00e9cembre 2025, <a href=\"https:\/\/www.public.fr\/jt-de-tf1-une-chanson-inedite-de-johnny-hallyday-avec-michel-berger-devoilee\" target=\"_blank\" rel=\"noopener\">un autre titre a vu le jour dans le journal de 13h<\/a> de TF1 de Marie-Sophie Lacarrau.<\/p>\n<p>C\u2019est finalement \u00e0 la fin de son journal que la journaliste a d\u00e9voil\u00e9 le titre attendu : <strong>C\u2019est l\u2019amour que j\u2019attendais<\/strong>, un morceau enregistr\u00e9 en 1985 dans lequel Johnny Hallyday et Michel Berger sont r\u00e9unis. D\u2019ores et d\u00e9j\u00e0 disponible sur les plateformes ce titre voit le jour au m\u00eame moment que la <strong>r\u00e9\u00e9dition remast\u00e9ris\u00e9e et augment\u00e9e de l&rsquo;album culte Rock\u2019n\u2019Roll Attitude<\/strong>. Album qui f\u00eate ses 40 ans et qui a relanc\u00e9 la carri\u00e8re de Johnny Hallyday.<\/p>\n<p>Le vibrant hommage de Laeticia et Joy \u00e0 Johnny Hallyday<\/p>\n<p>La preuve que ce vendredi 5 d\u00e9cembre 2025 marque une date importante pour tous les fans et proches du Taulier. C\u2019est pourquoi, sans surprise, sa famille a souhait\u00e9 lui <strong>rendre hommage en ce jour symbolique<\/strong>. Sur leurs r\u00e9seaux sociaux respectifs, Laetica Hallyday et ses filles ont par exemple fait d\u2019\u00e9mouvantes publications pour saluer la m\u00e9moire du mari et p\u00e8re qu\u2019\u00e9tait l\u2019artiste.\u00a0<\/p>\n<p>\u00ab\u00a0<strong>8 ans d\u00e9j\u00e0\u2026 et pourtant, tu es partout<\/strong>. J\u2019ai retrouv\u00e9 cette vid\u00e9o de toi\u2026Toi dans ta folie douce, ton humour, ta libert\u00e9, ton \u00e9clat de rire si contagieux. Ce moment c\u2019est tout ce que tu \u00e9tais, vivant, vibrant, dr\u00f4le, impr\u00e9visible, bouleversant. Huit ans que tu es parti. Et pas un jour sans que ton absence ne vienne se glisser dans nos vies\u00a0\u00bb, \u00e9crit par exemple Laeticia Hallyday en l\u00e9gende d\u2019une vid\u00e9o dans laquelle Johnny Hallyday s\u2019ambiance sur le titre <strong>Empire State of Mind<\/strong> de Jay-Z et Alicia Keys.<\/p>\n<p>\u00ab\u00a0Mais ce manque, on l\u2019apaise un pas apr\u00e8s l\u2019autre en gardant vivante ta lumi\u00e8re, en partageant ton image, ta voix, ton \u00e9nergie unique. <strong>Cette vid\u00e9o c\u2019est pour toi.<\/strong> Pour te dire qu\u2019on continue de t\u2019aimer follement. Pour que le monde entier n\u2019oublie jamais la magie que tu \u00e9tais. Et pour qu\u2019\u00e0 travers nos souvenirs, tu sois encore l\u00e0, plus vivant que jamais. On t\u2019aime pour toujours. Tu nous manques pour l\u2019\u00e9ternit\u00e9\u00a0\u00bb, ajoute-t-elle.<\/p>\n<p>De son c\u00f4t\u00e9, Joy a publi\u00e9 un attendrissant carrousel dans lequel elle appara\u00eet aux c\u00f4t\u00e9s de son papa alors qu\u2019elle n\u2019\u00e9tait encore qu\u2019un b\u00e9b\u00e9. <strong>\u00ab\u00a08 ans. Mon papa, mon h\u00e9ros, mon idole, ma force, mon tout. Je t\u2019aime pour la vie\u00a0\u00bb,<\/strong> \u00e9crit la s\u0153ur de Jade, toujours aussi d\u00e9vast\u00e9e par la disparition de son p\u00e8re.\u00a0<\/p>\n<p>\n          Hits &amp; People en continu\n        <\/p>\n<p>\n          Public Radio\n        <\/p>\n<p>      Mentionn\u00e9s dans cet article<\/p>\n<p>      Sur le m\u00eame sujet<\/p>\n","protected":false},"excerpt":{"rendered":"Elles ne pouvaient et ne pourront plus jamais ignorer cette date. Ce vendredi 5 d\u00e9cembre 2025 marque les&hellip;\n","protected":false},"author":2,"featured_media":579559,"comment_status":"","ping_status":"","sticky":false,"template":"","format":"standard","meta":{"footnotes":""},"categories":[1359],"tags":[58,59,1011,27,4879,8750,1304,3033,7648,973],"class_list":{"0":"post-579558","1":"post","2":"type-post","3":"status-publish","4":"format-standard","5":"has-post-thumbnail","7":"category-people","8":"tag-divertissement","9":"tag-entertainment","10":"tag-fr","11":"tag-france","12":"tag-hommage","13":"tag-jade-hallyday","14":"tag-johnny-hallyday","15":"tag-joy-hallyday","16":"tag-laeticia-hallyday","17":"tag-people"},"share_on_mastodon":{"url":"https:\/\/pubeurope.com\/@fr\/115666303278490635","error":""},"_links":{"self":[{"href":"https:\/\/www.europesays.com\/fr\/wp-json\/wp\/v2\/posts\/579558","targetHints":{"allow":["GET"]}}],"collection":[{"href":"https:\/\/www.europesays.com\/fr\/wp-json\/wp\/v2\/posts"}],"about":[{"href":"https:\/\/www.europesays.com\/fr\/wp-json\/wp\/v2\/types\/post"}],"author":[{"embeddable":true,"href":"https:\/\/www.europesays.com\/fr\/wp-json\/wp\/v2\/users\/2"}],"replies":[{"embeddable":true,"href":"https:\/\/www.europesays.com\/fr\/wp-json\/wp\/v2\/comments?post=579558"}],"version-history":[{"count":0,"href":"https:\/\/www.europesays.com\/fr\/wp-json\/wp\/v2\/posts\/579558\/revisions"}],"wp:featuredmedia":[{"embeddable":true,"href":"https:\/\/www.europesays.com\/fr\/wp-json\/wp\/v2\/media\/579559"}],"wp:attachment":[{"href":"https:\/\/www.europesays.com\/fr\/wp-json\/wp\/v2\/media?parent=579558"}],"wp:term":[{"taxonomy":"category","embeddable":true,"href":"https:\/\/www.europesays.com\/fr\/wp-json\/wp\/v2\/categories?post=579558"},{"taxonomy":"post_tag","embeddable":true,"href":"https:\/\/www.europesays.com\/fr\/wp-json\/wp\/v2\/tags?post=579558"}],"curies":[{"name":"wp","href":"https:\/\/api.w.org\/{rel}","templated":true}]}}