{"id":579560,"date":"2025-12-05T09:41:13","date_gmt":"2025-12-05T09:41:13","guid":{"rendered":"https:\/\/www.europesays.com\/fr\/579560\/"},"modified":"2025-12-05T09:41:13","modified_gmt":"2025-12-05T09:41:13","slug":"moulis-une-nouvelle-sculpture-a-lentree-du-village","status":"publish","type":"post","link":"https:\/\/www.europesays.com\/fr\/579560\/","title":{"rendered":"Moulis. Une nouvelle sculpture \u00e0 l\u2019entr\u00e9e du village"},"content":{"rendered":"<p>Moulis a d\u00e9sormais une sculpture qui accueillera les visiteurs \u00e0 l\u2019entr\u00e9e du village. Elle a \u00e9t\u00e9 plac\u00e9e au centre du rond-point de la marbri\u00e8re. Il s\u2019agit d\u2019une \u0153uvre en Grand Antique d\u2019Aubert, ce marbre noir vein\u00e9 de blanc qui semble contenir la nuit et l\u2019\u00e9clair. L\u2019installation vient d\u2019\u00eatre finalis\u00e9e par les services techniques de la mairie.<\/p>\n<p>L\u2019\u0153uvre a une histoire : Le sculpteur Jean-Jacques Abdallah l\u2019a r\u00e9alis\u00e9e lors des Journ\u00e9es du marbre 2025, devant le public, transformant un bloc brut en paysage min\u00e9ral. \u00c0 mesure que la poussi\u00e8re retombait, les formes des sommets pyr\u00e9n\u00e9ens se r\u00e9v\u00e9laient : ar\u00eates, lignes, reliefs. Une miniature monumentale qui fait \u00e9cho aux trois pics qui surplombent le village.<\/p>\n<p>Cette installation est aussi un geste collectif. Elle est offerte et financ\u00e9e par l\u2019association Patrimoine Moulisien<b>,<\/b> avec la participation complice de l\u2019entreprise Marbre Ari\u00e8ge Pyr\u00e9n\u00e9es<b> <\/b>et de la municipalit\u00e9. On ne parle pas ici d\u2019un simple embellissement urbain, mais d\u2019un symbole : un signal d\u2019entr\u00e9e dans la vall\u00e9e, un salut de pierre aux visiteurs, et un rappel discret aux habitants que le marbre fait partie de l\u2019identit\u00e9 locale.<\/p>\n","protected":false},"excerpt":{"rendered":"Moulis a d\u00e9sormais une sculpture qui accueillera les visiteurs \u00e0 l\u2019entr\u00e9e du village. Elle a \u00e9t\u00e9 plac\u00e9e au&hellip;\n","protected":false},"author":2,"featured_media":579561,"comment_status":"","ping_status":"","sticky":false,"template":"","format":"standard","meta":{"footnotes":""},"categories":[1358],"tags":[2720,1348,1384,1385,872,1386,58,59,1011,27,69359,2551],"class_list":{"0":"post-579560","1":"post","2":"type-post","3":"status-publish","4":"format-standard","5":"has-post-thumbnail","7":"category-arts-et-design","8":"tag-ariege","9":"tag-arts","10":"tag-arts-and-design","11":"tag-arts-et-design","12":"tag-culture-et-loisirs","13":"tag-design","14":"tag-divertissement","15":"tag-entertainment","16":"tag-fr","17":"tag-france","18":"tag-moulis","19":"tag-patrimoine"},"share_on_mastodon":{"url":"https:\/\/pubeurope.com\/@fr\/115666307187044882","error":""},"_links":{"self":[{"href":"https:\/\/www.europesays.com\/fr\/wp-json\/wp\/v2\/posts\/579560","targetHints":{"allow":["GET"]}}],"collection":[{"href":"https:\/\/www.europesays.com\/fr\/wp-json\/wp\/v2\/posts"}],"about":[{"href":"https:\/\/www.europesays.com\/fr\/wp-json\/wp\/v2\/types\/post"}],"author":[{"embeddable":true,"href":"https:\/\/www.europesays.com\/fr\/wp-json\/wp\/v2\/users\/2"}],"replies":[{"embeddable":true,"href":"https:\/\/www.europesays.com\/fr\/wp-json\/wp\/v2\/comments?post=579560"}],"version-history":[{"count":0,"href":"https:\/\/www.europesays.com\/fr\/wp-json\/wp\/v2\/posts\/579560\/revisions"}],"wp:featuredmedia":[{"embeddable":true,"href":"https:\/\/www.europesays.com\/fr\/wp-json\/wp\/v2\/media\/579561"}],"wp:attachment":[{"href":"https:\/\/www.europesays.com\/fr\/wp-json\/wp\/v2\/media?parent=579560"}],"wp:term":[{"taxonomy":"category","embeddable":true,"href":"https:\/\/www.europesays.com\/fr\/wp-json\/wp\/v2\/categories?post=579560"},{"taxonomy":"post_tag","embeddable":true,"href":"https:\/\/www.europesays.com\/fr\/wp-json\/wp\/v2\/tags?post=579560"}],"curies":[{"name":"wp","href":"https:\/\/api.w.org\/{rel}","templated":true}]}}