{"id":579562,"date":"2025-12-05T09:43:12","date_gmt":"2025-12-05T09:43:12","guid":{"rendered":"https:\/\/www.europesays.com\/fr\/579562\/"},"modified":"2025-12-05T09:43:12","modified_gmt":"2025-12-05T09:43:12","slug":"the-last-frontier-fin-de-lepisode-10-expliquee-melty","status":"publish","type":"post","link":"https:\/\/www.europesays.com\/fr\/579562\/","title":{"rendered":"The Last Frontier : fin de l&#039;\u00e9pisode 10 expliqu\u00e9e &#8211; Melty"},"content":{"rendered":"<ol>\n<li><a href=\"https:\/\/news.google.com\/rss\/articles\/CBMikAFBVV95cUxOREdGUmhFRHdHNkN2M2NUenVONWRld2RVR3I2cEQ1cFcxWXpoazZJbzZvVUdGeUozY1piR19xNzVHeGJXMFQ1QTBMY01xN21RZU5WR1NzdDExRVI3RmhrdmxBd1c2VDVKZVUwbnZiV01TQnp0bC1aOUh6RExfWmtKZmlJck44ZXZvM2xVUmplTXI?oc=5\" target=\"_blank\" rel=\"noopener\">The Last Frontier : fin de l&rsquo;\u00e9pisode 10 expliqu\u00e9e<\/a>&nbsp;&nbsp;Melty<\/li>\n<li><a href=\"https:\/\/news.google.com\/rss\/articles\/CBMimAFBVV95cUxNYkxESWRZY2xmUTZZOHl4Uk5Nb285QzlCZ0NkRE5aQXBxcjNVVVVMbTdaRG5xNml0UkF4SXdmTm1pR3QzaFRZMVBleHFMTm44dmZndUE1cXEtdEhrWXdXLURwUmx6TTlEcGRzUUdSaFZlZ1B0RUtZenNnX3kwRkRpRkU1Ylc5Q3NzOTA3WDhJZzhJV1ZDa3VBbw?oc=5\" target=\"_blank\" rel=\"noopener\">The Last Frontier : date et heure de sortie \u00e9pisode 11<\/a>&nbsp;&nbsp;Melty<\/li>\n<li><a href=\"https:\/\/news.google.com\/rss\/articles\/CBMi0AFBVV95cUxOZ0VFdkc1cEpNNVliYjI5bENGQmZzZ1JWcmJuTXFvVW1QRmt0RlFBemJheXdVWER2MmcteW5lVU9UMktoRktsOVhPb05HZ1JYanRidW9IVjQtTmQ4aGRnakdVZVB4MmNTVzlkdTRWTnU1SkI4REdfZ01xMWwwTjZPWEpsb0JkOXBPOTFUcUQ5b1JQd24yZ1QtamRJOHp1MmhhclZJX3dFbmE0aHJ4YXBHSTZFVEpNWndBcnhyQUhaOWhFcmNZeUFEdzAyajFGNWVu?oc=5\" target=\"_blank\" rel=\"noopener\">The Last Frontier sur Apple TV+ : quand seront diffus\u00e9s les prochains \u00e9pisodes de la s\u00e9rie avec Jason Clarke ?<\/a>&nbsp;&nbsp;serie-news.com<\/li>\n<li><a href=\"https:\/\/news.google.com\/rss\/articles\/CBMinAFBVV95cUxPdy1oNnpYd3U4OHNNR3FObWtZcnZBVFpVZmxEU1IyWVR3QmxnbjlMVDlqVkdTNXlpMWtlVFhVMzJ0dzFmdlQ1NkJzUFB4eGJwMlhyazlDV2YzX3NjSTRSbU5kajBhbGRwWFFETTV2MUthQXhiNjhMUy1jTFFiajR6ME5BTUEyUDFObzZoWXlmbmFHU1g2QU9jeElkcFA?oc=5\" target=\"_blank\" rel=\"noopener\">The Last Frontier, \u00e9pisode 10 : date de sortie du final de saison<\/a>&nbsp;&nbsp;INFINITY AREA<\/li>\n<li><a href=\"https:\/\/news.google.com\/rss\/articles\/CBMiW0FVX3lxTFB2TlZhODFORlh2Y3JDMmxZd1ItMXdGQ0g1cTRUWVFTT2dEeGVZSUZ4UjVRUzRtelBycWU2YUxDdXJrdW9ySXpiSzJkVzhiTjREdmQ0WXZ0Rlo4bTQ?oc=5\" target=\"_blank\" rel=\"noopener\">The Last Frontier \u00c9pisode 10 : Quelle date et heure de sortie ?<\/a>&nbsp;&nbsp;Ayther<\/li>\n<\/ol>\n","protected":false},"excerpt":{"rendered":"The Last Frontier : fin de l&rsquo;\u00e9pisode 10 expliqu\u00e9e&nbsp;&nbsp;Melty The Last Frontier : date et heure de sortie&hellip;\n","protected":false},"author":2,"featured_media":579563,"comment_status":"","ping_status":"","sticky":false,"template":"","format":"standard","meta":{"footnotes":""},"categories":[1356],"tags":[519,58,59,1011,27,252,1364],"class_list":{"0":"post-579562","1":"post","2":"type-post","3":"status-publish","4":"format-standard","5":"has-post-thumbnail","7":"category-television","8":"tag-apple-tv","9":"tag-divertissement","10":"tag-entertainment","11":"tag-fr","12":"tag-france","13":"tag-television","14":"tag-tv"},"share_on_mastodon":{"url":"https:\/\/pubeurope.com\/@fr\/115666315215126074","error":""},"_links":{"self":[{"href":"https:\/\/www.europesays.com\/fr\/wp-json\/wp\/v2\/posts\/579562","targetHints":{"allow":["GET"]}}],"collection":[{"href":"https:\/\/www.europesays.com\/fr\/wp-json\/wp\/v2\/posts"}],"about":[{"href":"https:\/\/www.europesays.com\/fr\/wp-json\/wp\/v2\/types\/post"}],"author":[{"embeddable":true,"href":"https:\/\/www.europesays.com\/fr\/wp-json\/wp\/v2\/users\/2"}],"replies":[{"embeddable":true,"href":"https:\/\/www.europesays.com\/fr\/wp-json\/wp\/v2\/comments?post=579562"}],"version-history":[{"count":0,"href":"https:\/\/www.europesays.com\/fr\/wp-json\/wp\/v2\/posts\/579562\/revisions"}],"wp:featuredmedia":[{"embeddable":true,"href":"https:\/\/www.europesays.com\/fr\/wp-json\/wp\/v2\/media\/579563"}],"wp:attachment":[{"href":"https:\/\/www.europesays.com\/fr\/wp-json\/wp\/v2\/media?parent=579562"}],"wp:term":[{"taxonomy":"category","embeddable":true,"href":"https:\/\/www.europesays.com\/fr\/wp-json\/wp\/v2\/categories?post=579562"},{"taxonomy":"post_tag","embeddable":true,"href":"https:\/\/www.europesays.com\/fr\/wp-json\/wp\/v2\/tags?post=579562"}],"curies":[{"name":"wp","href":"https:\/\/api.w.org\/{rel}","templated":true}]}}