{"id":579568,"date":"2025-12-05T09:48:17","date_gmt":"2025-12-05T09:48:17","guid":{"rendered":"https:\/\/www.europesays.com\/fr\/579568\/"},"modified":"2025-12-05T09:48:17","modified_gmt":"2025-12-05T09:48:17","slug":"des-chercheurs-francais-ont-mis-au-point-un-vaccin-prometteur-contre-le-choc-anaphylactique","status":"publish","type":"post","link":"https:\/\/www.europesays.com\/fr\/579568\/","title":{"rendered":"des chercheurs fran\u00e7ais ont mis au point un vaccin prometteur contre le choc anaphylactique"},"content":{"rendered":"<p>    Une partie de ces personnes pourrait un jour \u00eatre confront\u00e9e \u00e0 un choc anaphylactique, une r\u00e9action allergique paroxystique dont l\u2019issue peut \u00eatre fatale.<br \/>\n                Adobe Stock<\/p>\n<p>\n    <strong>D\u00c9CRYPTAGE &#8211; <\/strong>Les scientifiques de l\u2019Inserm et de l\u2019Institut Pasteur ont d\u00e9velopp\u00e9 et test\u00e9 sur des souris un vaccin qui pourrait prot\u00e9ger les personnes les plus \u00e0 risque.<\/p>\n<p class=\"fig-paragraph\">Le nombre de personnes pr\u00e9sentant une ou plusieurs\u00a0<a href=\"https:\/\/www.lefigaro.fr\/tag\/allergies\" target=\"_blank\" rel=\"sponsored noopener\" data-gtm-custom-categorie=\"navigation\" data-gtm-custom-action=\"crossclick\" data-gtm-custom-label=\"Contextuel\" data-gtm-event=\"customEventSPE\">allergies<\/a>\u00a0n\u2019a cess\u00e9 de cro\u00eetre au cours des derni\u00e8res d\u00e9cennies. Aujourd\u2019hui, un tiers de la population des pays industrialis\u00e9s serait concern\u00e9e. Une partie de ces personnes pourrait un jour \u00eatre confront\u00e9e \u00e0 un choc anaphylactique, une r\u00e9action allergique paroxystique dont l\u2019issue peut \u00eatre fatale. L\u2019id\u00e9e de prot\u00e9ger ces personnes gr\u00e2ce \u00e0 un vaccin a \u00e9t\u00e9 \u00e9voqu\u00e9e d\u00e8s les ann\u00e9es 1990. Les \u00e9cueils techniques se sont cependant r\u00e9v\u00e9l\u00e9s nombreux.<\/p>\n<p class=\"fig-paragraph\">Une \u00e9quipe fran\u00e7aise, associant des chercheurs de l\u2019Institut Pasteur de Paris, de l\u2019Institut toulousain des maladies infectieuses et inflammatoires (Infinity) et de la soci\u00e9t\u00e9 Neovacs, vient de publier\u00a0<a href=\"https:\/\/www.science.org\/doi\/10.1126\/scitranslmed.ads0982\" target=\"_blank\" rel=\"sponsored noopener\" data-gtm-custom-categorie=\"navigation\" data-gtm-custom-action=\"crossclick\" data-gtm-custom-label=\"Contextuel\" data-gtm-event=\"customEventSPE\">dans la revue Sciences translational medicine<\/a> \u00a0les r\u00e9sultats de sept ann\u00e9es de recherches sur un candidat vaccin. Le produit qu\u2019ils ont d\u00e9velopp\u00e9 puis test\u00e9 sur un mod\u00e8le de souris \u00ab humanis\u00e9es\u00a0\u00bb a d\u00e9montr\u00e9 sa capacit\u00e9 \u00e0 prot\u00e9ger les animaux contre les chocs anaphylactiques, et ce durant au moins\u2026<\/p>\n<p class=\"fig-premium-paywall__infos\">\n        Cet article est r\u00e9serv\u00e9 aux abonn\u00e9s.        Il vous reste 81% \u00e0 d\u00e9couvrir.\n    <\/p>\n<p>                <img  data- alt=\"Le Figaro\" class=\"fig-img--complete fig-img\"\/><\/p>\n<p class=\"fig-premium-paywall__title\">Vous avez envie de lire la suite ?<\/p>\n<p class=\"fig-premium-paywall__subtitle\">D\u00e9bloquez tous les articles imm\u00e9diatement.<\/p>\n<p class=\"fig-premium-paywall__connect\">\n                D\u00e9j\u00e0 abonn\u00e9\u00a0?                <a class=\"fig-premium-paywall__connect-link\" href=\"https:\/\/connect.lefigaro.fr\/login?client=sante_web&amp;type=main&amp;redirect_uri=https%3A%2F%2Fsante.lefigaro.fr%2Fmedecine%2Fallergies-des-chercheurs-francais-ont-mis-au-point-un-vaccin-prometteur-contre-le-choc-anaphylactique-20251205\" data-js-gtm=\"{&quot;customCategorie&quot;: &quot;conversion&quot;, &quot;customAction&quot;: &quot;before_Landing_Connexion_paywall_auto&quot;, &quot;customLabel&quot;: &quot;c2FudGUubGVmaWdhcm8uZnJfXzFmMGQwZmE2LWE5NGItNmNiOC04NjUzLTVmZDQxNTYyOWJlMF9fQXJ0aWNsZQ==_Allergies\u00a0: des chercheurs fran\u00e7ais ont mis au point un vaccin prometteur contre le choc anaphylactique_504&quot;, &quot;customIDSPE&quot;: &quot;c2FudGUubGVmaWdhcm8uZnJfXzFmMGQwZmE2LWE5NGItNmNiOC04NjUzLTVmZDQxNTYyOWJlMF9fQXJ0aWNsZQ==&quot;, &quot;event&quot;: &quot;customEventSPE&quot;}\" target=\"_blank\" rel=\"noopener\"><br \/>\n                    Connectez-vous<br \/>\n                <\/a>\n            <\/p>\n","protected":false},"excerpt":{"rendered":"Une partie de ces personnes pourrait un jour \u00eatre confront\u00e9e \u00e0 un choc anaphylactique, une r\u00e9action allergique paroxystique&hellip;\n","protected":false},"author":2,"featured_media":579569,"comment_status":"","ping_status":"","sticky":false,"template":"","format":"standard","meta":{"footnotes":""},"categories":[10],"tags":[25059,1011,27,72,71,773],"class_list":{"0":"post-579568","1":"post","2":"type-post","3":"status-publish","4":"format-standard","5":"has-post-thumbnail","7":"category-sante","8":"tag-allergie","9":"tag-fr","10":"tag-france","11":"tag-health","12":"tag-sante","13":"tag-vaccin"},"share_on_mastodon":{"url":"https:\/\/pubeurope.com\/@fr\/115666334908274103","error":""},"_links":{"self":[{"href":"https:\/\/www.europesays.com\/fr\/wp-json\/wp\/v2\/posts\/579568","targetHints":{"allow":["GET"]}}],"collection":[{"href":"https:\/\/www.europesays.com\/fr\/wp-json\/wp\/v2\/posts"}],"about":[{"href":"https:\/\/www.europesays.com\/fr\/wp-json\/wp\/v2\/types\/post"}],"author":[{"embeddable":true,"href":"https:\/\/www.europesays.com\/fr\/wp-json\/wp\/v2\/users\/2"}],"replies":[{"embeddable":true,"href":"https:\/\/www.europesays.com\/fr\/wp-json\/wp\/v2\/comments?post=579568"}],"version-history":[{"count":0,"href":"https:\/\/www.europesays.com\/fr\/wp-json\/wp\/v2\/posts\/579568\/revisions"}],"wp:featuredmedia":[{"embeddable":true,"href":"https:\/\/www.europesays.com\/fr\/wp-json\/wp\/v2\/media\/579569"}],"wp:attachment":[{"href":"https:\/\/www.europesays.com\/fr\/wp-json\/wp\/v2\/media?parent=579568"}],"wp:term":[{"taxonomy":"category","embeddable":true,"href":"https:\/\/www.europesays.com\/fr\/wp-json\/wp\/v2\/categories?post=579568"},{"taxonomy":"post_tag","embeddable":true,"href":"https:\/\/www.europesays.com\/fr\/wp-json\/wp\/v2\/tags?post=579568"}],"curies":[{"name":"wp","href":"https:\/\/api.w.org\/{rel}","templated":true}]}}