{"id":579572,"date":"2025-12-05T09:50:13","date_gmt":"2025-12-05T09:50:13","guid":{"rendered":"https:\/\/www.europesays.com\/fr\/579572\/"},"modified":"2025-12-05T09:50:13","modified_gmt":"2025-12-05T09:50:13","slug":"chez-nous-ca-ne-se-fait-pas","status":"publish","type":"post","link":"https:\/\/www.europesays.com\/fr\/579572\/","title":{"rendered":"\u00ab Chez nous, \u00e7a ne se fait pas \u00bb"},"content":{"rendered":"<p>Ce vendredi 28 novembre, <a href=\"https:\/\/www.grazia.fr\/mode\/looks-de-stars\/aya-nakamura-enflamme-le-plateau-de-quotidien-avec-un-decollete-sensuel-et-tres-original-1204600.html\" target=\"_blank\" rel=\"noopener\">Aya Nakamura<\/a>, <strong>l\u2019artiste<br \/>\nla plus \u00e9cout\u00e9e au monde<\/strong> \u00e9tait l\u2019invit\u00e9e de <a href=\"https:\/\/www.youtube.com\/@QuotidienTMC\" target=\"_blank\" rel=\"nofollow noopener\">Quotidien<\/a>. \u00c0 l\u2019occasion de la<br \/>\nsortie de son cinqui\u00e8me album, <strong>Destin\u00e9e<\/strong>,<br \/>\nla chanteuse de 30 ans a livr\u00e9 une interview aussi puissante<br \/>\nqu\u2019intime, revenant longuement sur son r\u00f4le de maman. Un moment o\u00f9<br \/>\nelle s\u2019est permis d\u2019aborder les pr\u00e9jug\u00e9s et les regards pesants<br \/>\nautour de sa vie familiale.<\/p>\n<p>Aya Nakamura, m\u00e8re de deux enfants<\/p>\n<p>Alors qu\u2019elle s\u2019appr\u00eate \u00e0 devenir la <strong>premi\u00e8re artiste<br \/>\nf\u00e9minine fran\u00e7aise<\/strong> \u00e0 remplir trois soirs d\u00a0\u00bbaffil\u00e9e le<br \/>\nStade de France \u2014 les 29, 30 et 31 mai \u2014 un exploit que seule<br \/>\nMyl\u00e8ne Farmer avait r\u00e9alis\u00e9 jusqu\u2019ici, Aya Nakamura continue de<br \/>\nfaire des <a href=\"https:\/\/www.grazia.fr\/people\/jetais-mariee-a-20-ans-les-confidences-daya-nakamura-sur-son-premier-mariage-secret-1200502.html\" target=\"_blank\" rel=\"noopener\">apparitions remarquables<\/a>. Sur le<br \/>\nplateau de Quotidien, elle est revenue avec franchise sur<br \/>\nles <strong>tabous<\/strong> li\u00e9s au fait d\u2019avoir <strong>deux<br \/>\nfilles de deux p\u00e8res diff\u00e9rents<\/strong>.<\/p>\n<p>La star est en effet maman d\u2019<strong>A\u00efcha<\/strong>, n\u00e9e en 2016<br \/>\nde son premier mariage, et d\u2019<strong>Ava<\/strong>, n\u00e9e en 2022 de<br \/>\nsa relation avec le producteur Vladimir Boudnikoff. Un sch\u00e9ma<br \/>\nfamilial qui, selon elle, a longtemps \u00e9t\u00e9 difficile \u00e0 assumer. En<br \/>\nr\u00e9f\u00e9rence \u00e0 sa culture malienne, elle explique : <strong>\u00ab\u00a0Chez<br \/>\nnous, \u00e7a ne se fait pas, c\u2019est tr\u00e8s grave\u00a0\u00bb<\/strong>,<br \/>\n\u00a0<strong>\u00ab\u00a0je culpabilisais un petit<br \/>\npeu\u00a0\u00bb<\/strong>.<\/p>\n<p>\u00ab\u00a0Aujourd\u2019hui, je n\u2019ai pas le m\u00eame<br \/>\n\u0153il sur \u00e7a, je suis plus lib\u00e9r\u00e9e\u00a0\u00bb<\/p>\n<p>Avec une carri\u00e8re qui ne cesse de prendre de l\u2019ampleur et une<br \/>\n<strong>visibilit\u00e9 mondiale<\/strong> qui attire autant l\u2019admiration<br \/>\nque les critiques, Aya Nakamura a appris \u00e0 prendre du recul. La<br \/>\nchanteuse semble aujourd\u2019hui apais\u00e9e et r\u00e9concili\u00e9e avec son<br \/>\nhistoire personnelle. <strong>\u00ab\u00a0Aujourd\u2019hui, je n\u2019ai pas le m\u00eame<br \/>\n\u0153il sur \u00e7a, je suis plus lib\u00e9r\u00e9e.\u00a0\u00bb<\/strong><\/p>\n<p>Des paroles fortes qui montrent sa prise de conscience. Elle<br \/>\nassume ses choix, son parcours, et cette <strong>libert\u00e9<\/strong><br \/>\nnouvelle semble lui offrir un souffle suppl\u00e9mentaire, presque un<br \/>\nsecond d\u00e9part. On sent une femme qui se recentre sur l\u2019essentiel :<br \/>\nses filles, son \u00e9quilibre, sa <strong>v\u00e9rit\u00e9<\/strong>.<\/p>\n","protected":false},"excerpt":{"rendered":"Ce vendredi 28 novembre, Aya Nakamura, l\u2019artiste la plus \u00e9cout\u00e9e au monde \u00e9tait l\u2019invit\u00e9e de Quotidien. \u00c0 l\u2019occasion&hellip;\n","protected":false},"author":2,"featured_media":579573,"comment_status":"","ping_status":"","sticky":false,"template":"","format":"standard","meta":{"footnotes":""},"categories":[8],"tags":[52304,1433,3530,1805,4070,24781,58,1719,59,21,1011,27,5875,52305,16285,3946,5261,40577,16283],"class_list":{"0":"post-579572","1":"post","2":"type-post","3":"status-publish","4":"format-standard","5":"has-post-thumbnail","7":"category-divertissement","8":"tag-aya","9":"tag-ca","10":"tag-chez","11":"tag-de","12":"tag-deux","13":"tag-differents","14":"tag-divertissement","15":"tag-enfants","16":"tag-entertainment","17":"tag-fait","18":"tag-fr","19":"tag-france","20":"tag-mere","21":"tag-nakamura","22":"tag-ne","23":"tag-nous","24":"tag-pas","25":"tag-peres","26":"tag-se"},"share_on_mastodon":{"url":"https:\/\/pubeurope.com\/@fr\/115666343014546088","error":""},"_links":{"self":[{"href":"https:\/\/www.europesays.com\/fr\/wp-json\/wp\/v2\/posts\/579572","targetHints":{"allow":["GET"]}}],"collection":[{"href":"https:\/\/www.europesays.com\/fr\/wp-json\/wp\/v2\/posts"}],"about":[{"href":"https:\/\/www.europesays.com\/fr\/wp-json\/wp\/v2\/types\/post"}],"author":[{"embeddable":true,"href":"https:\/\/www.europesays.com\/fr\/wp-json\/wp\/v2\/users\/2"}],"replies":[{"embeddable":true,"href":"https:\/\/www.europesays.com\/fr\/wp-json\/wp\/v2\/comments?post=579572"}],"version-history":[{"count":0,"href":"https:\/\/www.europesays.com\/fr\/wp-json\/wp\/v2\/posts\/579572\/revisions"}],"wp:featuredmedia":[{"embeddable":true,"href":"https:\/\/www.europesays.com\/fr\/wp-json\/wp\/v2\/media\/579573"}],"wp:attachment":[{"href":"https:\/\/www.europesays.com\/fr\/wp-json\/wp\/v2\/media?parent=579572"}],"wp:term":[{"taxonomy":"category","embeddable":true,"href":"https:\/\/www.europesays.com\/fr\/wp-json\/wp\/v2\/categories?post=579572"},{"taxonomy":"post_tag","embeddable":true,"href":"https:\/\/www.europesays.com\/fr\/wp-json\/wp\/v2\/tags?post=579572"}],"curies":[{"name":"wp","href":"https:\/\/api.w.org\/{rel}","templated":true}]}}