{"id":579578,"date":"2025-12-05T09:53:18","date_gmt":"2025-12-05T09:53:18","guid":{"rendered":"https:\/\/www.europesays.com\/fr\/579578\/"},"modified":"2025-12-05T09:53:18","modified_gmt":"2025-12-05T09:53:18","slug":"sous-marins-nucleaires-le-pentagone-confirme-le-pacte-aukus-avec-laustralie-conclu-au-detriment-de-la-france-05-12-2025-a-0909","status":"publish","type":"post","link":"https:\/\/www.europesays.com\/fr\/579578\/","title":{"rendered":"Sous-marins nucl\u00e9aires : le Pentagone confirme le pacte Aukus avec l&rsquo;Australie, conclu au d\u00e9triment de la France &#8211; 05\/12\/2025 \u00e0 09:09"},"content":{"rendered":"<p> Cet accord avait \u00e9t\u00e9 mis en doute par le pr\u00e9sident Trump courant juin. Il a finalement \u00e9t\u00e9 consid\u00e9r\u00e9 compatible avec la doctrine \u00ab\u00a0America First\u00a0\u00bb de l&rsquo;administration en place.<\/p>\n<p>        <img decoding=\"async\" src=\"https:\/\/www.europesays.com\/fr\/wp-content\/uploads\/2025\/12\/7bc730da7b252f9af338fe1efc74cb75-760x507.jpg\" alt=\"Un sous-marin am\u00e9ricain de classe Virginia, \u00e0 Rockingham (Australie), en f\u00e9vrier 2025 ( POOL \/ COLIN MURTY )\" loading=\"eager\" fetchpriority=\"high\" width=\"760\" height=\"507\" style=\"max-width: 100%!important; height: auto;\"\/><\/p>\n<p class=\"c-image-news__legend\">Un sous-marin am\u00e9ricain de classe Virginia, \u00e0 Rockingham (Australie), en f\u00e9vrier 2025 ( POOL \/ COLIN MURTY )<\/p>\n<p>\n Par la voix du Pentagone, les Etats-Unis r\u00e9affirm\u00e9 jeudi 4 d\u00e9cembre l&rsquo;engagement de Washington dans le pacte militaire Aukus conclu avec Londres et Canberra au d\u00e9triment de la France, qui pr\u00e9voit notamment la vente \u00e0 l&rsquo;Australie de trois sous-marins d&rsquo;attaque \u00e0 propulsion nucl\u00e9aire.\n<\/p>\n<p>\n Ce pacte avait \u00e9t\u00e9 sign\u00e9 par Washington en 2021, sous l&rsquo;administration de Joe Biden, avec le Royaume-Uni et l&rsquo;Australie afin de chercher \u00e0 juguler l&rsquo;influence de la Chine dans le Pacifique. L&rsquo;administration du pr\u00e9sident Donald Trump a toutefois demand\u00e9 en juin un r\u00e9examen de l&rsquo;accord, d\u00e9clenchant des inqui\u00e9tudes c\u00f4t\u00e9 australien.\n<\/p>\n<p>\n Au terme de cinq mois d&rsquo;examen, le Pentagone a conclu que le pacte \u00e9tait \u00ab\u00a0en accord avec la politique &lsquo;Am\u00e9rique d&rsquo;abord&rsquo; du pr\u00e9sident Trump\u00a0\u00bb, a d\u00e9clar\u00e9 jeudi le porte-parole du Pentagone Sean Parnell dans un communiqu\u00e9.  \u00ab\u00a0Conform\u00e9ment aux directives du pr\u00e9sident Trump selon lesquelles Aukus doit progresser +\u00e0 plein r\u00e9gime+, le passage en revue a identifi\u00e9 des opportunit\u00e9s pour placer Aukus sur les bases les plus solides possibles\u00a0\u00bb, a-t-il ajout\u00e9, sans donner plus de pr\u00e9cisions.\n<\/p>\n<p>\n Selon Joe Courtney, \u00e9lu du Connecticut particuli\u00e8rement impliqu\u00e9 dans ce dossier, l&rsquo;examen a permis de v\u00e9rifier que \u00ab\u00a0ce plan s&rsquo;accorde avec la d\u00e9fense des int\u00e9r\u00eats de notre pays en termes de s\u00e9curit\u00e9 nationale\u00a0\u00bb. \u00ab\u00a0Il est important de noter que l&rsquo;accord Aukus de 2021 a surv\u00e9cu \u00e0 trois changements de gouvernement dans les trois pays et reste toujours solide\u00a0\u00bb, a-t-il soulign\u00e9 dans un communiqu\u00e9.\n<\/p>\n<p>\n Le projet pr\u00e9sente toutefois de grand d\u00e9fis techniques.<br \/>\n <strong><br \/>\n  Le ministre am\u00e9ricain de la D\u00e9fense Pete Hegseth a reconnu un \u00ab\u00a0foss\u00e9\u00a0\u00bb entre les capacit\u00e9s de production actuelles et celles requises pour mener \u00e0 bien et \u00e0 temps la construction, aux Etats-Unis, des sous-marins.<br \/>\n <\/strong><br \/>\n \u00ab\u00a0La vente de trois sous-marins de classe Virginia \u00e0 partir de 2032\u00a0\u00bb n&rsquo;est toutefois pas remise en question, estime Joe Courtney, pour qui le Congr\u00e8s va soutenir les chantiers navals am\u00e9ricains charg\u00e9s de la construction.\n<\/p>\n<p> Crise Paris\/Canberra, coup dur pour Naval Group<\/p>\n<p>\n C\u00f4t\u00e9 australien, le ministre de l&rsquo;Industrie de la d\u00e9fense, Pat Conroy, s&rsquo;est d\u00e9clar\u00e9 vendredi satisfait des conclusions am\u00e9ricaines. L&rsquo;Australie suivra \u00ab\u00a0ses conclusions et ses recommandations pour am\u00e9liorer encore davantage Aukus\u00a0\u00bb, a-t-il assur\u00e9, relevant qu&rsquo;il appartenait \u00e0 Washington de d\u00e9cider de publier ou pas le document.\n<\/p>\n<p>\n L&rsquo;annonce de ce pacte en 2021 avait \u00e9t\u00e9 v\u00e9cue \u00e0 Paris comme un coup de poignard dans le dos car il avait vu Canberra annuler brutalement un m\u00e9gacontrat avec la France pour des sous-marins conventionnels. Celui-ci portait sur la construction de 12 sous-marins conventionnels fran\u00e7ais qui auraient \u00e9t\u00e9 construits en Australie. Aukus pr\u00e9voit, en plus de la livraison des sous-marins nucl\u00e9aires d&rsquo;attaque de classe Virginia, la fourniture \u00e0 partir de 2040 d&rsquo;une flotte de sous-marins furtifs \u00e9galement \u00e0 propulsion nucl\u00e9aire, pour un co\u00fbt total d&rsquo;environ 235 milliards de dollars sur 30 ans. Le contrat annul\u00e9 aux d\u00e9pens du fran\u00e7ais Naval Group aurait co\u00fbt\u00e9 quatre fois moins cher.<\/p>\n","protected":false},"excerpt":{"rendered":"Cet accord avait \u00e9t\u00e9 mis en doute par le pr\u00e9sident Trump courant juin. Il a finalement \u00e9t\u00e9 consid\u00e9r\u00e9&hellip;\n","protected":false},"author":2,"featured_media":579579,"comment_status":"","ping_status":"","sticky":false,"template":"","format":"standard","meta":{"footnotes":""},"categories":[5],"tags":[400,11,398,408,405,1011,27,403,14,402,399,404,12,401,406,407,28],"class_list":{"0":"post-579578","1":"post","2":"type-post","3":"status-publish","4":"format-standard","5":"has-post-thumbnail","7":"category-international","8":"tag-action-cac-40","9":"tag-actualites","10":"tag-bourse-de-paris","11":"tag-boursorama","12":"tag-cotations","13":"tag-fr","14":"tag-france","15":"tag-indices-devises","16":"tag-international","17":"tag-investir","18":"tag-investissement","19":"tag-marche-boursier","20":"tag-news","21":"tag-sicav","22":"tag-trackers","23":"tag-warrants","24":"tag-world"},"share_on_mastodon":{"url":"https:\/\/pubeurope.com\/@fr\/115666355228413581","error":""},"_links":{"self":[{"href":"https:\/\/www.europesays.com\/fr\/wp-json\/wp\/v2\/posts\/579578","targetHints":{"allow":["GET"]}}],"collection":[{"href":"https:\/\/www.europesays.com\/fr\/wp-json\/wp\/v2\/posts"}],"about":[{"href":"https:\/\/www.europesays.com\/fr\/wp-json\/wp\/v2\/types\/post"}],"author":[{"embeddable":true,"href":"https:\/\/www.europesays.com\/fr\/wp-json\/wp\/v2\/users\/2"}],"replies":[{"embeddable":true,"href":"https:\/\/www.europesays.com\/fr\/wp-json\/wp\/v2\/comments?post=579578"}],"version-history":[{"count":0,"href":"https:\/\/www.europesays.com\/fr\/wp-json\/wp\/v2\/posts\/579578\/revisions"}],"wp:featuredmedia":[{"embeddable":true,"href":"https:\/\/www.europesays.com\/fr\/wp-json\/wp\/v2\/media\/579579"}],"wp:attachment":[{"href":"https:\/\/www.europesays.com\/fr\/wp-json\/wp\/v2\/media?parent=579578"}],"wp:term":[{"taxonomy":"category","embeddable":true,"href":"https:\/\/www.europesays.com\/fr\/wp-json\/wp\/v2\/categories?post=579578"},{"taxonomy":"post_tag","embeddable":true,"href":"https:\/\/www.europesays.com\/fr\/wp-json\/wp\/v2\/tags?post=579578"}],"curies":[{"name":"wp","href":"https:\/\/api.w.org\/{rel}","templated":true}]}}