{"id":579599,"date":"2025-12-05T10:04:12","date_gmt":"2025-12-05T10:04:12","guid":{"rendered":"https:\/\/www.europesays.com\/fr\/579599\/"},"modified":"2025-12-05T10:04:12","modified_gmt":"2025-12-05T10:04:12","slug":"marche-feminin-parade-de-noel-expos-que-faire-a-rouen-ce-weekend","status":"publish","type":"post","link":"https:\/\/www.europesays.com\/fr\/579599\/","title":{"rendered":"March\u00e9 f\u00e9minin, parade de No\u00ebl, expos&#8230; Que faire \u00e0 Rouen ce weekend\u00a0?"},"content":{"rendered":"<p>                    Par<br \/>\n        <strong><br \/>\n            <a href=\"https:\/\/actu.fr\/auteur\/fmass\" title=\"Consulter tous les articles de Fabien Massin\" target=\"_blank\" rel=\"noopener\">Fabien Massin<\/a><br \/>\n                    <\/strong><\/p>\n<p>        Publi\u00e9 le<\/p>\n<p>            5 d\u00e9c. 2025 \u00e0 10h02        <\/p>\n<p>Vous \u00eates \u00e0 <a href=\"https:\/\/actu.fr\/normandie\/rouen_76540\" target=\"_blank\" rel=\"noopener\">Rouen (Seine-Maritime)<\/a> en ce premier weekend de d\u00e9cembre 2025 ? Pas de probl\u00e8me, comme chaque semaine on vous a s\u00e9lectionn\u00e9 une petite s\u00e9rie d\u2019id\u00e9es pour s\u2019occuper samedi 6 et dimanche 7 d\u00e9cembre 2025.\u00a0<\/p>\n<p>D\u00e9nicher des cadeaux artisanaux<\/p>\n<p class=\" wall-content\">Les 6 et 7 d\u00e9cembre, la Halle aux Toiles de Rouen accueillera la 15e \u00e9dition du<a href=\"https:\/\/actu.fr\/normandie\/rouen_76540\/a-rouen-un-marche-100-feminin-et-solidaire-pour-valoriser-ces-femmes-qui-vivent-de-leur-artisanat_63485985.html\" target=\"_blank\" rel=\"noopener\"> Salon Talents de Femmes,<\/a> un march\u00e9 artisanal pas comme les autres. Organis\u00e9 par l\u2019association Soroptimist, il est l\u2019occasion de d\u00e9nicher des id\u00e9es cadeaux pour No\u00ebl, aupr\u00e8s d\u2019une quarantaine d\u2019artisanes Normandes tout en finan\u00e7ant des projets \u00e9ducatifs, sportifs et culturels. Le Salon r\u00e9unira\u00a043 artisanes de Rouen et sa r\u00e9gion,\u00a0<strong>toutes cr\u00e9atrices\u00a0et non revendeuses.\u00a0<\/strong><\/p>\n<p>Parade de No\u00ebl\u00a0<\/p>\n<p class=\" wall-content\">Il y a comme un parfum de vin chaud et de raclette dans l\u2019air\u2009! Eh oui, depuis le 21 novembre le march\u00e9 de No\u00ebl de Rouen a ouvert ses portes, comme \u00e0 son habitude sur la place de la Cath\u00e9drale. Mais surtout, au programme ce dimanche, la traditionnelle parade ! 10 chars, 120 danseurs et le P\u00e8re No\u00ebl d\u00e9fileront dans les rues, depuis la place des Emmur\u00e9es jusqu\u2019\u00e0 l\u2019h\u00f4tel de ville.<\/p>\n<p>Admirer des dessins d\u2019inspiration, \u00e9poques et styles divers<\/p>\n<p class=\" wall-content\">Un <a href=\"https:\/\/museedelaceramique.fr\/\/fr\/expositions\/le-dessin-a-l-oeuvre\" target=\"_blank\" rel=\"noopener\">nouveau cycle d\u2019expositions<\/a> d\u00e9marre dans les mus\u00e9es rouennais ce weekend. Son nom : \u00ab\u00a0Le dessin \u00e0 l\u2019\u0153uvre\u00a0\u00bb. Comme son l\u2019indique, il met en avant le dessin de plusieurs mani\u00e8re, <strong>dans cinq expositions toutes gratuites<\/strong>. Trois sont \u00e0 d\u00e9couvrir au Mus\u00e9e des beaux-arts : \u00ab\u00a0Lumi\u00e8re sur la donation Henri et Suzanne Baderou\u00a0\u00bb pr\u00e9sente les tr\u00e9sors d\u2019un couple de passionn\u00e9s qui a l\u00e9gu\u00e9 sa collection \u00e0 Rouen il y a 50 ans ; \u00ab\u00a0Jamais trop rococo !\u00a0\u00bb met en avant des <strong>richesses m\u00e9connues sorties des r\u00e9serves des mus\u00e9es rouennais<\/strong>, repr\u00e9sentant cette p\u00e9riode \u00e9tonnante de l\u2019histoire de l\u2019art, au milieu du XVIIIe si\u00e8cle ; \u00ab\u00a0Olivier Kosta-Th\u00e9faine, les cendres ont fleuri en joie et en beaut\u00e9\u00a0\u00bb pr\u00e9sente le travail d\u2019une figure singuli\u00e8re de la sc\u00e8ne contemporaine.\u00a0<\/p>\n<p class=\" wall-content\">Au Mus\u00e9e <a href=\"https:\/\/actu.fr\/normandie\/rouen_76540\/rouen-flaubert-aurait-eu-200-ans-quels-sont-les-lieux-emblematiques-qui-lui-sont-rattaches_47121498.html\" target=\"_blank\" rel=\"noopener\">Flaubert<\/a> et d\u2019histoire de la m\u00e9decine, il y \u00e9galement \u00ab\u00a0Dessiner Flaubert : Rochegrosse\u00a0\u00bb et au Mus\u00e9e de la corderie Valois (\u00e0 Notre-Dame-de-Bondeville), il y a l\u2019exposition \u00ab\u00a0Du dessin au tissu\u00a0\u00bb .\u00a0<\/p>\n<p>Vid\u00e9os : en ce moment sur ActuSe balader \u00e0 v\u00e9lo du centre-ville aux Hauts de Rouen<\/p>\n<p class=\" wall-content\">Destination les Hauts de Rouen \u00e0 v\u00e9lo, et \u00ab\u2009sans peine\u2009\u00bb, nous est-il promis. Dans cet esprit, la Ville<strong> a balis\u00e9 un parcours allant du centre-ville aux Hauts de Rouen<\/strong>, via une s\u00e9rie de panneaux directionnels. \u00ab\u2009Sans peine\u2009\u00bb\u2009? Il est vrai qu\u2019en passant par la route de Neufch\u00e2tel ou par la c\u00f4te du Monumental (avenue Georges-M\u00e9tayer), la pente est raide. Alors pour rejoindre les quartiers du Ch\u00e2telet, Grand\u2019Mare, Lombardie ou des Sapins, un parcours alternatif (et m\u00e9connu) d\u2019environ une demi-heure est propos\u00e9.<a href=\"https:\/\/actu.fr\/normandie\/rouen_76540\/j-ai-teste-pour-vous-le-parcours-velo-entre-le-centre-ville-et-les-hauts-de-rouen_63523804.html\" target=\"_blank\" rel=\"noopener\"> On l\u2019a test\u00e9 pour vous<\/a>.<\/p>\n<p>Se mettre \u00e0 l\u2019\u00e9quitation (ou s\u2019habiller comme un cavalier)<\/p>\n<p class=\" wall-content\">Apr\u00e8s La Baule, Noirmoutier, Boulogne Billancourt, le Mans\u2026 Une nouvelle boutique Harcour s\u2019est install\u00e9e \u00e0 Rouen le 21 novembre dernier ! <a href=\"https:\/\/actu.fr\/normandie\/rouen_76540\/a-rouen-les-passionnes-d-equitation-ont-desormais-leur-boutique-d-equipement_63468746.html\" target=\"_blank\" rel=\"noopener\">Marque sp\u00e9cialis\u00e9e dans les v\u00eatements d\u2019\u00e9quitation<\/a> et tapis de selle pour chevaux, elle a d\u00e9j\u00e0 attir\u00e9 de nombreux Rouennais le week-end de Black friday. La nouvelle boutique propose une large gamme de v\u00eatements sportswear, aussi bien pour les cavaliers que pour les autres.\u00a0<\/p>\n<p>Votre r\u00e9gion, votre actu !<\/p>\n<p>Recevez chaque jour les infos qui comptent pour vous.<\/p>\n<p>\t<a href=\"https:\/\/actu.fr\/newsletter\" class=\"ac-btn ac-btn--corner ac-btn--medium ac-btn--blue800\" target=\"_blank\" rel=\"noopener\">S&rsquo;incrire<\/a><br \/>\nSuivez l\u2019actualit\u00e9 de Rouen sur notre <a href=\"https:\/\/www.whatsapp.com\/channel\/0029VaKfnf99hXF2ddApFB1D\" target=\"_blank\" rel=\"noopener\">cha\u00eene WhatsApp<\/a> et sur notre <a href=\"https:\/\/www.tiktok.com\/@76actu.fr?lang=fr\" target=\"_blank\" rel=\"noopener\">compte TikTok<\/a><\/p>\n<p class=\" wall-content\">Personnalisez votre actualit\u00e9 en ajoutant vos villes et m\u00e9dias en favori avec <a href=\"https:\/\/moncompte.actu.fr\" title=\"D\u00e9couvez Mon Actu\" rel=\"nofollow noopener\" data-trk=\"{&quot;cta&quot;:{&quot;action&quot;:&quot;https:\\\/\\\/moncompte.actu.fr&quot;,&quot;category&quot;:&quot;mon compte&quot;,&quot;from&quot;:&quot;article footer&quot;,&quot;name&quot;:&quot;Mon actu&quot;,&quot;type&quot;:&quot;cta&quot;}}\" target=\"_blank\">Mon Actu<\/a>.<\/p>\n<p>                    <script async src=\"\/\/www.tiktok.com\/embed.js\"><\/script><\/p>\n","protected":false},"excerpt":{"rendered":"Par Fabien Massin Publi\u00e9 le 5 d\u00e9c. 2025 \u00e0 10h02 Vous \u00eates \u00e0 Rouen (Seine-Maritime) en ce premier&hellip;\n","protected":false},"author":2,"featured_media":579600,"comment_status":"","ping_status":"","sticky":false,"template":"","format":"standard","meta":{"footnotes":""},"categories":[9587],"tags":[1111,11,1477,1777,674,1011,27,1652,12,15830,5161,25,9590,208],"class_list":{"0":"post-579599","1":"post","2":"type-post","3":"status-publish","4":"format-standard","5":"has-post-thumbnail","7":"category-rouen","8":"tag-actu","9":"tag-actualites","10":"tag-artisanat","11":"tag-eu","12":"tag-europe","13":"tag-fr","14":"tag-france","15":"tag-loisirs-culture","16":"tag-news","17":"tag-noel","18":"tag-normandie","19":"tag-republique-francaise","20":"tag-rouen","21":"tag-velo"},"share_on_mastodon":{"url":"https:\/\/pubeurope.com\/@fr\/115666397856524369","error":""},"_links":{"self":[{"href":"https:\/\/www.europesays.com\/fr\/wp-json\/wp\/v2\/posts\/579599","targetHints":{"allow":["GET"]}}],"collection":[{"href":"https:\/\/www.europesays.com\/fr\/wp-json\/wp\/v2\/posts"}],"about":[{"href":"https:\/\/www.europesays.com\/fr\/wp-json\/wp\/v2\/types\/post"}],"author":[{"embeddable":true,"href":"https:\/\/www.europesays.com\/fr\/wp-json\/wp\/v2\/users\/2"}],"replies":[{"embeddable":true,"href":"https:\/\/www.europesays.com\/fr\/wp-json\/wp\/v2\/comments?post=579599"}],"version-history":[{"count":0,"href":"https:\/\/www.europesays.com\/fr\/wp-json\/wp\/v2\/posts\/579599\/revisions"}],"wp:featuredmedia":[{"embeddable":true,"href":"https:\/\/www.europesays.com\/fr\/wp-json\/wp\/v2\/media\/579600"}],"wp:attachment":[{"href":"https:\/\/www.europesays.com\/fr\/wp-json\/wp\/v2\/media?parent=579599"}],"wp:term":[{"taxonomy":"category","embeddable":true,"href":"https:\/\/www.europesays.com\/fr\/wp-json\/wp\/v2\/categories?post=579599"},{"taxonomy":"post_tag","embeddable":true,"href":"https:\/\/www.europesays.com\/fr\/wp-json\/wp\/v2\/tags?post=579599"}],"curies":[{"name":"wp","href":"https:\/\/api.w.org\/{rel}","templated":true}]}}